{"id":78909,"date":"2021-05-30T00:01:50","date_gmt":"2021-05-30T03:01:50","guid":{"rendered":"http:\/\/infoecos.com.ar\/?p=78909"},"modified":"2021-05-30T00:02:24","modified_gmt":"2021-05-30T03:02:24","slug":"78909","status":"publish","type":"post","link":"https:\/\/infoecos.com.ar\/index.php\/78909\/","title":{"rendered":"Otras 416 personas murieron y 29.841 fueron reportadas con coronavirus en las \u00faltimas 24 horas en la Argentina"},"content":{"rendered":"\n<p class=\"wp-block-paragraph\">Otras 416 personas murieron y 29.841 fueron reportadas con coronavirus en las \u00faltimas 24 horas en la Argentina, mientras el Gobierno nacional avanza en acuerdos con distintos laboratorios para que el mes de junio se convierta en una bisagra y se d\u00e9 un salto cuantitativo en el plan de vacunaci\u00f3n que se viene llevando adelante.<strong>\u00a0<\/strong><\/p>\n\n\n\n<div class=\"wp-block-image\"><figure class=\"aligncenter size-large\"><img loading=\"lazy\" decoding=\"async\" width=\"494\" height=\"920\" src=\"http:\/\/infoecos.com.ar\/wp-content\/uploads\/2021\/05\/reportenacion-494x920.jpg\" alt=\"\" class=\"wp-image-78910\" srcset=\"https:\/\/infoecos.com.ar\/wp-content\/uploads\/2021\/05\/reportenacion-494x920.jpg 494w, https:\/\/infoecos.com.ar\/wp-content\/uploads\/2021\/05\/reportenacion-247x460.jpg 247w, https:\/\/infoecos.com.ar\/wp-content\/uploads\/2021\/05\/reportenacion-768x1431.jpg 768w, https:\/\/infoecos.com.ar\/wp-content\/uploads\/2021\/05\/reportenacion-824x1536.jpg 824w, https:\/\/infoecos.com.ar\/wp-content\/uploads\/2021\/05\/reportenacion.jpg 1004w\" sizes=\"auto, (max-width: 494px) 100vw, 494px\" \/><\/figure><\/div>\n\n\n\n<p class=\"wp-block-paragraph\"><strong>El reporte de este s\u00e1bado<\/strong><\/p>\n\n\n\n<p class=\"wp-block-paragraph\">Seg\u00fan las cifras oficiales informadas este s\u00e1bado,\u00a0<strong>el total de fallecidos desde el inicio de la pandemia se elev\u00f3 a 77.108, en tanto que los infectados llegaron a 3.732.263<\/strong>, de los cuales 3.288.467 recibi\u00f3 el alta y 366.688 son casos confirmados activos.<\/p>\n\n\n\n<p class=\"wp-block-paragraph\">El Ministerio de Salud indic\u00f3 que hab\u00eda<strong>&nbsp;6.909 internados en unidades de terapia intensiva, con un porcentaje de ocupaci\u00f3n de camas de adultos de 76,9% en el pa\u00eds y del 77% en el \u00c1rea Metropolitana Buenos Aires<\/strong>, que comprende a la ciudad aut\u00f3noma y varios municipios del conurbano.<\/p>\n\n\n\n<p class=\"wp-block-paragraph\">Este s\u00e1bado se registraron en la provincia de Buenos Aires 10.962 casos; en la Ciudad de Buenos Aires, 2.265; en Catamarca, 298; en Chaco, 700; en Chubut, 313; en Corrientes, 749; en C\u00f3rdoba, 3.393; en Entre R\u00edos, 1.145; en Formosa, 1.021; en Jujuy, 165; en La Pampa, 305; en La Rioja, 223; en Mendoza, 660; en Misiones, 199; en Neuqu\u00e9n, 628; en R\u00edo Negro, 463; en Salta, 508; en San Juan, 462; en San Luis, 581; en Santa Cruz, 188; en Santa Fe, 3.197; en Santiago del Estero, 662; Tierra del Fuego, 40 y en Tucum\u00e1n, 714.<\/p>\n","protected":false},"excerpt":{"rendered":"<p>Seg\u00fan las cifras oficiales informadas este s\u00e1bado, el total de fallecidos desde el inicio de la pandemia se elev\u00f3 a 77.108, en tanto que los infectados llegaron a 3.732.263<\/p>\n","protected":false},"author":2,"featured_media":65568,"comment_status":"closed","ping_status":"open","sticky":false,"template":"","format":"standard","meta":{"footnotes":""},"categories":[25],"tags":[1785],"class_list":["post-78909","post","type-post","status-publish","format-standard","has-post-thumbnail","hentry","category-c3nota1","tag-coronavirus"],"featured_image_urls":{"full":["https:\/\/infoecos.com.ar\/wp-content\/uploads\/5f29e3ce67177.jpg",900,507,false],"thumbnail":["https:\/\/infoecos.com.ar\/wp-content\/uploads\/5f29e3ce67177-150x150.jpg",150,150,true],"medium":["https:\/\/infoecos.com.ar\/wp-content\/uploads\/5f29e3ce67177-460x259.jpg",460,259,true],"medium_large":["https:\/\/infoecos.com.ar\/wp-content\/uploads\/5f29e3ce67177-768x433.jpg",640,361,true],"large":["https:\/\/infoecos.com.ar\/wp-content\/uploads\/5f29e3ce67177.jpg",640,361,false],"1536x1536":["https:\/\/infoecos.com.ar\/wp-content\/uploads\/5f29e3ce67177.jpg",900,507,false],"2048x2048":["https:\/\/infoecos.com.ar\/wp-content\/uploads\/5f29e3ce67177.jpg",900,507,false],"covernews-slider-full":["https:\/\/infoecos.com.ar\/wp-content\/uploads\/5f29e3ce67177.jpg",900,507,false],"covernews-slider-center":["https:\/\/infoecos.com.ar\/wp-content\/uploads\/5f29e3ce67177.jpg",800,451,false],"covernews-featured":["https:\/\/infoecos.com.ar\/wp-content\/uploads\/5f29e3ce67177.jpg",900,507,false],"covernews-medium":["https:\/\/infoecos.com.ar\/wp-content\/uploads\/5f29e3ce67177-720x380.jpg",540,285,true],"covernews-medium-square":["https:\/\/infoecos.com.ar\/wp-content\/uploads\/5f29e3ce67177-675x450.jpg",375,250,true]},"author_info":{"info":["Jorge Matheus"]},"category_info":"<a href=\"https:\/\/infoecos.com.ar\/index.php\/category\/c3nota1\/\" rel=\"category tag\">C3 N1<\/a>","tag_info":"C3 N1","comment_count":"0","_links":{"self":[{"href":"https:\/\/infoecos.com.ar\/index.php\/wp-json\/wp\/v2\/posts\/78909","targetHints":{"allow":["GET"]}}],"collection":[{"href":"https:\/\/infoecos.com.ar\/index.php\/wp-json\/wp\/v2\/posts"}],"about":[{"href":"https:\/\/infoecos.com.ar\/index.php\/wp-json\/wp\/v2\/types\/post"}],"author":[{"embeddable":true,"href":"https:\/\/infoecos.com.ar\/index.php\/wp-json\/wp\/v2\/users\/2"}],"replies":[{"embeddable":true,"href":"https:\/\/infoecos.com.ar\/index.php\/wp-json\/wp\/v2\/comments?post=78909"}],"version-history":[{"count":2,"href":"https:\/\/infoecos.com.ar\/index.php\/wp-json\/wp\/v2\/posts\/78909\/revisions"}],"predecessor-version":[{"id":78912,"href":"https:\/\/infoecos.com.ar\/index.php\/wp-json\/wp\/v2\/posts\/78909\/revisions\/78912"}],"wp:featuredmedia":[{"embeddable":true,"href":"https:\/\/infoecos.com.ar\/index.php\/wp-json\/wp\/v2\/media\/65568"}],"wp:attachment":[{"href":"https:\/\/infoecos.com.ar\/index.php\/wp-json\/wp\/v2\/media?parent=78909"}],"wp:term":[{"taxonomy":"category","embeddable":true,"href":"https:\/\/infoecos.com.ar\/index.php\/wp-json\/wp\/v2\/categories?post=78909"},{"taxonomy":"post_tag","embeddable":true,"href":"https:\/\/infoecos.com.ar\/index.php\/wp-json\/wp\/v2\/tags?post=78909"}],"curies":[{"name":"wp","href":"https:\/\/api.w.org\/{rel}","templated":true}]}}