{"id":78919,"date":"2021-05-30T00:36:29","date_gmt":"2021-05-30T03:36:29","guid":{"rendered":"http:\/\/infoecos.com.ar\/?p=78919"},"modified":"2021-06-02T01:38:18","modified_gmt":"2021-06-02T04:38:18","slug":"el-covid-19-no-lo-perdono-al-secretario-de-salud-de-trenque-lauquen-esta-contagiado","status":"publish","type":"post","link":"https:\/\/infoecos.com.ar\/index.php\/el-covid-19-no-lo-perdono-al-secretario-de-salud-de-trenque-lauquen-esta-contagiado\/","title":{"rendered":"El Covid-19 no lo \u00abperdon\u00f3\u00bb al secretario de Salud de Trenque Lauquen: est\u00e1 contagiado"},"content":{"rendered":"\n<p class=\"wp-block-paragraph\">Una de las noticias m\u00e1s comentadas al comienzo del fin de semana en el distrito de Trenque Lauquen fue la relacionada con el secretario de Salud del municipio, doctor Sergio Valente.<\/p>\n\n\n\n<p class=\"wp-block-paragraph\">El profesional dio positivo al hisopado por el coronavirus. Se encuentra en buenas condiciones, pero aislado en su domicilio particular.<\/p>\n\n\n\n<p class=\"wp-block-paragraph\">La informaci\u00f3n llegada a Infoecos consign\u00f3 que ya hab\u00eda recibido las dos dosis de la vacuna. <\/p>\n\n\n\n<div class=\"wp-block-image\"><figure class=\"aligncenter size-medium\"><img loading=\"lazy\" decoding=\"async\" width=\"460\" height=\"307\" src=\"http:\/\/infoecos.com.ar\/wp-content\/uploads\/Informe-Dr.-Valente-460x307.jpg\" alt=\"\" class=\"wp-image-61038\" srcset=\"https:\/\/infoecos.com.ar\/wp-content\/uploads\/Informe-Dr.-Valente-460x307.jpg 460w, https:\/\/infoecos.com.ar\/wp-content\/uploads\/Informe-Dr.-Valente-920x614.jpg 920w, https:\/\/infoecos.com.ar\/wp-content\/uploads\/Informe-Dr.-Valente-768x512.jpg 768w, https:\/\/infoecos.com.ar\/wp-content\/uploads\/Informe-Dr.-Valente-675x450.jpg 675w, https:\/\/infoecos.com.ar\/wp-content\/uploads\/Informe-Dr.-Valente.jpg 985w\" sizes=\"auto, (max-width: 460px) 100vw, 460px\" \/><\/figure><\/div>\n","protected":false},"excerpt":{"rendered":"<p>Se encuentra en buenas condiciones, pero aislado en su domicilio particular<\/p>\n","protected":false},"author":2,"featured_media":61038,"comment_status":"closed","ping_status":"open","sticky":false,"template":"","format":"standard","meta":{"footnotes":""},"categories":[1331],"tags":[1785],"class_list":["post-78919","post","type-post","status-publish","format-standard","has-post-thumbnail","hentry","category-inferior11","tag-coronavirus"],"featured_image_urls":{"full":["https:\/\/infoecos.com.ar\/wp-content\/uploads\/Informe-Dr.-Valente.jpg",985,657,false],"thumbnail":["https:\/\/infoecos.com.ar\/wp-content\/uploads\/Informe-Dr.-Valente-150x150.jpg",150,150,true],"medium":["https:\/\/infoecos.com.ar\/wp-content\/uploads\/Informe-Dr.-Valente-460x307.jpg",460,307,true],"medium_large":["https:\/\/infoecos.com.ar\/wp-content\/uploads\/Informe-Dr.-Valente-768x512.jpg",640,427,true],"large":["https:\/\/infoecos.com.ar\/wp-content\/uploads\/Informe-Dr.-Valente-920x614.jpg",640,427,true],"1536x1536":["https:\/\/infoecos.com.ar\/wp-content\/uploads\/Informe-Dr.-Valente.jpg",985,657,false],"2048x2048":["https:\/\/infoecos.com.ar\/wp-content\/uploads\/Informe-Dr.-Valente.jpg",985,657,false],"covernews-slider-full":["https:\/\/infoecos.com.ar\/wp-content\/uploads\/Informe-Dr.-Valente.jpg",985,657,false],"covernews-slider-center":["https:\/\/infoecos.com.ar\/wp-content\/uploads\/Informe-Dr.-Valente-936x657.jpg",712,500,true],"covernews-featured":["https:\/\/infoecos.com.ar\/wp-content\/uploads\/Informe-Dr.-Valente.jpg",985,657,false],"covernews-medium":["https:\/\/infoecos.com.ar\/wp-content\/uploads\/Informe-Dr.-Valente-720x380.jpg",540,285,true],"covernews-medium-square":["https:\/\/infoecos.com.ar\/wp-content\/uploads\/Informe-Dr.-Valente-675x450.jpg",375,250,true]},"author_info":{"info":["Jorge Matheus"]},"category_info":"<a href=\"https:\/\/infoecos.com.ar\/index.php\/category\/inferior11\/\" rel=\"category tag\">Bloque inferior - 11<\/a>","tag_info":"Bloque inferior - 11","comment_count":"0","_links":{"self":[{"href":"https:\/\/infoecos.com.ar\/index.php\/wp-json\/wp\/v2\/posts\/78919","targetHints":{"allow":["GET"]}}],"collection":[{"href":"https:\/\/infoecos.com.ar\/index.php\/wp-json\/wp\/v2\/posts"}],"about":[{"href":"https:\/\/infoecos.com.ar\/index.php\/wp-json\/wp\/v2\/types\/post"}],"author":[{"embeddable":true,"href":"https:\/\/infoecos.com.ar\/index.php\/wp-json\/wp\/v2\/users\/2"}],"replies":[{"embeddable":true,"href":"https:\/\/infoecos.com.ar\/index.php\/wp-json\/wp\/v2\/comments?post=78919"}],"version-history":[{"count":1,"href":"https:\/\/infoecos.com.ar\/index.php\/wp-json\/wp\/v2\/posts\/78919\/revisions"}],"predecessor-version":[{"id":78920,"href":"https:\/\/infoecos.com.ar\/index.php\/wp-json\/wp\/v2\/posts\/78919\/revisions\/78920"}],"wp:featuredmedia":[{"embeddable":true,"href":"https:\/\/infoecos.com.ar\/index.php\/wp-json\/wp\/v2\/media\/61038"}],"wp:attachment":[{"href":"https:\/\/infoecos.com.ar\/index.php\/wp-json\/wp\/v2\/media?parent=78919"}],"wp:term":[{"taxonomy":"category","embeddable":true,"href":"https:\/\/infoecos.com.ar\/index.php\/wp-json\/wp\/v2\/categories?post=78919"},{"taxonomy":"post_tag","embeddable":true,"href":"https:\/\/infoecos.com.ar\/index.php\/wp-json\/wp\/v2\/tags?post=78919"}],"curies":[{"name":"wp","href":"https:\/\/api.w.org\/{rel}","templated":true}]}}