{"id":78923,"date":"2021-05-30T00:58:37","date_gmt":"2021-05-30T03:58:37","guid":{"rendered":"http:\/\/infoecos.com.ar\/?p=78923"},"modified":"2021-05-30T00:58:39","modified_gmt":"2021-05-30T03:58:39","slug":"diputados-comienza-el-tratamiento-del-proyecto-emergencia-covid-que-aprobo-senadores","status":"publish","type":"post","link":"https:\/\/infoecos.com.ar\/index.php\/diputados-comienza-el-tratamiento-del-proyecto-emergencia-covid-que-aprobo-senadores\/","title":{"rendered":"Diputados comienza el tratamiento del proyecto \u00abEmergencia Covid\u00bb que aprob\u00f3 Senadores"},"content":{"rendered":"\n<p class=\"wp-block-paragraph\">La C\u00e1mara de Diputados de la Naci\u00f3n comenzar\u00e1 la semana pr\u00f3xima a analizar en comisi\u00f3n el proyecto de \u00abEmergencia Covid\u00bb enviado por el Gobierno nacional que establece un marco normativo sobre par\u00e1metros de riesgo epidemiol\u00f3gico y sanitario para mitigar el impacto de la segunda ola de coronavirus, que contempla medidas sanitarias generales que se aplicar\u00e1n en todo el pa\u00eds hasta fin de este a\u00f1o.<\/p>\n\n\n\n<div class=\"wp-block-image\"><figure class=\"aligncenter size-medium\"><img loading=\"lazy\" decoding=\"async\" width=\"460\" height=\"259\" src=\"http:\/\/infoecos.com.ar\/wp-content\/uploads\/2020\/12\/camaradediputadosnacion-460x259.jpg\" alt=\"\" class=\"wp-image-70830\" srcset=\"https:\/\/infoecos.com.ar\/wp-content\/uploads\/2020\/12\/camaradediputadosnacion-460x259.jpg 460w, https:\/\/infoecos.com.ar\/wp-content\/uploads\/2020\/12\/camaradediputadosnacion-920x518.jpg 920w, https:\/\/infoecos.com.ar\/wp-content\/uploads\/2020\/12\/camaradediputadosnacion-768x432.jpg 768w, https:\/\/infoecos.com.ar\/wp-content\/uploads\/2020\/12\/camaradediputadosnacion.jpg 1004w\" sizes=\"auto, (max-width: 460px) 100vw, 460px\" \/><\/figure><\/div>\n\n\n\n<p class=\"wp-block-paragraph\">Fuentes parlamentarias confirmaron a T\u00e9lam que la iniciativa, que ya cuenta con sanci\u00f3n del Senado, comenzar\u00e1 a tratarse la semana pr\u00f3xima en un plenario de las comisiones de Asuntos Constitucionales, que preside Hern\u00e1n P\u00e9rez Araujo (Frente de Todos-La Pampa) y Salud de la c\u00e1mara baja, a cargo de Pablo Yedlin (Frente de Todos-Tucum\u00e1n).<\/p>\n\n\n\n<p class=\"wp-block-paragraph\">Las fuentes adelantaron que&nbsp;<strong>el plenario de comisiones se realizar\u00eda entre el martes y el jueves de la semana pr\u00f3xima.<\/strong><\/p>\n\n\n\n<p class=\"wp-block-paragraph\">De acuerdo con el cronograma dise\u00f1ado por las autoridades de ambas comisiones, la intenci\u00f3n del bloque oficialista presidido por M\u00e1ximo Kirchner es realizar una reuni\u00f3n informativa con la presencia de funcionarios nacionales y un segundo encuentro para emitir dictamen.<\/p>\n","protected":false},"excerpt":{"rendered":"<p>Las fuentes adelantaron que el plenario de comisiones se realizar\u00eda entre el martes y el jueves de la semana pr\u00f3xima<\/p>\n","protected":false},"author":2,"featured_media":70830,"comment_status":"closed","ping_status":"open","sticky":false,"template":"","format":"standard","meta":{"footnotes":""},"categories":[49],"tags":[1785],"class_list":["post-78923","post","type-post","status-publish","format-standard","has-post-thumbnail","hentry","category-c3nota3","tag-coronavirus"],"featured_image_urls":{"full":["https:\/\/infoecos.com.ar\/wp-content\/uploads\/2020\/12\/camaradediputadosnacion.jpg",1004,565,false],"thumbnail":["https:\/\/infoecos.com.ar\/wp-content\/uploads\/2020\/12\/camaradediputadosnacion-150x150.jpg",150,150,true],"medium":["https:\/\/infoecos.com.ar\/wp-content\/uploads\/2020\/12\/camaradediputadosnacion-460x259.jpg",460,259,true],"medium_large":["https:\/\/infoecos.com.ar\/wp-content\/uploads\/2020\/12\/camaradediputadosnacion-768x432.jpg",640,360,true],"large":["https:\/\/infoecos.com.ar\/wp-content\/uploads\/2020\/12\/camaradediputadosnacion-920x518.jpg",640,360,true],"1536x1536":["https:\/\/infoecos.com.ar\/wp-content\/uploads\/2020\/12\/camaradediputadosnacion.jpg",1004,565,false],"2048x2048":["https:\/\/infoecos.com.ar\/wp-content\/uploads\/2020\/12\/camaradediputadosnacion.jpg",1004,565,false],"covernews-slider-full":["https:\/\/infoecos.com.ar\/wp-content\/uploads\/2020\/12\/camaradediputadosnacion.jpg",1004,565,false],"covernews-slider-center":["https:\/\/infoecos.com.ar\/wp-content\/uploads\/2020\/12\/camaradediputadosnacion-936x565.jpg",800,483,true],"covernews-featured":["https:\/\/infoecos.com.ar\/wp-content\/uploads\/2020\/12\/camaradediputadosnacion.jpg",1004,565,false],"covernews-medium":["https:\/\/infoecos.com.ar\/wp-content\/uploads\/2020\/12\/camaradediputadosnacion-720x380.jpg",540,285,true],"covernews-medium-square":["https:\/\/infoecos.com.ar\/wp-content\/uploads\/2020\/12\/camaradediputadosnacion-675x450.jpg",375,250,true]},"author_info":{"info":["Jorge Matheus"]},"category_info":"<a href=\"https:\/\/infoecos.com.ar\/index.php\/category\/c3nota3\/\" rel=\"category tag\">C3 N3<\/a>","tag_info":"C3 N3","comment_count":"0","_links":{"self":[{"href":"https:\/\/infoecos.com.ar\/index.php\/wp-json\/wp\/v2\/posts\/78923","targetHints":{"allow":["GET"]}}],"collection":[{"href":"https:\/\/infoecos.com.ar\/index.php\/wp-json\/wp\/v2\/posts"}],"about":[{"href":"https:\/\/infoecos.com.ar\/index.php\/wp-json\/wp\/v2\/types\/post"}],"author":[{"embeddable":true,"href":"https:\/\/infoecos.com.ar\/index.php\/wp-json\/wp\/v2\/users\/2"}],"replies":[{"embeddable":true,"href":"https:\/\/infoecos.com.ar\/index.php\/wp-json\/wp\/v2\/comments?post=78923"}],"version-history":[{"count":1,"href":"https:\/\/infoecos.com.ar\/index.php\/wp-json\/wp\/v2\/posts\/78923\/revisions"}],"predecessor-version":[{"id":78924,"href":"https:\/\/infoecos.com.ar\/index.php\/wp-json\/wp\/v2\/posts\/78923\/revisions\/78924"}],"wp:featuredmedia":[{"embeddable":true,"href":"https:\/\/infoecos.com.ar\/index.php\/wp-json\/wp\/v2\/media\/70830"}],"wp:attachment":[{"href":"https:\/\/infoecos.com.ar\/index.php\/wp-json\/wp\/v2\/media?parent=78923"}],"wp:term":[{"taxonomy":"category","embeddable":true,"href":"https:\/\/infoecos.com.ar\/index.php\/wp-json\/wp\/v2\/categories?post=78923"},{"taxonomy":"post_tag","embeddable":true,"href":"https:\/\/infoecos.com.ar\/index.php\/wp-json\/wp\/v2\/tags?post=78923"}],"curies":[{"name":"wp","href":"https:\/\/api.w.org\/{rel}","templated":true}]}}