{"id":78935,"date":"2021-05-31T00:31:21","date_gmt":"2021-05-31T03:31:21","guid":{"rendered":"http:\/\/infoecos.com.ar\/?p=78935"},"modified":"2021-05-31T00:31:33","modified_gmt":"2021-05-31T03:31:33","slug":"sensible-baja-de-casos-activos-se-registro-el-domingo-en-el-distrito-de-trenque-lauquen","status":"publish","type":"post","link":"https:\/\/infoecos.com.ar\/index.php\/sensible-baja-de-casos-activos-se-registro-el-domingo-en-el-distrito-de-trenque-lauquen\/","title":{"rendered":"Sensible baja de casos activos se registr\u00f3 el domingo en el distrito de Trenque Lauquen"},"content":{"rendered":"\n<p class=\"wp-block-paragraph\">La subsecretar\u00eda de Salud municipal inform\u00f3 este domingo que hay 642 casos activos de Covid-19 en el distrito luego de confirmarse 42 nuevos casos, recuperarse 122 personas y descartarse 67 casos en las \u00faltimas 24 horas. Tambi\u00e9n report\u00f3 la derivaci\u00f3n de dos (2) hombres a la ciudad de Jun\u00edn, quedando 35 casos sospechosos y 596 personas en aislamiento.<\/p>\n\n\n\n<div class=\"wp-block-image\"><figure class=\"aligncenter size-medium\"><img loading=\"lazy\" decoding=\"async\" width=\"460\" height=\"423\" src=\"http:\/\/infoecos.com.ar\/wp-content\/uploads\/2021\/05\/reportedomingo-2-460x423.jpg\" alt=\"\" class=\"wp-image-78936\" srcset=\"https:\/\/infoecos.com.ar\/wp-content\/uploads\/2021\/05\/reportedomingo-2-460x423.jpg 460w, https:\/\/infoecos.com.ar\/wp-content\/uploads\/2021\/05\/reportedomingo-2-768x706.jpg 768w, https:\/\/infoecos.com.ar\/wp-content\/uploads\/2021\/05\/reportedomingo-2.jpg 800w\" sizes=\"auto, (max-width: 460px) 100vw, 460px\" \/><\/figure><\/div>\n\n\n\n<p class=\"wp-block-paragraph\">De los 42 nuevos casos positivos -14 detectados por hisopado y 28 por criterio o nexo epidemiol\u00f3gico seg\u00fan protocolo actualizado vigente-, 39 son de Trenque Lauquen, dos (2) de Treinta de Agosto y uno (1) de Beruti, mientras que entre los 596 casos activos, 540 corresponden a la ciudad cabecera, 40 a Treinta de Agosto, 21 a Beruti y uno (1) a Primera Junta: 52 se encuentran internados en el Hospital Municipal, seis (6) en el Centro Extrahospitalario que funciona en el ex Hotel Pailla Hu\u00e9 y 584 en sus domicilios particulares.<\/p>\n\n\n\n<p class=\"wp-block-paragraph\">Ya son 5.618 las personas recuperadas entre marzo del a\u00f1o pasado, cuando comenz\u00f3 la pandemia, y ayer, incluidos las 122 que recibieron el alta en la fecha: 111 de Trenque Lauquen, seis (6) de Treinta de Agosto y cinco (5) de Beruti.<\/p>\n\n\n\n<p class=\"wp-block-paragraph\">En ese mismo lapso, fueron descartados 11.101 casos, sumando los 67 registrados en las \u00faltimas 24 horas, 63 de la ciudad cabecera, tres (3) de Treinta de Agosto y uno (1) de Beruti,<\/p>\n\n\n\n<p class=\"wp-block-paragraph\">Hay 35 casos sospechosos -25 de Trenque Lauquen, ocho (8) de Treinta de Agosto y dos (2) de Beruti- y 596 personas en aislamiento -540 de Trenque Lauquen, 40 de Treinta de Agosto y 16 de Beruti-.<\/p>\n","protected":false},"excerpt":{"rendered":"<p>De los 42 nuevos casos positivos -14 detectados por hisopado y 28 por criterio o nexo epidemiol\u00f3gico seg\u00fan protocolo actualizado vigente-, 39 son de Trenque Lauquen, dos (2) de Treinta de Agosto y uno (1) de Beruti, mientras que entre los 596 casos activos, 540 corresponden a la ciudad cabecera, 40 a Treinta de Agosto, 21 a Beruti y uno (1) a Primera Junta: 52 se encuentran internados en el Hospital Municipal, seis (6) en el Centro Extrahospitalario que funciona en el ex Hotel Pailla Hu\u00e9 y 584 en sus domicilios particulares<\/p>\n","protected":false},"author":2,"featured_media":48520,"comment_status":"closed","ping_status":"open","sticky":false,"template":"","format":"standard","meta":{"footnotes":""},"categories":[1613],"tags":[1785],"class_list":["post-78935","post","type-post","status-publish","format-standard","has-post-thumbnail","hentry","category-noticia-secundaria","tag-coronavirus"],"featured_image_urls":{"full":"","thumbnail":"","medium":"","medium_large":"","large":"","1536x1536":"","2048x2048":"","covernews-slider-full":"","covernews-slider-center":"","covernews-featured":"","covernews-medium":"","covernews-medium-square":""},"author_info":{"info":["Jorge Matheus"]},"category_info":"<a href=\"https:\/\/infoecos.com.ar\/index.php\/category\/noticia-secundaria\/\" rel=\"category tag\">Noticia Secundaria<\/a>","tag_info":"Noticia Secundaria","comment_count":"0","_links":{"self":[{"href":"https:\/\/infoecos.com.ar\/index.php\/wp-json\/wp\/v2\/posts\/78935","targetHints":{"allow":["GET"]}}],"collection":[{"href":"https:\/\/infoecos.com.ar\/index.php\/wp-json\/wp\/v2\/posts"}],"about":[{"href":"https:\/\/infoecos.com.ar\/index.php\/wp-json\/wp\/v2\/types\/post"}],"author":[{"embeddable":true,"href":"https:\/\/infoecos.com.ar\/index.php\/wp-json\/wp\/v2\/users\/2"}],"replies":[{"embeddable":true,"href":"https:\/\/infoecos.com.ar\/index.php\/wp-json\/wp\/v2\/comments?post=78935"}],"version-history":[{"count":1,"href":"https:\/\/infoecos.com.ar\/index.php\/wp-json\/wp\/v2\/posts\/78935\/revisions"}],"predecessor-version":[{"id":78937,"href":"https:\/\/infoecos.com.ar\/index.php\/wp-json\/wp\/v2\/posts\/78935\/revisions\/78937"}],"wp:attachment":[{"href":"https:\/\/infoecos.com.ar\/index.php\/wp-json\/wp\/v2\/media?parent=78935"}],"wp:term":[{"taxonomy":"category","embeddable":true,"href":"https:\/\/infoecos.com.ar\/index.php\/wp-json\/wp\/v2\/categories?post=78935"},{"taxonomy":"post_tag","embeddable":true,"href":"https:\/\/infoecos.com.ar\/index.php\/wp-json\/wp\/v2\/tags?post=78935"}],"curies":[{"name":"wp","href":"https:\/\/api.w.org\/{rel}","templated":true}]}}