{"id":78949,"date":"2021-05-31T01:21:13","date_gmt":"2021-05-31T04:21:13","guid":{"rendered":"http:\/\/infoecos.com.ar\/?p=78949"},"modified":"2021-05-31T01:21:18","modified_gmt":"2021-05-31T04:21:18","slug":"se-reportaron-8-contagios-y-el-fallecimiento-de-un-vecino-de-america-este-domingo","status":"publish","type":"post","link":"https:\/\/infoecos.com.ar\/index.php\/se-reportaron-8-contagios-y-el-fallecimiento-de-un-vecino-de-america-este-domingo\/","title":{"rendered":"Se reportaron 8 contagios y el fallecimiento de un vecino de Am\u00e9rica, este domingo"},"content":{"rendered":"\n<p class=\"wp-block-paragraph\">Este domingo se produjo un nuevo fallecimiento en Rivadavia. Se trata de un vecino de Am\u00e9rica de 72 a\u00f1os que se encontraba internado en el Hospital Municipal. \u201cAcompa\u00f1amos a su familia en este doloroso momento\u201d, expresaron desde el Municipio.<\/p>\n\n\n\n<p class=\"wp-block-paragraph\">Las autoridades tambi\u00e9n informaron que el domingo se registraron 8 contagios. Se diagnosticaron 6 por hisopado y 2 por criterio cl\u00ednico epidemiol\u00f3gico. Tambi\u00e9n hubo 15 hisopados negativos.<\/p>\n\n\n\n<p class=\"wp-block-paragraph\">Los casos activos est\u00e1n en 263, ya que 36 vecinos recibieron el alta en las \u00faltimas 24 horas. Los aislados preventivamente son 811.<\/p>\n\n\n\n<div class=\"wp-block-image\"><figure class=\"aligncenter size-medium\"><img loading=\"lazy\" decoding=\"async\" width=\"460\" height=\"460\" src=\"http:\/\/infoecos.com.ar\/wp-content\/uploads\/2021\/05\/reporterivadavia-8-460x460.jpg\" alt=\"\" class=\"wp-image-78950\" srcset=\"https:\/\/infoecos.com.ar\/wp-content\/uploads\/2021\/05\/reporterivadavia-8-460x460.jpg 460w, https:\/\/infoecos.com.ar\/wp-content\/uploads\/2021\/05\/reporterivadavia-8-918x920.jpg 918w, https:\/\/infoecos.com.ar\/wp-content\/uploads\/2021\/05\/reporterivadavia-8-150x150.jpg 150w, https:\/\/infoecos.com.ar\/wp-content\/uploads\/2021\/05\/reporterivadavia-8-768x770.jpg 768w, https:\/\/infoecos.com.ar\/wp-content\/uploads\/2021\/05\/reporterivadavia-8.jpg 958w\" sizes=\"auto, (max-width: 460px) 100vw, 460px\" \/><\/figure><\/div>\n","protected":false},"excerpt":{"rendered":"<p>Los casos activos est\u00e1n en 263, ya que 36 vecinos recibieron el alta en las \u00faltimas 24 horas. Los aislados preventivamente son 811<\/p>\n","protected":false},"author":2,"featured_media":68682,"comment_status":"closed","ping_status":"open","sticky":false,"template":"","format":"standard","meta":{"footnotes":""},"categories":[49],"tags":[1785],"class_list":["post-78949","post","type-post","status-publish","format-standard","has-post-thumbnail","hentry","category-c3nota3","tag-coronavirus"],"featured_image_urls":{"full":["https:\/\/infoecos.com.ar\/wp-content\/uploads\/2020\/09\/america.jpg",1024,683,false],"thumbnail":["https:\/\/infoecos.com.ar\/wp-content\/uploads\/2020\/09\/america-150x150.jpg",150,150,true],"medium":["https:\/\/infoecos.com.ar\/wp-content\/uploads\/2020\/09\/america-460x307.jpg",460,307,true],"medium_large":["https:\/\/infoecos.com.ar\/wp-content\/uploads\/2020\/09\/america-768x512.jpg",640,427,true],"large":["https:\/\/infoecos.com.ar\/wp-content\/uploads\/2020\/09\/america-920x614.jpg",640,427,true],"1536x1536":["https:\/\/infoecos.com.ar\/wp-content\/uploads\/2020\/09\/america.jpg",1024,683,false],"2048x2048":["https:\/\/infoecos.com.ar\/wp-content\/uploads\/2020\/09\/america.jpg",1024,683,false],"covernews-slider-full":["https:\/\/infoecos.com.ar\/wp-content\/uploads\/2020\/09\/america.jpg",1024,683,false],"covernews-slider-center":["https:\/\/infoecos.com.ar\/wp-content\/uploads\/2020\/09\/america-936x683.jpg",685,500,true],"covernews-featured":["https:\/\/infoecos.com.ar\/wp-content\/uploads\/2020\/09\/america.jpg",1024,683,false],"covernews-medium":["https:\/\/infoecos.com.ar\/wp-content\/uploads\/2020\/09\/america-720x380.jpg",540,285,true],"covernews-medium-square":["https:\/\/infoecos.com.ar\/wp-content\/uploads\/2020\/09\/america-675x450.jpg",375,250,true]},"author_info":{"info":["Jorge Matheus"]},"category_info":"<a href=\"https:\/\/infoecos.com.ar\/index.php\/category\/c3nota3\/\" rel=\"category tag\">C3 N3<\/a>","tag_info":"C3 N3","comment_count":"0","_links":{"self":[{"href":"https:\/\/infoecos.com.ar\/index.php\/wp-json\/wp\/v2\/posts\/78949","targetHints":{"allow":["GET"]}}],"collection":[{"href":"https:\/\/infoecos.com.ar\/index.php\/wp-json\/wp\/v2\/posts"}],"about":[{"href":"https:\/\/infoecos.com.ar\/index.php\/wp-json\/wp\/v2\/types\/post"}],"author":[{"embeddable":true,"href":"https:\/\/infoecos.com.ar\/index.php\/wp-json\/wp\/v2\/users\/2"}],"replies":[{"embeddable":true,"href":"https:\/\/infoecos.com.ar\/index.php\/wp-json\/wp\/v2\/comments?post=78949"}],"version-history":[{"count":1,"href":"https:\/\/infoecos.com.ar\/index.php\/wp-json\/wp\/v2\/posts\/78949\/revisions"}],"predecessor-version":[{"id":78951,"href":"https:\/\/infoecos.com.ar\/index.php\/wp-json\/wp\/v2\/posts\/78949\/revisions\/78951"}],"wp:featuredmedia":[{"embeddable":true,"href":"https:\/\/infoecos.com.ar\/index.php\/wp-json\/wp\/v2\/media\/68682"}],"wp:attachment":[{"href":"https:\/\/infoecos.com.ar\/index.php\/wp-json\/wp\/v2\/media?parent=78949"}],"wp:term":[{"taxonomy":"category","embeddable":true,"href":"https:\/\/infoecos.com.ar\/index.php\/wp-json\/wp\/v2\/categories?post=78949"},{"taxonomy":"post_tag","embeddable":true,"href":"https:\/\/infoecos.com.ar\/index.php\/wp-json\/wp\/v2\/tags?post=78949"}],"curies":[{"name":"wp","href":"https:\/\/api.w.org\/{rel}","templated":true}]}}