{"id":78956,"date":"2021-05-31T01:35:57","date_gmt":"2021-05-31T04:35:57","guid":{"rendered":"http:\/\/infoecos.com.ar\/?p=78956"},"modified":"2021-05-31T01:35:59","modified_gmt":"2021-05-31T04:35:59","slug":"manana-vence-la-inscripcion-al-repro-para-empresas-y-personas","status":"publish","type":"post","link":"https:\/\/infoecos.com.ar\/index.php\/manana-vence-la-inscripcion-al-repro-para-empresas-y-personas\/","title":{"rendered":"Ma\u00f1ana vence la inscripci\u00f3n al Repro para empresas y personas"},"content":{"rendered":"\n<p class=\"wp-block-paragraph\">La inscripci\u00f3n al Repro permanecer\u00e1 abierta,&nbsp;<a href=\"http:\/\/afip.gov.ar\/sitio\/externos\/default.asp\" target=\"_blank\" rel=\"noreferrer noopener\">a trav\u00e9s de la p\u00e1gina web de la AFIP<\/a>, hasta el pr\u00f3ximo martes, para las empresas como as\u00ed tambi\u00e9n para los monotributistas y aut\u00f3nomos, y hasta el mes de abril el Gobierno Nacional realiz\u00f3 una inversi\u00f3n de m\u00e1s de&nbsp;<strong>19.000 millones<\/strong>&nbsp;de pesos en ese programa.<\/p>\n\n\n\n<div class=\"wp-block-image\"><figure class=\"aligncenter size-large\"><img decoding=\"async\" src=\"http:\/\/infoecos.com.ar\/wp-content\/uploads\/afip-logo.jpg\" alt=\"\" class=\"wp-image-33711\"\/><figcaption>Logo Afip<\/figcaption><\/figure><\/div>\n\n\n\n<p class=\"wp-block-paragraph\">El parte oficial detall\u00f3 que al Repro \u00abse pueden inscribir los independientes sin empleados\/as o con una n\u00f3mina salarial de hasta 5 trabajadoras y trabajadores que se encuentren en los sectores de&nbsp;<strong>gastronom\u00eda, turismo, transporte, industrias culturales, actividades deportivas y de esparcimiento, comercio de rubros no esenciales, servicios personales (peluquer\u00edas, centros de belleza) y de ramas esenciales cuya facturaci\u00f3n haya sido afectada\u00bb.<\/strong><\/p>\n\n\n\n<p class=\"wp-block-paragraph\">Para poder acceder al beneficio, \u00ablos monotributistas y aut\u00f3nomos&nbsp;<strong>deber\u00e1n contar con al menos dos aportes en los \u00faltimos seis meses<\/strong>&nbsp;en sus respectivos reg\u00edmenes y deber\u00e1n presentar una reducci\u00f3n de la facturaci\u00f3n mayor al 20% en t\u00e9rminos reales, entre el 1\u00b0 y el 31\u00b0 de mayo de 2019 y del 1\u00b0 al 24\u00b0 de mayo de 2021&#8243;.<\/p>\n\n\n\n<p class=\"wp-block-paragraph\">M\u00e1s adelante, se precis\u00f3 que \u00ab<strong>solo se toman tres semanas de facturaci\u00f3n del mes de mayo del 2021<\/strong>&nbsp;y se comparan con cuatro semanas del 2019, para permitir un mayor nivel de acceso a la asistencia\u00bb.<\/p>\n\n\n\n<p class=\"wp-block-paragraph\">La Jefatura de Gabinete detall\u00f3 que \u00aben los meses de noviembre y diciembre de 2020, el programa brind\u00f3 asistencia a los sectores definidos como no cr\u00edticos y tuvo un alcance moderado mientras todav\u00eda estaba en funcionamiento el ATP para los sectores cr\u00edticos\u00bb.<\/p>\n","protected":false},"excerpt":{"rendered":"<p>As\u00ed lo inform\u00f3 la Jefatura de Gabinete que record\u00f3 que \u00abcon estos fondos fueron asistidas 19.917 empresas a trav\u00e9s del pago de parte de los salarios a un universo de 544.210 trabajadores en todo el pa\u00eds\u00bb<\/p>\n","protected":false},"author":2,"featured_media":33711,"comment_status":"closed","ping_status":"open","sticky":false,"template":"","format":"standard","meta":{"footnotes":""},"categories":[1614],"tags":[97],"class_list":["post-78956","post","type-post","status-publish","format-standard","has-post-thumbnail","hentry","category-c2nota7","tag-economia"],"featured_image_urls":{"full":"","thumbnail":"","medium":"","medium_large":"","large":"","1536x1536":"","2048x2048":"","covernews-slider-full":"","covernews-slider-center":"","covernews-featured":"","covernews-medium":"","covernews-medium-square":""},"author_info":{"info":["Jorge Matheus"]},"category_info":"<a href=\"https:\/\/infoecos.com.ar\/index.php\/category\/c2nota7\/\" rel=\"category tag\">C2 N7<\/a>","tag_info":"C2 N7","comment_count":"0","_links":{"self":[{"href":"https:\/\/infoecos.com.ar\/index.php\/wp-json\/wp\/v2\/posts\/78956","targetHints":{"allow":["GET"]}}],"collection":[{"href":"https:\/\/infoecos.com.ar\/index.php\/wp-json\/wp\/v2\/posts"}],"about":[{"href":"https:\/\/infoecos.com.ar\/index.php\/wp-json\/wp\/v2\/types\/post"}],"author":[{"embeddable":true,"href":"https:\/\/infoecos.com.ar\/index.php\/wp-json\/wp\/v2\/users\/2"}],"replies":[{"embeddable":true,"href":"https:\/\/infoecos.com.ar\/index.php\/wp-json\/wp\/v2\/comments?post=78956"}],"version-history":[{"count":1,"href":"https:\/\/infoecos.com.ar\/index.php\/wp-json\/wp\/v2\/posts\/78956\/revisions"}],"predecessor-version":[{"id":78957,"href":"https:\/\/infoecos.com.ar\/index.php\/wp-json\/wp\/v2\/posts\/78956\/revisions\/78957"}],"wp:attachment":[{"href":"https:\/\/infoecos.com.ar\/index.php\/wp-json\/wp\/v2\/media?parent=78956"}],"wp:term":[{"taxonomy":"category","embeddable":true,"href":"https:\/\/infoecos.com.ar\/index.php\/wp-json\/wp\/v2\/categories?post=78956"},{"taxonomy":"post_tag","embeddable":true,"href":"https:\/\/infoecos.com.ar\/index.php\/wp-json\/wp\/v2\/tags?post=78956"}],"curies":[{"name":"wp","href":"https:\/\/api.w.org\/{rel}","templated":true}]}}