{"id":78959,"date":"2021-05-31T17:34:33","date_gmt":"2021-05-31T20:34:33","guid":{"rendered":"http:\/\/infoecos.com.ar\/?p=78959"},"modified":"2021-06-02T01:35:43","modified_gmt":"2021-06-02T04:35:43","slug":"comercios-y-gimnasios-en-trenque-lauquen-podran-atender-hasta-las-20-horas","status":"publish","type":"post","link":"https:\/\/infoecos.com.ar\/index.php\/comercios-y-gimnasios-en-trenque-lauquen-podran-atender-hasta-las-20-horas\/","title":{"rendered":"Comercios y gimnasios en Trenque Lauquen podr\u00e1n atender hasta las 20 horas"},"content":{"rendered":"\n<p class=\"wp-block-paragraph\">Los locales comerciales y los gimnasios, como academias, podr\u00e1n atender hasta las 20 horas, respetando las restricciones y protocolos.<\/p>\n\n\n\n<div class=\"wp-block-image\"><figure class=\"aligncenter size-medium\"><img decoding=\"async\" src=\"http:\/\/infoecos.com.ar\/wp-content\/uploads\/Arco-de-acceso-2-460x307.jpg\" alt=\"\" class=\"wp-image-45997\"\/><figcaption>Trenque Lauquen &#8211; Arco de acceso<\/figcaption><\/figure><\/div>\n\n\n\n<p class=\"wp-block-paragraph\">La informaci\u00f3n emanada de fuentes municipales da cuenta que los comercios pueden permitir el ingreso de los clientes, respet\u00e1ndose los aforos correspondientes.<\/p>\n\n\n\n<p class=\"wp-block-paragraph\">Con relaci\u00f3n a los gimnasios y academias deber\u00e1n trabajar priorizando el aire libre y los espacios con ventilaci\u00f3n natural. De no poseer esas condiciones se permitir\u00e1 un aforo m\u00e1ximo del 30 por ciento con un m\u00e1ximo de hasta 10 personas. <\/p>\n\n\n\n<p class=\"wp-block-paragraph\">Trascendi\u00f3 que este martes habr\u00e1 una reuni\u00f3n en el municipio con el prop\u00f3sito de definir los pasos a dar con los gastron\u00f3micos.<\/p>\n\n\n\n<p class=\"wp-block-paragraph\">Tambi\u00e9n se indic\u00f3 a Infoecos que los delivery podr\u00e1n trabajar hasta las 24.00. <\/p>\n\n\n\n<p class=\"wp-block-paragraph\"><\/p>\n","protected":false},"excerpt":{"rendered":"<p>Trascendi\u00f3 que este martes habr\u00e1 una reuni\u00f3n en el municipio con el prop\u00f3sito de definir los pasos a dar con los gastron\u00f3micos<\/p>\n","protected":false},"author":2,"featured_media":45997,"comment_status":"closed","ping_status":"open","sticky":false,"template":"","format":"standard","meta":{"footnotes":""},"categories":[26],"tags":[3799],"class_list":["post-78959","post","type-post","status-publish","format-standard","has-post-thumbnail","hentry","category-inferior6","tag-acuerdo-con-la-camara-de-comercio"],"featured_image_urls":{"full":"","thumbnail":"","medium":"","medium_large":"","large":"","1536x1536":"","2048x2048":"","covernews-slider-full":"","covernews-slider-center":"","covernews-featured":"","covernews-medium":"","covernews-medium-square":""},"author_info":{"info":["Jorge Matheus"]},"category_info":"<a href=\"https:\/\/infoecos.com.ar\/index.php\/category\/inferior6\/\" rel=\"category tag\">Bloque inferior - 6<\/a>","tag_info":"Bloque inferior - 6","comment_count":"0","_links":{"self":[{"href":"https:\/\/infoecos.com.ar\/index.php\/wp-json\/wp\/v2\/posts\/78959","targetHints":{"allow":["GET"]}}],"collection":[{"href":"https:\/\/infoecos.com.ar\/index.php\/wp-json\/wp\/v2\/posts"}],"about":[{"href":"https:\/\/infoecos.com.ar\/index.php\/wp-json\/wp\/v2\/types\/post"}],"author":[{"embeddable":true,"href":"https:\/\/infoecos.com.ar\/index.php\/wp-json\/wp\/v2\/users\/2"}],"replies":[{"embeddable":true,"href":"https:\/\/infoecos.com.ar\/index.php\/wp-json\/wp\/v2\/comments?post=78959"}],"version-history":[{"count":1,"href":"https:\/\/infoecos.com.ar\/index.php\/wp-json\/wp\/v2\/posts\/78959\/revisions"}],"predecessor-version":[{"id":78960,"href":"https:\/\/infoecos.com.ar\/index.php\/wp-json\/wp\/v2\/posts\/78959\/revisions\/78960"}],"wp:attachment":[{"href":"https:\/\/infoecos.com.ar\/index.php\/wp-json\/wp\/v2\/media?parent=78959"}],"wp:term":[{"taxonomy":"category","embeddable":true,"href":"https:\/\/infoecos.com.ar\/index.php\/wp-json\/wp\/v2\/categories?post=78959"},{"taxonomy":"post_tag","embeddable":true,"href":"https:\/\/infoecos.com.ar\/index.php\/wp-json\/wp\/v2\/tags?post=78959"}],"curies":[{"name":"wp","href":"https:\/\/api.w.org\/{rel}","templated":true}]}}