{"id":78976,"date":"2021-06-01T00:32:14","date_gmt":"2021-06-01T03:32:14","guid":{"rendered":"http:\/\/infoecos.com.ar\/?p=78976"},"modified":"2021-06-02T01:34:51","modified_gmt":"2021-06-02T04:34:51","slug":"se-pone-en-marcha-hoy-en-trenque-lauquen-el-programa-invierno-2021","status":"publish","type":"post","link":"https:\/\/infoecos.com.ar\/index.php\/se-pone-en-marcha-hoy-en-trenque-lauquen-el-programa-invierno-2021\/","title":{"rendered":"Se puso en marcha en Trenque Lauquen el Programa Invierno 2021"},"content":{"rendered":"\n<p>El Municipio de Trenque Lauquen puso en marcha , el Programa Invierno 2021, que consiste en un sistema de subsidios de garrafas sociales y la entrega de le\u00f1a a familias del distrito que son beneficiarias del programa alimentario municipal, inform\u00f3 la subsecretaria de Desarrollo Humano, Cristina Ferster.<\/p>\n\n\n\n<p>Este a\u00f1o la entrega de las chequeras para retirar la le\u00f1a y\/o garrafas se realizar\u00e1 desde este martes de 8 a 13 en la oficina de Desarrollo Humano, 25 de Mayo 44, entre Villegas y San Mart\u00edn, en base a un cronograma establecido seg\u00fan la cercan\u00eda de los beneficiarios a los Centros de Atenci\u00f3n Primaria de la Salud (CAPS) que funcionan en los distintos barrios de la ciudad.<\/p>\n\n\n\n<div class=\"wp-block-image\"><figure class=\"aligncenter size-medium\"><img loading=\"lazy\" decoding=\"async\" width=\"460\" height=\"307\" src=\"http:\/\/infoecos.com.ar\/wp-content\/uploads\/2021\/06\/Desarrollo-Humano-2-460x307.jpeg\" alt=\"\" class=\"wp-image-78977\" srcset=\"https:\/\/infoecos.com.ar\/wp-content\/uploads\/2021\/06\/Desarrollo-Humano-2-460x307.jpeg 460w, https:\/\/infoecos.com.ar\/wp-content\/uploads\/2021\/06\/Desarrollo-Humano-2-920x614.jpeg 920w, https:\/\/infoecos.com.ar\/wp-content\/uploads\/2021\/06\/Desarrollo-Humano-2-768x512.jpeg 768w, https:\/\/infoecos.com.ar\/wp-content\/uploads\/2021\/06\/Desarrollo-Humano-2-675x450.jpeg 675w, https:\/\/infoecos.com.ar\/wp-content\/uploads\/2021\/06\/Desarrollo-Humano-2.jpeg 985w\" sizes=\"(max-width: 460px) 100vw, 460px\" \/><\/figure><\/div>\n\n\n\n<p>Desde 2016, cuando fue sancionada la Ordenanza, todos los a\u00f1os el Programa Invierno tiene vigencia de tres meses, entre el 1\u00ba de junio hasta el 31 de agosto.<\/p>\n\n\n\n<p>Seg\u00fan inform\u00f3 Ferster, \u201ccomo todos los a\u00f1os este martes comenzamos con el Programa Invierno que subsidia la entrega de le\u00f1a y\/o garrafas a las familias que est\u00e1n contempladas en el programa alimentario municipal y que no sean beneficiarios de otros programas alternativos, como el programa \u201cHogar\u201d, de Anses, y que no est\u00e9n conectados a la red de gas\u201d.<\/p>\n\n\n\n<div class=\"wp-block-image\"><figure class=\"aligncenter size-medium\"><img loading=\"lazy\" decoding=\"async\" width=\"460\" height=\"418\" src=\"http:\/\/infoecos.com.ar\/wp-content\/uploads\/2021\/06\/programagarrafas-460x418.jpg\" alt=\"\" class=\"wp-image-78978\" srcset=\"https:\/\/infoecos.com.ar\/wp-content\/uploads\/2021\/06\/programagarrafas-460x418.jpg 460w, https:\/\/infoecos.com.ar\/wp-content\/uploads\/2021\/06\/programagarrafas-920x835.jpg 920w, https:\/\/infoecos.com.ar\/wp-content\/uploads\/2021\/06\/programagarrafas-768x697.jpg 768w, https:\/\/infoecos.com.ar\/wp-content\/uploads\/2021\/06\/programagarrafas.jpg 936w\" sizes=\"(max-width: 460px) 100vw, 460px\" \/><\/figure><\/div>\n\n\n\n<p>El cronograma para retirar las chequeras es el siguiente:<\/p>\n\n\n\n<p>.<strong> Martes:<\/strong> para los vecinos que corresponden al CAPS Ameghino<br><strong>. Mi\u00e9rcoles:<\/strong> para los vecinos que corresponden al CAPS \u201cChiquito\u201d Tello.<br><strong>. Jueves:<\/strong> para los vecinos que corresponden al CAPS Ram\u00f3n Carrillo.<br><strong>. Viernes:<\/strong> para los vecinos que corresponden al CAPS Indio Trompa<\/p>\n\n\n\n<p>Respecto de la entrega de le\u00f1a, Ferster inform\u00f3 que \u201ces como todos los a\u00f1os, vienen a buscar la chequera a Desarrollo Humano para retirar la le\u00f1a en el corral\u00f3n los mismos d\u00edas destinados a cada CAPS\u201d.<\/p>\n","protected":false},"excerpt":{"rendered":"<p>Este a\u00f1o la entrega de las chequeras para retirar la le\u00f1a y\/o garrafas se realizar\u00e1 desde este martes de 8 a 13 en la oficina de Desarrollo Humano, 25 de Mayo 44, entre Villegas y San Mart\u00edn<\/p>\n","protected":false},"author":2,"featured_media":78977,"comment_status":"closed","ping_status":"open","sticky":false,"template":"","format":"standard","meta":{"footnotes":""},"categories":[43],"tags":[3801],"class_list":["post-78976","post","type-post","status-publish","format-standard","has-post-thumbnail","hentry","category-inferior4","tag-subsidio-garrafas-sociales-y-entrega-de-lena"],"yoast_head":"<!-- This site is optimized with the Yoast SEO plugin v23.4 - https:\/\/yoast.com\/wordpress\/plugins\/seo\/ -->\n<title>Se puso en marcha en Trenque Lauquen el Programa Invierno 2021 - Infoecos<\/title>\n<meta name=\"robots\" content=\"index, follow, max-snippet:-1, max-image-preview:large, max-video-preview:-1\" \/>\n<link rel=\"canonical\" href=\"https:\/\/infoecos.com.ar\/index.php\/se-pone-en-marcha-hoy-en-trenque-lauquen-el-programa-invierno-2021\/\" \/>\n<meta property=\"og:locale\" content=\"es_ES\" \/>\n<meta property=\"og:type\" content=\"article\" \/>\n<meta property=\"og:title\" content=\"Se puso en marcha en Trenque Lauquen el Programa Invierno 2021 - Infoecos\" \/>\n<meta property=\"og:description\" content=\"Este a\u00f1o la entrega de las chequeras para retirar la le\u00f1a y\/o garrafas se realizar\u00e1 desde este martes de 8 a 13 en la oficina de Desarrollo Humano, 25 de Mayo 44, entre Villegas y San Mart\u00edn\" \/>\n<meta property=\"og:url\" content=\"https:\/\/infoecos.com.ar\/index.php\/se-pone-en-marcha-hoy-en-trenque-lauquen-el-programa-invierno-2021\/\" \/>\n<meta property=\"og:site_name\" content=\"Infoecos\" \/>\n<meta property=\"article:publisher\" content=\"https:\/\/www.facebook.com\/profile.php?id=100063200290284\" \/>\n<meta property=\"article:published_time\" content=\"2021-06-01T03:32:14+00:00\" \/>\n<meta property=\"article:modified_time\" content=\"2021-06-02T04:34:51+00:00\" \/>\n<meta property=\"og:image\" content=\"https:\/\/infoecos.com.ar\/wp-content\/uploads\/2021\/06\/Desarrollo-Humano-2.jpeg\" \/>\n\t<meta property=\"og:image:width\" content=\"985\" \/>\n\t<meta property=\"og:image:height\" content=\"657\" \/>\n\t<meta property=\"og:image:type\" content=\"image\/jpeg\" \/>\n<meta name=\"author\" content=\"Jorge Matheus\" \/>\n<meta name=\"twitter:card\" content=\"summary_large_image\" \/>\n<meta name=\"twitter:creator\" content=\"@infoecos\" \/>\n<meta name=\"twitter:site\" content=\"@infoecos\" \/>\n<meta name=\"twitter:label1\" content=\"Escrito por\" \/>\n\t<meta name=\"twitter:data1\" content=\"Jorge Matheus\" \/>\n\t<meta name=\"twitter:label2\" content=\"Tiempo de lectura\" \/>\n\t<meta name=\"twitter:data2\" content=\"1 minuto\" \/>\n<script type=\"application\/ld+json\" class=\"yoast-schema-graph\">{\"@context\":\"https:\/\/schema.org\",\"@graph\":[{\"@type\":\"Article\",\"@id\":\"https:\/\/infoecos.com.ar\/index.php\/se-pone-en-marcha-hoy-en-trenque-lauquen-el-programa-invierno-2021\/#article\",\"isPartOf\":{\"@id\":\"https:\/\/infoecos.com.ar\/index.php\/se-pone-en-marcha-hoy-en-trenque-lauquen-el-programa-invierno-2021\/\"},\"author\":{\"name\":\"Jorge Matheus\",\"@id\":\"https:\/\/infoecos.com.ar\/#\/schema\/person\/8f5ace5ce73b4b4aac4b7245aee6f191\"},\"headline\":\"Se puso en marcha en Trenque Lauquen el Programa Invierno 2021\",\"datePublished\":\"2021-06-01T03:32:14+00:00\",\"dateModified\":\"2021-06-02T04:34:51+00:00\",\"mainEntityOfPage\":{\"@id\":\"https:\/\/infoecos.com.ar\/index.php\/se-pone-en-marcha-hoy-en-trenque-lauquen-el-programa-invierno-2021\/\"},\"wordCount\":308,\"publisher\":{\"@id\":\"https:\/\/infoecos.com.ar\/#organization\"},\"image\":{\"@id\":\"https:\/\/infoecos.com.ar\/index.php\/se-pone-en-marcha-hoy-en-trenque-lauquen-el-programa-invierno-2021\/#primaryimage\"},\"thumbnailUrl\":\"https:\/\/infoecos.com.ar\/wp-content\/uploads\/2021\/06\/Desarrollo-Humano-2.jpeg\",\"keywords\":[\"SUBSIDIO GARRAFAS SOCIALES Y ENTREGA DE LE\u00d1A\"],\"articleSection\":[\"Bloque inferior - 4\"],\"inLanguage\":\"es\"},{\"@type\":\"WebPage\",\"@id\":\"https:\/\/infoecos.com.ar\/index.php\/se-pone-en-marcha-hoy-en-trenque-lauquen-el-programa-invierno-2021\/\",\"url\":\"https:\/\/infoecos.com.ar\/index.php\/se-pone-en-marcha-hoy-en-trenque-lauquen-el-programa-invierno-2021\/\",\"name\":\"Se puso en marcha en Trenque Lauquen el Programa Invierno 2021 - Infoecos\",\"isPartOf\":{\"@id\":\"https:\/\/infoecos.com.ar\/#website\"},\"primaryImageOfPage\":{\"@id\":\"https:\/\/infoecos.com.ar\/index.php\/se-pone-en-marcha-hoy-en-trenque-lauquen-el-programa-invierno-2021\/#primaryimage\"},\"image\":{\"@id\":\"https:\/\/infoecos.com.ar\/index.php\/se-pone-en-marcha-hoy-en-trenque-lauquen-el-programa-invierno-2021\/#primaryimage\"},\"thumbnailUrl\":\"https:\/\/infoecos.com.ar\/wp-content\/uploads\/2021\/06\/Desarrollo-Humano-2.jpeg\",\"datePublished\":\"2021-06-01T03:32:14+00:00\",\"dateModified\":\"2021-06-02T04:34:51+00:00\",\"breadcrumb\":{\"@id\":\"https:\/\/infoecos.com.ar\/index.php\/se-pone-en-marcha-hoy-en-trenque-lauquen-el-programa-invierno-2021\/#breadcrumb\"},\"inLanguage\":\"es\",\"potentialAction\":[{\"@type\":\"ReadAction\",\"target\":[\"https:\/\/infoecos.com.ar\/index.php\/se-pone-en-marcha-hoy-en-trenque-lauquen-el-programa-invierno-2021\/\"]}]},{\"@type\":\"ImageObject\",\"inLanguage\":\"es\",\"@id\":\"https:\/\/infoecos.com.ar\/index.php\/se-pone-en-marcha-hoy-en-trenque-lauquen-el-programa-invierno-2021\/#primaryimage\",\"url\":\"https:\/\/infoecos.com.ar\/wp-content\/uploads\/2021\/06\/Desarrollo-Humano-2.jpeg\",\"contentUrl\":\"https:\/\/infoecos.com.ar\/wp-content\/uploads\/2021\/06\/Desarrollo-Humano-2.jpeg\",\"width\":985,\"height\":657},{\"@type\":\"BreadcrumbList\",\"@id\":\"https:\/\/infoecos.com.ar\/index.php\/se-pone-en-marcha-hoy-en-trenque-lauquen-el-programa-invierno-2021\/#breadcrumb\",\"itemListElement\":[{\"@type\":\"ListItem\",\"position\":1,\"name\":\"Portada\",\"item\":\"https:\/\/infoecos.com.ar\/\"},{\"@type\":\"ListItem\",\"position\":2,\"name\":\"Se puso en marcha en Trenque Lauquen el Programa Invierno 2021\"}]},{\"@type\":\"WebSite\",\"@id\":\"https:\/\/infoecos.com.ar\/#website\",\"url\":\"https:\/\/infoecos.com.ar\/\",\"name\":\"Infoecos\",\"description\":\"Noticias de trenque lauquen y la zona\",\"publisher\":{\"@id\":\"https:\/\/infoecos.com.ar\/#organization\"},\"alternateName\":\"Noticias\",\"potentialAction\":[{\"@type\":\"SearchAction\",\"target\":{\"@type\":\"EntryPoint\",\"urlTemplate\":\"https:\/\/infoecos.com.ar\/?s={search_term_string}\"},\"query-input\":{\"@type\":\"PropertyValueSpecification\",\"valueRequired\":true,\"valueName\":\"search_term_string\"}}],\"inLanguage\":\"es\"},{\"@type\":\"Organization\",\"@id\":\"https:\/\/infoecos.com.ar\/#organization\",\"name\":\"Infoecos\",\"alternateName\":\"Noticias\",\"url\":\"https:\/\/infoecos.com.ar\/\",\"logo\":{\"@type\":\"ImageObject\",\"inLanguage\":\"es\",\"@id\":\"https:\/\/infoecos.com.ar\/#\/schema\/logo\/image\/\",\"url\":\"https:\/\/infoecos.com.ar\/wp-content\/uploads\/2024\/03\/cropped-logo.png\",\"contentUrl\":\"https:\/\/infoecos.com.ar\/wp-content\/uploads\/2024\/03\/cropped-logo.png\",\"width\":374,\"height\":90,\"caption\":\"Infoecos\"},\"image\":{\"@id\":\"https:\/\/infoecos.com.ar\/#\/schema\/logo\/image\/\"},\"sameAs\":[\"https:\/\/www.facebook.com\/profile.php?id=100063200290284\",\"https:\/\/x.com\/infoecos\"]},{\"@type\":\"Person\",\"@id\":\"https:\/\/infoecos.com.ar\/#\/schema\/person\/8f5ace5ce73b4b4aac4b7245aee6f191\",\"name\":\"Jorge Matheus\",\"url\":\"https:\/\/infoecos.com.ar\/index.php\/author\/jomatheus\/\"}]}<\/script>\n<!-- \/ Yoast SEO plugin. -->","yoast_head_json":{"title":"Se puso en marcha en Trenque Lauquen el Programa Invierno 2021 - Infoecos","robots":{"index":"index","follow":"follow","max-snippet":"max-snippet:-1","max-image-preview":"max-image-preview:large","max-video-preview":"max-video-preview:-1"},"canonical":"https:\/\/infoecos.com.ar\/index.php\/se-pone-en-marcha-hoy-en-trenque-lauquen-el-programa-invierno-2021\/","og_locale":"es_ES","og_type":"article","og_title":"Se puso en marcha en Trenque Lauquen el Programa Invierno 2021 - Infoecos","og_description":"Este a\u00f1o la entrega de las chequeras para retirar la le\u00f1a y\/o garrafas se realizar\u00e1 desde este martes de 8 a 13 en la oficina de Desarrollo Humano, 25 de Mayo 44, entre Villegas y San Mart\u00edn","og_url":"https:\/\/infoecos.com.ar\/index.php\/se-pone-en-marcha-hoy-en-trenque-lauquen-el-programa-invierno-2021\/","og_site_name":"Infoecos","article_publisher":"https:\/\/www.facebook.com\/profile.php?id=100063200290284","article_published_time":"2021-06-01T03:32:14+00:00","article_modified_time":"2021-06-02T04:34:51+00:00","og_image":[{"width":985,"height":657,"url":"https:\/\/infoecos.com.ar\/wp-content\/uploads\/2021\/06\/Desarrollo-Humano-2.jpeg","type":"image\/jpeg"}],"author":"Jorge Matheus","twitter_card":"summary_large_image","twitter_creator":"@infoecos","twitter_site":"@infoecos","twitter_misc":{"Escrito por":"Jorge Matheus","Tiempo de lectura":"1 minuto"},"schema":{"@context":"https:\/\/schema.org","@graph":[{"@type":"Article","@id":"https:\/\/infoecos.com.ar\/index.php\/se-pone-en-marcha-hoy-en-trenque-lauquen-el-programa-invierno-2021\/#article","isPartOf":{"@id":"https:\/\/infoecos.com.ar\/index.php\/se-pone-en-marcha-hoy-en-trenque-lauquen-el-programa-invierno-2021\/"},"author":{"name":"Jorge Matheus","@id":"https:\/\/infoecos.com.ar\/#\/schema\/person\/8f5ace5ce73b4b4aac4b7245aee6f191"},"headline":"Se puso en marcha en Trenque Lauquen el Programa Invierno 2021","datePublished":"2021-06-01T03:32:14+00:00","dateModified":"2021-06-02T04:34:51+00:00","mainEntityOfPage":{"@id":"https:\/\/infoecos.com.ar\/index.php\/se-pone-en-marcha-hoy-en-trenque-lauquen-el-programa-invierno-2021\/"},"wordCount":308,"publisher":{"@id":"https:\/\/infoecos.com.ar\/#organization"},"image":{"@id":"https:\/\/infoecos.com.ar\/index.php\/se-pone-en-marcha-hoy-en-trenque-lauquen-el-programa-invierno-2021\/#primaryimage"},"thumbnailUrl":"https:\/\/infoecos.com.ar\/wp-content\/uploads\/2021\/06\/Desarrollo-Humano-2.jpeg","keywords":["SUBSIDIO GARRAFAS SOCIALES Y ENTREGA DE LE\u00d1A"],"articleSection":["Bloque inferior - 4"],"inLanguage":"es"},{"@type":"WebPage","@id":"https:\/\/infoecos.com.ar\/index.php\/se-pone-en-marcha-hoy-en-trenque-lauquen-el-programa-invierno-2021\/","url":"https:\/\/infoecos.com.ar\/index.php\/se-pone-en-marcha-hoy-en-trenque-lauquen-el-programa-invierno-2021\/","name":"Se puso en marcha en Trenque Lauquen el Programa Invierno 2021 - Infoecos","isPartOf":{"@id":"https:\/\/infoecos.com.ar\/#website"},"primaryImageOfPage":{"@id":"https:\/\/infoecos.com.ar\/index.php\/se-pone-en-marcha-hoy-en-trenque-lauquen-el-programa-invierno-2021\/#primaryimage"},"image":{"@id":"https:\/\/infoecos.com.ar\/index.php\/se-pone-en-marcha-hoy-en-trenque-lauquen-el-programa-invierno-2021\/#primaryimage"},"thumbnailUrl":"https:\/\/infoecos.com.ar\/wp-content\/uploads\/2021\/06\/Desarrollo-Humano-2.jpeg","datePublished":"2021-06-01T03:32:14+00:00","dateModified":"2021-06-02T04:34:51+00:00","breadcrumb":{"@id":"https:\/\/infoecos.com.ar\/index.php\/se-pone-en-marcha-hoy-en-trenque-lauquen-el-programa-invierno-2021\/#breadcrumb"},"inLanguage":"es","potentialAction":[{"@type":"ReadAction","target":["https:\/\/infoecos.com.ar\/index.php\/se-pone-en-marcha-hoy-en-trenque-lauquen-el-programa-invierno-2021\/"]}]},{"@type":"ImageObject","inLanguage":"es","@id":"https:\/\/infoecos.com.ar\/index.php\/se-pone-en-marcha-hoy-en-trenque-lauquen-el-programa-invierno-2021\/#primaryimage","url":"https:\/\/infoecos.com.ar\/wp-content\/uploads\/2021\/06\/Desarrollo-Humano-2.jpeg","contentUrl":"https:\/\/infoecos.com.ar\/wp-content\/uploads\/2021\/06\/Desarrollo-Humano-2.jpeg","width":985,"height":657},{"@type":"BreadcrumbList","@id":"https:\/\/infoecos.com.ar\/index.php\/se-pone-en-marcha-hoy-en-trenque-lauquen-el-programa-invierno-2021\/#breadcrumb","itemListElement":[{"@type":"ListItem","position":1,"name":"Portada","item":"https:\/\/infoecos.com.ar\/"},{"@type":"ListItem","position":2,"name":"Se puso en marcha en Trenque Lauquen el Programa Invierno 2021"}]},{"@type":"WebSite","@id":"https:\/\/infoecos.com.ar\/#website","url":"https:\/\/infoecos.com.ar\/","name":"Infoecos","description":"Noticias de trenque lauquen y la zona","publisher":{"@id":"https:\/\/infoecos.com.ar\/#organization"},"alternateName":"Noticias","potentialAction":[{"@type":"SearchAction","target":{"@type":"EntryPoint","urlTemplate":"https:\/\/infoecos.com.ar\/?s={search_term_string}"},"query-input":{"@type":"PropertyValueSpecification","valueRequired":true,"valueName":"search_term_string"}}],"inLanguage":"es"},{"@type":"Organization","@id":"https:\/\/infoecos.com.ar\/#organization","name":"Infoecos","alternateName":"Noticias","url":"https:\/\/infoecos.com.ar\/","logo":{"@type":"ImageObject","inLanguage":"es","@id":"https:\/\/infoecos.com.ar\/#\/schema\/logo\/image\/","url":"https:\/\/infoecos.com.ar\/wp-content\/uploads\/2024\/03\/cropped-logo.png","contentUrl":"https:\/\/infoecos.com.ar\/wp-content\/uploads\/2024\/03\/cropped-logo.png","width":374,"height":90,"caption":"Infoecos"},"image":{"@id":"https:\/\/infoecos.com.ar\/#\/schema\/logo\/image\/"},"sameAs":["https:\/\/www.facebook.com\/profile.php?id=100063200290284","https:\/\/x.com\/infoecos"]},{"@type":"Person","@id":"https:\/\/infoecos.com.ar\/#\/schema\/person\/8f5ace5ce73b4b4aac4b7245aee6f191","name":"Jorge Matheus","url":"https:\/\/infoecos.com.ar\/index.php\/author\/jomatheus\/"}]}},"featured_image_urls":{"full":["https:\/\/infoecos.com.ar\/wp-content\/uploads\/2021\/06\/Desarrollo-Humano-2.jpeg",985,657,false],"thumbnail":["https:\/\/infoecos.com.ar\/wp-content\/uploads\/2021\/06\/Desarrollo-Humano-2-150x150.jpeg",150,150,true],"medium":["https:\/\/infoecos.com.ar\/wp-content\/uploads\/2021\/06\/Desarrollo-Humano-2-460x307.jpeg",460,307,true],"medium_large":["https:\/\/infoecos.com.ar\/wp-content\/uploads\/2021\/06\/Desarrollo-Humano-2-768x512.jpeg",640,427,true],"large":["https:\/\/infoecos.com.ar\/wp-content\/uploads\/2021\/06\/Desarrollo-Humano-2-920x614.jpeg",640,427,true],"1536x1536":["https:\/\/infoecos.com.ar\/wp-content\/uploads\/2021\/06\/Desarrollo-Humano-2.jpeg",985,657,false],"2048x2048":["https:\/\/infoecos.com.ar\/wp-content\/uploads\/2021\/06\/Desarrollo-Humano-2.jpeg",985,657,false],"covernews-slider-full":["https:\/\/infoecos.com.ar\/wp-content\/uploads\/2021\/06\/Desarrollo-Humano-2.jpeg",985,657,false],"covernews-slider-center":["https:\/\/infoecos.com.ar\/wp-content\/uploads\/2021\/06\/Desarrollo-Humano-2-936x657.jpeg",712,500,true],"covernews-featured":["https:\/\/infoecos.com.ar\/wp-content\/uploads\/2021\/06\/Desarrollo-Humano-2.jpeg",985,657,false],"covernews-medium":["https:\/\/infoecos.com.ar\/wp-content\/uploads\/2021\/06\/Desarrollo-Humano-2-720x380.jpeg",540,285,true],"covernews-medium-square":["https:\/\/infoecos.com.ar\/wp-content\/uploads\/2021\/06\/Desarrollo-Humano-2-675x450.jpeg",375,250,true]},"author_info":{"info":["Jorge Matheus"]},"category_info":"<a href=\"https:\/\/infoecos.com.ar\/index.php\/category\/inferior4\/\" rel=\"category tag\">Bloque inferior - 4<\/a>","tag_info":"Bloque inferior - 4","comment_count":"0","_links":{"self":[{"href":"https:\/\/infoecos.com.ar\/index.php\/wp-json\/wp\/v2\/posts\/78976"}],"collection":[{"href":"https:\/\/infoecos.com.ar\/index.php\/wp-json\/wp\/v2\/posts"}],"about":[{"href":"https:\/\/infoecos.com.ar\/index.php\/wp-json\/wp\/v2\/types\/post"}],"author":[{"embeddable":true,"href":"https:\/\/infoecos.com.ar\/index.php\/wp-json\/wp\/v2\/users\/2"}],"replies":[{"embeddable":true,"href":"https:\/\/infoecos.com.ar\/index.php\/wp-json\/wp\/v2\/comments?post=78976"}],"version-history":[{"count":2,"href":"https:\/\/infoecos.com.ar\/index.php\/wp-json\/wp\/v2\/posts\/78976\/revisions"}],"predecessor-version":[{"id":79065,"href":"https:\/\/infoecos.com.ar\/index.php\/wp-json\/wp\/v2\/posts\/78976\/revisions\/79065"}],"wp:featuredmedia":[{"embeddable":true,"href":"https:\/\/infoecos.com.ar\/index.php\/wp-json\/wp\/v2\/media\/78977"}],"wp:attachment":[{"href":"https:\/\/infoecos.com.ar\/index.php\/wp-json\/wp\/v2\/media?parent=78976"}],"wp:term":[{"taxonomy":"category","embeddable":true,"href":"https:\/\/infoecos.com.ar\/index.php\/wp-json\/wp\/v2\/categories?post=78976"},{"taxonomy":"post_tag","embeddable":true,"href":"https:\/\/infoecos.com.ar\/index.php\/wp-json\/wp\/v2\/tags?post=78976"}],"curies":[{"name":"wp","href":"https:\/\/api.w.org\/{rel}","templated":true}]}}