{"id":78980,"date":"2021-06-01T00:49:03","date_gmt":"2021-06-01T03:49:03","guid":{"rendered":"http:\/\/infoecos.com.ar\/?p=78980"},"modified":"2021-06-02T01:28:37","modified_gmt":"2021-06-02T04:28:37","slug":"las-obras-a-realizarse-en-la-region-a-traves-del-fondo-de-infraestructura-municipal","status":"publish","type":"post","link":"https:\/\/infoecos.com.ar\/index.php\/las-obras-a-realizarse-en-la-region-a-traves-del-fondo-de-infraestructura-municipal\/","title":{"rendered":"Las obras a realizarse en la regi\u00f3n a trav\u00e9s del Fondo de Infraestructura Municipal"},"content":{"rendered":"\n<p>Las obras a realizarse a trav\u00e9s del Fondo de Infraestructura Municipal en los distritos de esta regi\u00f3n de la provincia de Buenos Aires y que fueran anunciadas este lunes por el gobernador, Axel Kicillof.<\/p>\n\n\n\n<div class=\"wp-block-image\"><figure class=\"aligncenter size-medium\"><img loading=\"lazy\" decoding=\"async\" width=\"460\" height=\"307\" src=\"http:\/\/infoecos.com.ar\/wp-content\/uploads\/2021\/06\/2021_05_31_AK_Videoconferencia-FIM_019-460x307.jpg\" alt=\"\" class=\"wp-image-78981\" srcset=\"https:\/\/infoecos.com.ar\/wp-content\/uploads\/2021\/06\/2021_05_31_AK_Videoconferencia-FIM_019-460x307.jpg 460w, https:\/\/infoecos.com.ar\/wp-content\/uploads\/2021\/06\/2021_05_31_AK_Videoconferencia-FIM_019-920x613.jpg 920w, https:\/\/infoecos.com.ar\/wp-content\/uploads\/2021\/06\/2021_05_31_AK_Videoconferencia-FIM_019-768x512.jpg 768w, https:\/\/infoecos.com.ar\/wp-content\/uploads\/2021\/06\/2021_05_31_AK_Videoconferencia-FIM_019-1536x1024.jpg 1536w, https:\/\/infoecos.com.ar\/wp-content\/uploads\/2021\/06\/2021_05_31_AK_Videoconferencia-FIM_019-2048x1365.jpg 2048w, https:\/\/infoecos.com.ar\/wp-content\/uploads\/2021\/06\/2021_05_31_AK_Videoconferencia-FIM_019-1024x683.jpg 1024w, https:\/\/infoecos.com.ar\/wp-content\/uploads\/2021\/06\/2021_05_31_AK_Videoconferencia-FIM_019-675x450.jpg 675w\" sizes=\"(max-width: 460px) 100vw, 460px\" \/><figcaption>31 de mayo de 2021. El Gobernador de la provincia de Buenos Aires, Axel Kicillof, encabezo una videoconferencia anunciando obras en municipios dentro del FIM.\nFoto: Mariano Sandy<\/figcaption><\/figure><\/div>\n\n\n\n<p><strong>Adolfo Alsina<\/strong><\/p>\n\n\n\n<p>\u201cPavimentaci\u00f3n y Repavimentaci\u00f3n en varias localidades del distrito\u201d<\/p>\n\n\n\n<p>Se proyectan pavimentos urbanos en las localidades de Carhu\u00e9, Rivera, Villa maza y San Miguel Arc\u00e1ngel. Se prev\u00e9 ejecutar en total: 15.580,35 m2 de suelo cemento y carpeta asf\u00e1ltica en caliente. Adem\u00e1s se prev\u00e9 la ejecuci\u00f3n de 547,09 ml de cord\u00f3n cuneta y 21 ml de Badenes en la Localidad de Carhu\u00e9; y 3.483,86 m2 de re encarpetado en la Localidad de Villa Maza.<\/p>\n\n\n\n<p>Por un monto total de $ 38.160.073,78.<\/p>\n\n\n\n<p><strong>Alberti<\/strong><\/p>\n\n\n\n<p>Ampliaci\u00f3n del sector de clasificaci\u00f3n y almacenamiento de la nave principal del galp\u00f3n ubicado en el predio de Residuos S\u00f3lidos y Urbanos (R.S.U.). Adem\u00e1s, se plantea la extensi\u00f3n del n\u00facleo de servicios con una oficina privada, un SUM y ampliaci\u00f3n de la cocina-comedor<\/p>\n\n\n\n<p>Por un monto total de $ 11.719.104,54.<\/p>\n\n\n\n<p><strong>Bragado<\/strong><\/p>\n\n\n\n<p>Construcci\u00f3n de pavimento de Hormig\u00f3n Simple en 8 cuadras de la ciudad, con cordones integrados, incluyendo sumideros, c\u00e1maras de inspecci\u00f3n y entubaci\u00f3n de ca\u00f1os de hormig\u00f3n.<\/p>\n\n\n\n<p>Por un monto total de $ 33.170.905,95<\/p>\n\n\n\n<p>Se ejecutar\u00e1n adem\u00e1s 15 cuadras de cord\u00f3n cuneta con hormig\u00f3n simple, incluyendo sumideros, c\u00e1maras de inspecci\u00f3n y entubaci\u00f3n de ca\u00f1os de hormig\u00f3n.<\/p>\n\n\n\n<p>Por un monto total de $ 17.613.624,98<\/p>\n\n\n\n<p>Y se instalar\u00e1n 188 luminarias de LED en 36 cuadras urbanas, en Plaza Alfons\u00edn, en Plaza San Mart\u00edn y en la pista de ciclismo de la ciudad.<\/p>\n\n\n\n<p>Por un monto total de $ 4.239.057,83.<\/p>\n\n\n\n<p><strong>Carlos Casares<\/strong><\/p>\n\n\n\n<p>Se pavimentar\u00e1n, mediante concreto asf\u00e1ltico, veintis\u00e9is (26) cuadras en la Ciudad de Carlos Casares.<\/p>\n\n\n\n<p>Por un monto total de $ 46.157.400,00.<\/p>\n\n\n\n<p><strong>Carlos Tejedor<\/strong><\/p>\n\n\n\n<p>Se pavimentar\u00e1 el centro de la Localidad de Colonia Ser\u00e9, donde est\u00e1n concentradas las instituciones p\u00fablicas con mayor afluencia de sus habitantes (Frente a la plaza principal se emplaza el Cuartel de Bomberos, Escuela P\u00fablica Primaria N\u00ba2, Escuela P\u00fablica Secundaria N\u00ba 201, Jard\u00edn Maternal N\u00ba902, Iglesia Ntra. Se\u00f1ora del Rosario y el Destacamento Policial, entre otros).<\/p>\n\n\n\n<p>Por un monto total de $ 14.971.715,00<\/p>\n\n\n\n<p>A fin de seguir mejorando las condiciones ambientales y socio-econ\u00f3micas del barrio Carar\u00fa \u2013 el cual no cuenta con calles pavimentadas-, se plantea continuar con el proyecto de cord\u00f3n cuneta.<\/p>\n\n\n\n<p>Por un monto total de $ 10.858.596,78.<\/p>\n\n\n\n<p><strong>Chivilcoy<\/strong><\/p>\n\n\n\n<p>Ejecuci\u00f3n de carpeta asf\u00e1ltica en 51 cuadras en la ciudad de Chivilcoy.<\/p>\n\n\n\n<p>Por un monto total de $ 80.562.000,00.<\/p>\n\n\n\n<p><strong>Coronel Su\u00e1rez<\/strong><\/p>\n\n\n\n<p>Reconstrucci\u00f3n, renovaci\u00f3n y puesta en valor de una de las arterias principales de la ciudad, calle Bartolom\u00e9 Mitre. La propuesta abarca una secci\u00f3n de 200mts, comprendida entre Av. Alsina y calle Brandsen.<\/p>\n\n\n\n<p>Por un monto total de $ 15.249.836,43<\/p>\n\n\n\n<p>Se proceder\u00e1 a la modernizaci\u00f3n del alumbrado p\u00fablico, sustituyendo 328 luminarias existentes por luminarias LED en las avenidas Casey, Alsina e Hip\u00f3lito Yrigoyen.<\/p>\n\n\n\n<p>Por un monto total de $ 8.747.785,67<\/p>\n\n\n\n<p>A su vez, se confeccionar\u00e1 un circuito vial y recreativo que recorra las principales arterias de la ciudad, espacios verdes e instituciones, conectado a su vez con la arteria principal hacia los pueblos alemanes. Se construir\u00e1n ciclo v\u00edas con rampas y luminarias.<\/p>\n\n\n\n<p>Por un monto total de $ 17.486.288,93.<\/p>\n\n\n\n<p><strong>Daireaux<\/strong><\/p>\n\n\n\n<p>Se proceder\u00e1 a la pavimentaci\u00f3n en tres sectores de la ciudad con una superficie total de 16.456m2 de Hormig\u00f3n Simple.<\/p>\n\n\n\n<p>Por un monto total de $ 42.337.800,00.<\/p>\n\n\n\n<p><strong>Florentino Ameghino<\/strong><\/p>\n\n\n\n<p>Remodelaci\u00f3n y construcci\u00f3n del sector de diagn\u00f3stico por im\u00e1genes, internaci\u00f3n, residuos patog\u00e9nicos y dep\u00f3sito de limpieza, kinesiolog\u00eda y farmacia del Hospital Municipal Dr. Felipe A. Pelaez.<\/p>\n\n\n\n<p>Por un monto total de $ 19.598.400,00.<\/p>\n\n\n\n<p><strong>General Pinto<\/strong><\/p>\n\n\n\n<p>Construcci\u00f3n de 17.420, 21 mt2 de pavimento r\u00edgido de hormig\u00f3n H30 en distintos barrios perif\u00e9ricos y en la Localidad de Germania.<\/p>\n\n\n\n<p>Por un monto total de $ 31.606.700,97.<\/p>\n\n\n\n<p><strong>General Viamonte<\/strong><\/p>\n\n\n\n<p>Ejecuci\u00f3n de pavimento de Hormig\u00f3n Simple. Contempla la ejecuci\u00f3n de base de suelo cemento y la carpeta de rodamiento en calles e intersecciones en la ciudad de Los Toldos.<\/p>\n\n\n\n<p>Por un monto total de $ 30.770.696,89.<\/p>\n\n\n\n<p><strong>Hip\u00f3lito Yrigoyen<\/strong><\/p>\n\n\n\n<p>Ejecuci\u00f3n de 3859 m2 de pavimento de hormig\u00f3n simple.<\/p>\n\n\n\n<p>Por un monto total de $ 19.992.000,00.<\/p>\n\n\n\n<p><strong>Lincoln<\/strong><\/p>\n\n\n\n<p>Colocaci\u00f3n de 200 luminarias Led en la ciudad de Lincoln.<\/p>\n\n\n\n<p>Por un monto total de $ 2.726.293,70<\/p>\n\n\n\n<p>Se colocar\u00e1n asimismo, 440 nomencladores de calles, a fin de completar el ordenamiento de calles en la periferia de la ciudad de Lincoln.<\/p>\n\n\n\n<p>Por un monto total de $ 8.360.000,00.<\/p>\n\n\n\n<p><strong>9 de Julio<\/strong><\/p>\n\n\n\n<p>Se reubicar\u00e1 la actual playa de camiones a otro punto estrat\u00e9gico de la ciudad. Se ejecutar\u00e1 cerco perimetral, port\u00f3n, calzada, cabina de acceso e iluminaci\u00f3n.<\/p>\n\n\n\n<p>Por un monto total de $ 11.037.143,79<\/p>\n\n\n\n<p>Modernizaci\u00f3n y revalorizaci\u00f3n del parque General San Martin, con el fin de crear un \u00e1rea de esparcimiento moderno, equip\u00e1ndolo con nuevos juegos, equipamientos, veredas, etc.<\/p>\n\n\n\n<p>Por un monto total de $ 15.179.115,42<\/p>\n\n\n\n<p>Ejecuci\u00f3n de asfalto en caliente de 6 calles de la Av 9 de Julio pertenecientes a la localidad de Dudignac, permitiendo mejorar la circulaci\u00f3n de sus habitantes.<\/p>\n\n\n\n<p>Por un monto total de $ 14.569.940,79.<\/p>\n\n\n\n<p><strong>Pehuaj\u00f3<\/strong><\/p>\n\n\n\n<p>Construcci\u00f3n de Pavimento de hormig\u00f3n con cord\u00f3n integral en las calles de dos sectores de la ciudad de Pehuaj\u00f3: Barrio Belgrano y Barrio Don Domingo.<\/p>\n\n\n\n<p>Por un monto total de $ 17.007.428,68.<\/p>\n\n\n\n<p><strong>Rivadavia<\/strong><\/p>\n\n\n\n<p>Construcci\u00f3n de 23.301 m2 de carpeta asf\u00e1ltica en la Localidad de Am\u00e9rica.<\/p>\n\n\n\n<p>Por un monto total de $ 40.347.705,69.<\/p>\n\n\n\n<p><strong>Tornquist<\/strong><\/p>\n\n\n\n<p>1\u00b0 etapa, Pavimentaci\u00f3n y reencarpetado en la localidad de Tornquist, y 2\u00b0 etapa consistente en la construcci\u00f3n de cord\u00f3n cuneta, cord\u00f3n simple, badenes y carpeta de concreto asf\u00e1ltico en la localidad de Sierra de la Ventana.<\/p>\n\n\n\n<p>Por un monto total de $ 37.275.099,96.<\/p>\n\n\n\n<p><strong>Trenque Lauquen<\/strong><\/p>\n\n\n\n<p>Se proceder\u00e1 a la ampliaci\u00f3n del edificio de la delegaci\u00f3n municipal de la calle Arist\u00f3bulo del Valle N\u00b0151 de 30 de Agosto. Incluye la construcci\u00f3n de sala de Registro Civil, Oficina de Transito, 14 nuevas oficinas, archivo, sanitarios, sala de espera y Auditorio.<\/p>\n\n\n\n<p>Por un monto total de $ 15.000.000,00.<\/p>\n\n\n\n<p><strong>Tres Lomas<\/strong><\/p>\n\n\n\n<p>Con el objetivo de resolver los problemas sanitarios del sistema actual de recolecci\u00f3n y disposici\u00f3n de residuos del partido de Tres Lomas, se proyecta ejecutar el piso para la planta del galp\u00f3n de separaci\u00f3n de residuos s\u00f3lidos urbanos.<\/p>\n\n\n\n<p>Por un monto total de $ 2.830.000,00<\/p>\n\n\n\n<p>Rehabilitaci\u00f3n y mejora de los accesos, vereda y d\u00e1rsenas del Palacio Municipal, utilizando criterios modernos de gesti\u00f3n y dise\u00f1o urbano para la mejora de la calidad de vida de los vecinos, preservando el espacio p\u00fablico de la Ciudad.<\/p>\n\n\n\n<p>Por un monto total de $ 5.536.870,96<\/p>\n\n\n\n<p>Ampliaci\u00f3n del Hospital Municipal, mediante la construcci\u00f3n de un nuevo sector administrativo.<\/p>\n\n\n\n<p>Por un monto total de $ 9.252.129,04.<\/p>\n\n\n\n<p><\/p>\n","protected":false},"excerpt":{"rendered":"<p>Trenque Lauquen. Se proceder\u00e1 a la ampliaci\u00f3n del edificio de la delegaci\u00f3n municipal de la calle Arist\u00f3bulo del Valle N\u00b0151 de 30 de Agosto<\/p>\n","protected":false},"author":2,"featured_media":78981,"comment_status":"closed","ping_status":"open","sticky":false,"template":"","format":"standard","meta":{"footnotes":""},"categories":[1614],"tags":[3802],"class_list":["post-78980","post","type-post","status-publish","format-standard","has-post-thumbnail","hentry","category-c2nota7","tag-de-los-anuncios-de-kicillof-con-intendentes"],"yoast_head":"<!-- This site is optimized with the Yoast SEO plugin v23.4 - https:\/\/yoast.com\/wordpress\/plugins\/seo\/ -->\n<title>Las obras a realizarse en la regi\u00f3n a trav\u00e9s del Fondo de Infraestructura Municipal - Infoecos<\/title>\n<meta name=\"robots\" content=\"index, follow, max-snippet:-1, max-image-preview:large, max-video-preview:-1\" \/>\n<link rel=\"canonical\" href=\"https:\/\/infoecos.com.ar\/index.php\/las-obras-a-realizarse-en-la-region-a-traves-del-fondo-de-infraestructura-municipal\/\" \/>\n<meta property=\"og:locale\" content=\"es_ES\" \/>\n<meta property=\"og:type\" content=\"article\" \/>\n<meta property=\"og:title\" content=\"Las obras a realizarse en la regi\u00f3n a trav\u00e9s del Fondo de Infraestructura Municipal - Infoecos\" \/>\n<meta property=\"og:description\" content=\"Trenque Lauquen. Se proceder\u00e1 a la ampliaci\u00f3n del edificio de la delegaci\u00f3n municipal de la calle Arist\u00f3bulo del Valle N\u00b0151 de 30 de Agosto\" \/>\n<meta property=\"og:url\" content=\"https:\/\/infoecos.com.ar\/index.php\/las-obras-a-realizarse-en-la-region-a-traves-del-fondo-de-infraestructura-municipal\/\" \/>\n<meta property=\"og:site_name\" content=\"Infoecos\" \/>\n<meta property=\"article:publisher\" content=\"https:\/\/www.facebook.com\/profile.php?id=100063200290284\" \/>\n<meta property=\"article:published_time\" content=\"2021-06-01T03:49:03+00:00\" \/>\n<meta property=\"article:modified_time\" content=\"2021-06-02T04:28:37+00:00\" \/>\n<meta property=\"og:image\" content=\"https:\/\/infoecos.com.ar\/wp-content\/uploads\/2021\/06\/2021_05_31_AK_Videoconferencia-FIM_019-scaled.jpg\" \/>\n\t<meta property=\"og:image:width\" content=\"2560\" \/>\n\t<meta property=\"og:image:height\" content=\"1707\" \/>\n\t<meta property=\"og:image:type\" content=\"image\/jpeg\" \/>\n<meta name=\"author\" content=\"Jorge Matheus\" \/>\n<meta name=\"twitter:card\" content=\"summary_large_image\" \/>\n<meta name=\"twitter:creator\" content=\"@infoecos\" \/>\n<meta name=\"twitter:site\" content=\"@infoecos\" \/>\n<meta name=\"twitter:label1\" content=\"Escrito por\" \/>\n\t<meta name=\"twitter:data1\" content=\"Jorge Matheus\" \/>\n\t<meta name=\"twitter:label2\" content=\"Tiempo de lectura\" \/>\n\t<meta name=\"twitter:data2\" content=\"6 minutos\" \/>\n<script type=\"application\/ld+json\" class=\"yoast-schema-graph\">{\"@context\":\"https:\/\/schema.org\",\"@graph\":[{\"@type\":\"Article\",\"@id\":\"https:\/\/infoecos.com.ar\/index.php\/las-obras-a-realizarse-en-la-region-a-traves-del-fondo-de-infraestructura-municipal\/#article\",\"isPartOf\":{\"@id\":\"https:\/\/infoecos.com.ar\/index.php\/las-obras-a-realizarse-en-la-region-a-traves-del-fondo-de-infraestructura-municipal\/\"},\"author\":{\"name\":\"Jorge Matheus\",\"@id\":\"https:\/\/infoecos.com.ar\/#\/schema\/person\/8f5ace5ce73b4b4aac4b7245aee6f191\"},\"headline\":\"Las obras a realizarse en la regi\u00f3n a trav\u00e9s del Fondo de Infraestructura Municipal\",\"datePublished\":\"2021-06-01T03:49:03+00:00\",\"dateModified\":\"2021-06-02T04:28:37+00:00\",\"mainEntityOfPage\":{\"@id\":\"https:\/\/infoecos.com.ar\/index.php\/las-obras-a-realizarse-en-la-region-a-traves-del-fondo-de-infraestructura-municipal\/\"},\"wordCount\":1161,\"publisher\":{\"@id\":\"https:\/\/infoecos.com.ar\/#organization\"},\"image\":{\"@id\":\"https:\/\/infoecos.com.ar\/index.php\/las-obras-a-realizarse-en-la-region-a-traves-del-fondo-de-infraestructura-municipal\/#primaryimage\"},\"thumbnailUrl\":\"https:\/\/infoecos.com.ar\/wp-content\/uploads\/2021\/06\/2021_05_31_AK_Videoconferencia-FIM_019-scaled.jpg\",\"keywords\":[\"DE LOS ANUNCIOS DE KICILLOF CON INTENDENTES\"],\"articleSection\":[\"C2 N7\"],\"inLanguage\":\"es\"},{\"@type\":\"WebPage\",\"@id\":\"https:\/\/infoecos.com.ar\/index.php\/las-obras-a-realizarse-en-la-region-a-traves-del-fondo-de-infraestructura-municipal\/\",\"url\":\"https:\/\/infoecos.com.ar\/index.php\/las-obras-a-realizarse-en-la-region-a-traves-del-fondo-de-infraestructura-municipal\/\",\"name\":\"Las obras a realizarse en la regi\u00f3n a trav\u00e9s del Fondo de Infraestructura Municipal - Infoecos\",\"isPartOf\":{\"@id\":\"https:\/\/infoecos.com.ar\/#website\"},\"primaryImageOfPage\":{\"@id\":\"https:\/\/infoecos.com.ar\/index.php\/las-obras-a-realizarse-en-la-region-a-traves-del-fondo-de-infraestructura-municipal\/#primaryimage\"},\"image\":{\"@id\":\"https:\/\/infoecos.com.ar\/index.php\/las-obras-a-realizarse-en-la-region-a-traves-del-fondo-de-infraestructura-municipal\/#primaryimage\"},\"thumbnailUrl\":\"https:\/\/infoecos.com.ar\/wp-content\/uploads\/2021\/06\/2021_05_31_AK_Videoconferencia-FIM_019-scaled.jpg\",\"datePublished\":\"2021-06-01T03:49:03+00:00\",\"dateModified\":\"2021-06-02T04:28:37+00:00\",\"breadcrumb\":{\"@id\":\"https:\/\/infoecos.com.ar\/index.php\/las-obras-a-realizarse-en-la-region-a-traves-del-fondo-de-infraestructura-municipal\/#breadcrumb\"},\"inLanguage\":\"es\",\"potentialAction\":[{\"@type\":\"ReadAction\",\"target\":[\"https:\/\/infoecos.com.ar\/index.php\/las-obras-a-realizarse-en-la-region-a-traves-del-fondo-de-infraestructura-municipal\/\"]}]},{\"@type\":\"ImageObject\",\"inLanguage\":\"es\",\"@id\":\"https:\/\/infoecos.com.ar\/index.php\/las-obras-a-realizarse-en-la-region-a-traves-del-fondo-de-infraestructura-municipal\/#primaryimage\",\"url\":\"https:\/\/infoecos.com.ar\/wp-content\/uploads\/2021\/06\/2021_05_31_AK_Videoconferencia-FIM_019-scaled.jpg\",\"contentUrl\":\"https:\/\/infoecos.com.ar\/wp-content\/uploads\/2021\/06\/2021_05_31_AK_Videoconferencia-FIM_019-scaled.jpg\",\"width\":2560,\"height\":1707,\"caption\":\"31 de mayo de 2021. El Gobernador de la provincia de Buenos Aires, Axel Kicillof, encabezo una videoconferencia anunciando obras en municipios dentro del FIM. Foto: Mariano Sandy\"},{\"@type\":\"BreadcrumbList\",\"@id\":\"https:\/\/infoecos.com.ar\/index.php\/las-obras-a-realizarse-en-la-region-a-traves-del-fondo-de-infraestructura-municipal\/#breadcrumb\",\"itemListElement\":[{\"@type\":\"ListItem\",\"position\":1,\"name\":\"Portada\",\"item\":\"https:\/\/infoecos.com.ar\/\"},{\"@type\":\"ListItem\",\"position\":2,\"name\":\"Las obras a realizarse en la regi\u00f3n a trav\u00e9s del Fondo de Infraestructura Municipal\"}]},{\"@type\":\"WebSite\",\"@id\":\"https:\/\/infoecos.com.ar\/#website\",\"url\":\"https:\/\/infoecos.com.ar\/\",\"name\":\"Infoecos\",\"description\":\"Noticias de trenque lauquen y la zona\",\"publisher\":{\"@id\":\"https:\/\/infoecos.com.ar\/#organization\"},\"alternateName\":\"Noticias\",\"potentialAction\":[{\"@type\":\"SearchAction\",\"target\":{\"@type\":\"EntryPoint\",\"urlTemplate\":\"https:\/\/infoecos.com.ar\/?s={search_term_string}\"},\"query-input\":{\"@type\":\"PropertyValueSpecification\",\"valueRequired\":true,\"valueName\":\"search_term_string\"}}],\"inLanguage\":\"es\"},{\"@type\":\"Organization\",\"@id\":\"https:\/\/infoecos.com.ar\/#organization\",\"name\":\"Infoecos\",\"alternateName\":\"Noticias\",\"url\":\"https:\/\/infoecos.com.ar\/\",\"logo\":{\"@type\":\"ImageObject\",\"inLanguage\":\"es\",\"@id\":\"https:\/\/infoecos.com.ar\/#\/schema\/logo\/image\/\",\"url\":\"https:\/\/infoecos.com.ar\/wp-content\/uploads\/2024\/03\/cropped-logo.png\",\"contentUrl\":\"https:\/\/infoecos.com.ar\/wp-content\/uploads\/2024\/03\/cropped-logo.png\",\"width\":374,\"height\":90,\"caption\":\"Infoecos\"},\"image\":{\"@id\":\"https:\/\/infoecos.com.ar\/#\/schema\/logo\/image\/\"},\"sameAs\":[\"https:\/\/www.facebook.com\/profile.php?id=100063200290284\",\"https:\/\/x.com\/infoecos\"]},{\"@type\":\"Person\",\"@id\":\"https:\/\/infoecos.com.ar\/#\/schema\/person\/8f5ace5ce73b4b4aac4b7245aee6f191\",\"name\":\"Jorge Matheus\",\"url\":\"https:\/\/infoecos.com.ar\/index.php\/author\/jomatheus\/\"}]}<\/script>\n<!-- \/ Yoast SEO plugin. -->","yoast_head_json":{"title":"Las obras a realizarse en la regi\u00f3n a trav\u00e9s del Fondo de Infraestructura Municipal - Infoecos","robots":{"index":"index","follow":"follow","max-snippet":"max-snippet:-1","max-image-preview":"max-image-preview:large","max-video-preview":"max-video-preview:-1"},"canonical":"https:\/\/infoecos.com.ar\/index.php\/las-obras-a-realizarse-en-la-region-a-traves-del-fondo-de-infraestructura-municipal\/","og_locale":"es_ES","og_type":"article","og_title":"Las obras a realizarse en la regi\u00f3n a trav\u00e9s del Fondo de Infraestructura Municipal - Infoecos","og_description":"Trenque Lauquen. Se proceder\u00e1 a la ampliaci\u00f3n del edificio de la delegaci\u00f3n municipal de la calle Arist\u00f3bulo del Valle N\u00b0151 de 30 de Agosto","og_url":"https:\/\/infoecos.com.ar\/index.php\/las-obras-a-realizarse-en-la-region-a-traves-del-fondo-de-infraestructura-municipal\/","og_site_name":"Infoecos","article_publisher":"https:\/\/www.facebook.com\/profile.php?id=100063200290284","article_published_time":"2021-06-01T03:49:03+00:00","article_modified_time":"2021-06-02T04:28:37+00:00","og_image":[{"width":2560,"height":1707,"url":"https:\/\/infoecos.com.ar\/wp-content\/uploads\/2021\/06\/2021_05_31_AK_Videoconferencia-FIM_019-scaled.jpg","type":"image\/jpeg"}],"author":"Jorge Matheus","twitter_card":"summary_large_image","twitter_creator":"@infoecos","twitter_site":"@infoecos","twitter_misc":{"Escrito por":"Jorge Matheus","Tiempo de lectura":"6 minutos"},"schema":{"@context":"https:\/\/schema.org","@graph":[{"@type":"Article","@id":"https:\/\/infoecos.com.ar\/index.php\/las-obras-a-realizarse-en-la-region-a-traves-del-fondo-de-infraestructura-municipal\/#article","isPartOf":{"@id":"https:\/\/infoecos.com.ar\/index.php\/las-obras-a-realizarse-en-la-region-a-traves-del-fondo-de-infraestructura-municipal\/"},"author":{"name":"Jorge Matheus","@id":"https:\/\/infoecos.com.ar\/#\/schema\/person\/8f5ace5ce73b4b4aac4b7245aee6f191"},"headline":"Las obras a realizarse en la regi\u00f3n a trav\u00e9s del Fondo de Infraestructura Municipal","datePublished":"2021-06-01T03:49:03+00:00","dateModified":"2021-06-02T04:28:37+00:00","mainEntityOfPage":{"@id":"https:\/\/infoecos.com.ar\/index.php\/las-obras-a-realizarse-en-la-region-a-traves-del-fondo-de-infraestructura-municipal\/"},"wordCount":1161,"publisher":{"@id":"https:\/\/infoecos.com.ar\/#organization"},"image":{"@id":"https:\/\/infoecos.com.ar\/index.php\/las-obras-a-realizarse-en-la-region-a-traves-del-fondo-de-infraestructura-municipal\/#primaryimage"},"thumbnailUrl":"https:\/\/infoecos.com.ar\/wp-content\/uploads\/2021\/06\/2021_05_31_AK_Videoconferencia-FIM_019-scaled.jpg","keywords":["DE LOS ANUNCIOS DE KICILLOF CON INTENDENTES"],"articleSection":["C2 N7"],"inLanguage":"es"},{"@type":"WebPage","@id":"https:\/\/infoecos.com.ar\/index.php\/las-obras-a-realizarse-en-la-region-a-traves-del-fondo-de-infraestructura-municipal\/","url":"https:\/\/infoecos.com.ar\/index.php\/las-obras-a-realizarse-en-la-region-a-traves-del-fondo-de-infraestructura-municipal\/","name":"Las obras a realizarse en la regi\u00f3n a trav\u00e9s del Fondo de Infraestructura Municipal - Infoecos","isPartOf":{"@id":"https:\/\/infoecos.com.ar\/#website"},"primaryImageOfPage":{"@id":"https:\/\/infoecos.com.ar\/index.php\/las-obras-a-realizarse-en-la-region-a-traves-del-fondo-de-infraestructura-municipal\/#primaryimage"},"image":{"@id":"https:\/\/infoecos.com.ar\/index.php\/las-obras-a-realizarse-en-la-region-a-traves-del-fondo-de-infraestructura-municipal\/#primaryimage"},"thumbnailUrl":"https:\/\/infoecos.com.ar\/wp-content\/uploads\/2021\/06\/2021_05_31_AK_Videoconferencia-FIM_019-scaled.jpg","datePublished":"2021-06-01T03:49:03+00:00","dateModified":"2021-06-02T04:28:37+00:00","breadcrumb":{"@id":"https:\/\/infoecos.com.ar\/index.php\/las-obras-a-realizarse-en-la-region-a-traves-del-fondo-de-infraestructura-municipal\/#breadcrumb"},"inLanguage":"es","potentialAction":[{"@type":"ReadAction","target":["https:\/\/infoecos.com.ar\/index.php\/las-obras-a-realizarse-en-la-region-a-traves-del-fondo-de-infraestructura-municipal\/"]}]},{"@type":"ImageObject","inLanguage":"es","@id":"https:\/\/infoecos.com.ar\/index.php\/las-obras-a-realizarse-en-la-region-a-traves-del-fondo-de-infraestructura-municipal\/#primaryimage","url":"https:\/\/infoecos.com.ar\/wp-content\/uploads\/2021\/06\/2021_05_31_AK_Videoconferencia-FIM_019-scaled.jpg","contentUrl":"https:\/\/infoecos.com.ar\/wp-content\/uploads\/2021\/06\/2021_05_31_AK_Videoconferencia-FIM_019-scaled.jpg","width":2560,"height":1707,"caption":"31 de mayo de 2021. El Gobernador de la provincia de Buenos Aires, Axel Kicillof, encabezo una videoconferencia anunciando obras en municipios dentro del FIM. Foto: Mariano Sandy"},{"@type":"BreadcrumbList","@id":"https:\/\/infoecos.com.ar\/index.php\/las-obras-a-realizarse-en-la-region-a-traves-del-fondo-de-infraestructura-municipal\/#breadcrumb","itemListElement":[{"@type":"ListItem","position":1,"name":"Portada","item":"https:\/\/infoecos.com.ar\/"},{"@type":"ListItem","position":2,"name":"Las obras a realizarse en la regi\u00f3n a trav\u00e9s del Fondo de Infraestructura Municipal"}]},{"@type":"WebSite","@id":"https:\/\/infoecos.com.ar\/#website","url":"https:\/\/infoecos.com.ar\/","name":"Infoecos","description":"Noticias de trenque lauquen y la zona","publisher":{"@id":"https:\/\/infoecos.com.ar\/#organization"},"alternateName":"Noticias","potentialAction":[{"@type":"SearchAction","target":{"@type":"EntryPoint","urlTemplate":"https:\/\/infoecos.com.ar\/?s={search_term_string}"},"query-input":{"@type":"PropertyValueSpecification","valueRequired":true,"valueName":"search_term_string"}}],"inLanguage":"es"},{"@type":"Organization","@id":"https:\/\/infoecos.com.ar\/#organization","name":"Infoecos","alternateName":"Noticias","url":"https:\/\/infoecos.com.ar\/","logo":{"@type":"ImageObject","inLanguage":"es","@id":"https:\/\/infoecos.com.ar\/#\/schema\/logo\/image\/","url":"https:\/\/infoecos.com.ar\/wp-content\/uploads\/2024\/03\/cropped-logo.png","contentUrl":"https:\/\/infoecos.com.ar\/wp-content\/uploads\/2024\/03\/cropped-logo.png","width":374,"height":90,"caption":"Infoecos"},"image":{"@id":"https:\/\/infoecos.com.ar\/#\/schema\/logo\/image\/"},"sameAs":["https:\/\/www.facebook.com\/profile.php?id=100063200290284","https:\/\/x.com\/infoecos"]},{"@type":"Person","@id":"https:\/\/infoecos.com.ar\/#\/schema\/person\/8f5ace5ce73b4b4aac4b7245aee6f191","name":"Jorge Matheus","url":"https:\/\/infoecos.com.ar\/index.php\/author\/jomatheus\/"}]}},"featured_image_urls":{"full":["https:\/\/infoecos.com.ar\/wp-content\/uploads\/2021\/06\/2021_05_31_AK_Videoconferencia-FIM_019-scaled.jpg",2560,1707,false],"thumbnail":["https:\/\/infoecos.com.ar\/wp-content\/uploads\/2021\/06\/2021_05_31_AK_Videoconferencia-FIM_019-150x150.jpg",150,150,true],"medium":["https:\/\/infoecos.com.ar\/wp-content\/uploads\/2021\/06\/2021_05_31_AK_Videoconferencia-FIM_019-460x307.jpg",460,307,true],"medium_large":["https:\/\/infoecos.com.ar\/wp-content\/uploads\/2021\/06\/2021_05_31_AK_Videoconferencia-FIM_019-768x512.jpg",640,427,true],"large":["https:\/\/infoecos.com.ar\/wp-content\/uploads\/2021\/06\/2021_05_31_AK_Videoconferencia-FIM_019-920x613.jpg",640,426,true],"1536x1536":["https:\/\/infoecos.com.ar\/wp-content\/uploads\/2021\/06\/2021_05_31_AK_Videoconferencia-FIM_019-1536x1024.jpg",1536,1024,true],"2048x2048":["https:\/\/infoecos.com.ar\/wp-content\/uploads\/2021\/06\/2021_05_31_AK_Videoconferencia-FIM_019-2048x1365.jpg",2048,1365,true],"covernews-slider-full":["https:\/\/infoecos.com.ar\/wp-content\/uploads\/2021\/06\/2021_05_31_AK_Videoconferencia-FIM_019-1536x1020.jpg",1077,715,true],"covernews-slider-center":["https:\/\/infoecos.com.ar\/wp-content\/uploads\/2021\/06\/2021_05_31_AK_Videoconferencia-FIM_019-936x897.jpg",522,500,true],"covernews-featured":["https:\/\/infoecos.com.ar\/wp-content\/uploads\/2021\/06\/2021_05_31_AK_Videoconferencia-FIM_019-1024x683.jpg",1024,683,true],"covernews-medium":["https:\/\/infoecos.com.ar\/wp-content\/uploads\/2021\/06\/2021_05_31_AK_Videoconferencia-FIM_019-720x380.jpg",540,285,true],"covernews-medium-square":["https:\/\/infoecos.com.ar\/wp-content\/uploads\/2021\/06\/2021_05_31_AK_Videoconferencia-FIM_019-675x450.jpg",375,250,true]},"author_info":{"info":["Jorge Matheus"]},"category_info":"<a href=\"https:\/\/infoecos.com.ar\/index.php\/category\/c2nota7\/\" rel=\"category tag\">C2 N7<\/a>","tag_info":"C2 N7","comment_count":"0","_links":{"self":[{"href":"https:\/\/infoecos.com.ar\/index.php\/wp-json\/wp\/v2\/posts\/78980"}],"collection":[{"href":"https:\/\/infoecos.com.ar\/index.php\/wp-json\/wp\/v2\/posts"}],"about":[{"href":"https:\/\/infoecos.com.ar\/index.php\/wp-json\/wp\/v2\/types\/post"}],"author":[{"embeddable":true,"href":"https:\/\/infoecos.com.ar\/index.php\/wp-json\/wp\/v2\/users\/2"}],"replies":[{"embeddable":true,"href":"https:\/\/infoecos.com.ar\/index.php\/wp-json\/wp\/v2\/comments?post=78980"}],"version-history":[{"count":1,"href":"https:\/\/infoecos.com.ar\/index.php\/wp-json\/wp\/v2\/posts\/78980\/revisions"}],"predecessor-version":[{"id":78982,"href":"https:\/\/infoecos.com.ar\/index.php\/wp-json\/wp\/v2\/posts\/78980\/revisions\/78982"}],"wp:featuredmedia":[{"embeddable":true,"href":"https:\/\/infoecos.com.ar\/index.php\/wp-json\/wp\/v2\/media\/78981"}],"wp:attachment":[{"href":"https:\/\/infoecos.com.ar\/index.php\/wp-json\/wp\/v2\/media?parent=78980"}],"wp:term":[{"taxonomy":"category","embeddable":true,"href":"https:\/\/infoecos.com.ar\/index.php\/wp-json\/wp\/v2\/categories?post=78980"},{"taxonomy":"post_tag","embeddable":true,"href":"https:\/\/infoecos.com.ar\/index.php\/wp-json\/wp\/v2\/tags?post=78980"}],"curies":[{"name":"wp","href":"https:\/\/api.w.org\/{rel}","templated":true}]}}