{"id":78983,"date":"2021-06-01T00:55:29","date_gmt":"2021-06-01T03:55:29","guid":{"rendered":"http:\/\/infoecos.com.ar\/?p=78983"},"modified":"2021-06-02T01:30:48","modified_gmt":"2021-06-02T04:30:48","slug":"se-cometieron-94-femicidios-en-el-primer-semestre-del-ano","status":"publish","type":"post","link":"https:\/\/infoecos.com.ar\/index.php\/se-cometieron-94-femicidios-en-el-primer-semestre-del-ano\/","title":{"rendered":"Se cometieron 94 femicidios en el primer semestre del a\u00f1o"},"content":{"rendered":"\n<p class=\"wp-block-paragraph\">Un total de 94 femicidos, entre ellos 15 v\u00ednculados y 4 trans-travesticidios, se registraron en lo que va del a\u00f1o en la Argentina, lo que significa una cada 38 horas, indic\u00f3 este domingo la organizaci\u00f3n MuMal\u00e1-Mujeres de la Matria Latinoamericana.<\/p>\n\n\n\n<div class=\"wp-block-image\"><figure class=\"aligncenter size-medium\"><img decoding=\"async\" src=\"http:\/\/infoecos.com.ar\/wp-content\/uploads\/r14oWHhY4l_930x525-460x260.jpg\" alt=\"\" class=\"wp-image-48399\"\/><figcaption>Ni una menos<\/figcaption><\/figure><\/div>\n\n\n\n<p class=\"wp-block-paragraph\">En tanto, seg\u00fan el informe difundido este domingo, en lo que va del 2021 se cometieron 143 muertes violentas de mujeres, travestis y trans, lo que registr\u00f3 una cada 25 horas.<\/p>\n\n\n\n<p class=\"wp-block-paragraph\">Por su parte, se registraron 22 muertes violentas asociadas al g\u00e9nero, vinculadas a econom\u00edas delictivas o colaterales y robos, y 21 est\u00e1n en proceso de investigaci\u00f3n.<\/p>\n\n\n\n<p class=\"wp-block-paragraph\">Desde la organizaci\u00f3n tambi\u00e9n se\u00f1alaron que hubo 140 intentos de femicidios y seis femicidas se suicidaron luego cometer el asesinato.<\/p>\n\n\n\n<p class=\"wp-block-paragraph\">Seg\u00fan el informe, el 14 % de los femicidios fue perpetrado por integrantes de las fuerzas de seguridad.<\/p>\n\n\n\n<p class=\"wp-block-paragraph\">Tambi\u00e9n se indic\u00f3 que el 25 % de las v\u00edctimas hab\u00eda denunciado a su agresor, y que el 16 % ten\u00eda orden de restricci\u00f3n de contacto o perimetral y s\u00f3lo el 2% dispon\u00eda bot\u00f3n antip\u00e1nico.<\/p>\n\n\n\n<p class=\"wp-block-paragraph\">Los datos aportados por la organizaci\u00f3n MuMaL\u00e1, el 89 % de los femicidas eran conocidos por las v\u00edctimas (63 % parejas y ex parejas) y el 71 % de los femicidios se realizaron en la vivienda de la v\u00edctima o vivienda compartida.<\/p>\n\n\n\n<p class=\"wp-block-paragraph\">Por \u00faltimo, el 37 % de los ataques fueron con arma blanca y el 22% fueron asesinadas con arma de fuego, a\u00f1adi\u00f3 el documento.<\/p>\n\n\n\n<p class=\"wp-block-paragraph\">Desde la organizaci\u00f3n le solicitaron \u201cla declaraci\u00f3n de la #EmergenciaNiUnaMenos con el objetivo de reasignar y priorizar recursos humanos y econ\u00f3micos para la atenci\u00f3n integral de mujeres e integrantes del colectivo LGTBIQ+\u201d.<\/p>\n\n\n\n<p class=\"wp-block-paragraph\">Por \u00faltimo, pidieron por la aparici\u00f3n de<strong>&nbsp;Tehuel De la Torre<\/strong>, el joven trans que fue visto por \u00faltima vez el pasado 11 de marzo cuando fue a una entrevista laboral en la localidad bonaerense de Alejandro Korn.<\/p>\n\n\n\n<p class=\"wp-block-paragraph\"><strong>(L\u00ednea 144: atenci\u00f3n, contenci\u00f3n y asesoramiento en situaciones de violencia de g\u00e9nero. Por WhatsApp: +5491127716463)<\/strong>.<\/p>\n\n\n\n<p class=\"wp-block-paragraph\"><strong>Fuente: codigobaires.com.ar<\/strong><\/p>\n","protected":false},"excerpt":{"rendered":"<p>Seg\u00fan el informe difundido este domingo, en lo que va del 2021 se cometieron 143 muertes violentas de mujeres, travestis y trans, lo que registr\u00f3 una cada 25 horas<\/p>\n","protected":false},"author":2,"featured_media":48399,"comment_status":"closed","ping_status":"open","sticky":false,"template":"","format":"standard","meta":{"footnotes":""},"categories":[42],"tags":[2557],"class_list":["post-78983","post","type-post","status-publish","format-standard","has-post-thumbnail","hentry","category-inferior3","tag-violencia-de-genero"],"featured_image_urls":{"full":"","thumbnail":"","medium":"","medium_large":"","large":"","1536x1536":"","2048x2048":"","covernews-slider-full":"","covernews-slider-center":"","covernews-featured":"","covernews-medium":"","covernews-medium-square":""},"author_info":{"info":["Jorge Matheus"]},"category_info":"<a href=\"https:\/\/infoecos.com.ar\/index.php\/category\/inferior3\/\" rel=\"category tag\">Bloque inferior - 3<\/a>","tag_info":"Bloque inferior - 3","comment_count":"0","_links":{"self":[{"href":"https:\/\/infoecos.com.ar\/index.php\/wp-json\/wp\/v2\/posts\/78983","targetHints":{"allow":["GET"]}}],"collection":[{"href":"https:\/\/infoecos.com.ar\/index.php\/wp-json\/wp\/v2\/posts"}],"about":[{"href":"https:\/\/infoecos.com.ar\/index.php\/wp-json\/wp\/v2\/types\/post"}],"author":[{"embeddable":true,"href":"https:\/\/infoecos.com.ar\/index.php\/wp-json\/wp\/v2\/users\/2"}],"replies":[{"embeddable":true,"href":"https:\/\/infoecos.com.ar\/index.php\/wp-json\/wp\/v2\/comments?post=78983"}],"version-history":[{"count":1,"href":"https:\/\/infoecos.com.ar\/index.php\/wp-json\/wp\/v2\/posts\/78983\/revisions"}],"predecessor-version":[{"id":78984,"href":"https:\/\/infoecos.com.ar\/index.php\/wp-json\/wp\/v2\/posts\/78983\/revisions\/78984"}],"wp:attachment":[{"href":"https:\/\/infoecos.com.ar\/index.php\/wp-json\/wp\/v2\/media?parent=78983"}],"wp:term":[{"taxonomy":"category","embeddable":true,"href":"https:\/\/infoecos.com.ar\/index.php\/wp-json\/wp\/v2\/categories?post=78983"},{"taxonomy":"post_tag","embeddable":true,"href":"https:\/\/infoecos.com.ar\/index.php\/wp-json\/wp\/v2\/tags?post=78983"}],"curies":[{"name":"wp","href":"https:\/\/api.w.org\/{rel}","templated":true}]}}