{"id":79000,"date":"2021-06-01T01:39:30","date_gmt":"2021-06-01T04:39:30","guid":{"rendered":"http:\/\/infoecos.com.ar\/?p=79000"},"modified":"2021-06-03T02:47:01","modified_gmt":"2021-06-03T05:47:01","slug":"proponen-crear-una-unidad-funcional-de-instruccion-y-juicio-especializada-en-delitos-rurales","status":"publish","type":"post","link":"https:\/\/infoecos.com.ar\/index.php\/proponen-crear-una-unidad-funcional-de-instruccion-y-juicio-especializada-en-delitos-rurales\/","title":{"rendered":"Proponen crear una Unidad Funcional de Instrucci\u00f3n y Juicio, especializada en Delitos Rurales"},"content":{"rendered":"\n<p>La creaci\u00f3n de una Unidad Funcional de Instrucci\u00f3n y Juicio, especializada en Delitos Rurales y conexos, para el departamento judicial de Trenque Lauquen, es un proyecto autor\u00eda del diputado Emiliano Balb\u00edn, acompa\u00f1ado por sus pares de bancada Valent\u00edn Miranda, Fernando Rovello y Luciano Bugallo, y surgi\u00f3 a partir de una serie de reuniones con las diferentes asociaciones rurales de la zona.<\/p>\n\n\n\n<p>Este proyecto favorecer\u00eda a los distritos que componen el departamento judicial de Trenque Lauquen, que son: Trenque Lauquen, General Villegas, Carlos Tejedor, Rivadavia, Pehuaj\u00f3, Carlos Casares, Hip\u00f3lito Yrigoyen, Pellegrini, Tres Lomas, Salliquel\u00f3, Daireaux, Guamin\u00ed, y Adolfo Alsina.<\/p>\n\n\n\n<div class=\"wp-block-image\"><figure class=\"aligncenter size-medium\"><img loading=\"lazy\" decoding=\"async\" width=\"460\" height=\"307\" src=\"http:\/\/infoecos.com.ar\/wp-content\/uploads\/2021\/02\/BALBINEMILIANOYMIRANDAVALENTIN-460x307.jpg\" alt=\"\" class=\"wp-image-74366\" srcset=\"https:\/\/infoecos.com.ar\/wp-content\/uploads\/2021\/02\/BALBINEMILIANOYMIRANDAVALENTIN-460x307.jpg 460w, https:\/\/infoecos.com.ar\/wp-content\/uploads\/2021\/02\/BALBINEMILIANOYMIRANDAVALENTIN-920x613.jpg 920w, https:\/\/infoecos.com.ar\/wp-content\/uploads\/2021\/02\/BALBINEMILIANOYMIRANDAVALENTIN-768x512.jpg 768w, https:\/\/infoecos.com.ar\/wp-content\/uploads\/2021\/02\/BALBINEMILIANOYMIRANDAVALENTIN-1024x682.jpg 1024w, https:\/\/infoecos.com.ar\/wp-content\/uploads\/2021\/02\/BALBINEMILIANOYMIRANDAVALENTIN-675x450.jpg 675w, https:\/\/infoecos.com.ar\/wp-content\/uploads\/2021\/02\/BALBINEMILIANOYMIRANDAVALENTIN.jpg 1280w\" sizes=\"(max-width: 460px) 100vw, 460px\" \/><\/figure><\/div>\n\n\n\n<p>\u201cGracias a la Mesa de Seguridad Provincial de CARBAP por los aportes al proyecto de Ley que presentamos sobre la creaci\u00f3n de la Fiscal\u00eda Especializada en Delitos Rurales y otros temas de inter\u00e9s del sector productivo que charlamos con los productores agropecuarios\u201d, se\u00f1al\u00f3 Balb\u00edn luego de las reuniones.<\/p>\n\n\n\n<p>El proyecto de Ley define al establecimiento rural todo inmueble que, estando situado fuera de los ejidos de las ciudades o pueblos de la Provincia, se destine a la cr\u00eda, mejora o engorde del ganado, actividades de granja o cultivo de la tierra, a la avicultura u otras crianzas, fomento o aprovechamiento semejante.<\/p>\n\n\n\n<p>\u201cUna de las mayores preocupaciones de los pueblos rurales es la inseguridad que se produce en los campos, con delitos especiales y espec\u00edficos de la zona rural. Los delitos est\u00e1n en franco aumento y se producen en modalidades cada vez m\u00e1s violentas\u201d, agreg\u00f3 el legislador radical.<\/p>\n\n\n\n<div class=\"wp-block-image\"><figure class=\"aligncenter size-medium\"><img loading=\"lazy\" decoding=\"async\" width=\"460\" height=\"221\" src=\"http:\/\/infoecos.com.ar\/wp-content\/uploads\/2021\/06\/UFIRURAL-460x221.jpg\" alt=\"\" class=\"wp-image-79001\" srcset=\"https:\/\/infoecos.com.ar\/wp-content\/uploads\/2021\/06\/UFIRURAL-460x221.jpg 460w, https:\/\/infoecos.com.ar\/wp-content\/uploads\/2021\/06\/UFIRURAL-920x442.jpg 920w, https:\/\/infoecos.com.ar\/wp-content\/uploads\/2021\/06\/UFIRURAL-768x369.jpg 768w, https:\/\/infoecos.com.ar\/wp-content\/uploads\/2021\/06\/UFIRURAL-1024x492.jpg 1024w, https:\/\/infoecos.com.ar\/wp-content\/uploads\/2021\/06\/UFIRURAL.jpg 1280w\" sizes=\"(max-width: 460px) 100vw, 460px\" \/><\/figure><\/div>\n\n\n\n<p>\u201cEl robo de ganado, las roturas de silo bolsa, el abigeato, los da\u00f1os en maquinarias, herramientas, plaguicidas, semillas, llegando al maltrato y violencia f\u00edsica en contra de la familia rural, que se ven sumidas en una desprotecci\u00f3n a\u00fan mayor que en el medio urbano por las caracter\u00edsticas propias del entorno rural, la soledad, las largas distancias, la falta de luz, caminos rurales complejos y falta de conexi\u00f3n tecnol\u00f3gica\u201d, grafic\u00f3 Balb\u00edn.<\/p>\n\n\n\n<p>\u201cTenemos la convicci\u00f3n de que la especializaci\u00f3n tem\u00e1tica de los fiscales es conveniente, necesaria y redundar\u00e1 en un mejor servicio de justicia. Desde el mismo modo que no es lo mismo investigar un delito de violencia de g\u00e9nero, sucede lo mismo con los delitos rurales\u201d, finaliz\u00f3 diciendo el diputado oriundo de Salliquel\u00f3.<\/p>\n","protected":false},"excerpt":{"rendered":"<p>Es un proyecto autor\u00eda del diputado Emiliano Balb\u00edn, acompa\u00f1ado por sus pares de bancada Valent\u00edn Miranda, Fernando Rovello y Luciano Bugallo<\/p>\n","protected":false},"author":2,"featured_media":74366,"comment_status":"closed","ping_status":"open","sticky":false,"template":"","format":"standard","meta":{"footnotes":""},"categories":[43],"tags":[3806],"class_list":["post-79000","post","type-post","status-publish","format-standard","has-post-thumbnail","hentry","category-inferior4","tag-en-el-departamento-judicial-trenque-lauquen"],"yoast_head":"<!-- This site is optimized with the Yoast SEO plugin v23.4 - https:\/\/yoast.com\/wordpress\/plugins\/seo\/ -->\n<title>Proponen crear una Unidad Funcional de Instrucci\u00f3n y Juicio, especializada en Delitos Rurales - Infoecos<\/title>\n<meta name=\"robots\" content=\"index, follow, max-snippet:-1, max-image-preview:large, max-video-preview:-1\" \/>\n<link rel=\"canonical\" href=\"https:\/\/infoecos.com.ar\/index.php\/proponen-crear-una-unidad-funcional-de-instruccion-y-juicio-especializada-en-delitos-rurales\/\" \/>\n<meta property=\"og:locale\" content=\"es_ES\" \/>\n<meta property=\"og:type\" content=\"article\" \/>\n<meta property=\"og:title\" content=\"Proponen crear una Unidad Funcional de Instrucci\u00f3n y Juicio, especializada en Delitos Rurales - Infoecos\" \/>\n<meta property=\"og:description\" content=\"Es un proyecto autor\u00eda del diputado Emiliano Balb\u00edn, acompa\u00f1ado por sus pares de bancada Valent\u00edn Miranda, Fernando Rovello y Luciano Bugallo\" \/>\n<meta property=\"og:url\" content=\"https:\/\/infoecos.com.ar\/index.php\/proponen-crear-una-unidad-funcional-de-instruccion-y-juicio-especializada-en-delitos-rurales\/\" \/>\n<meta property=\"og:site_name\" content=\"Infoecos\" \/>\n<meta property=\"article:publisher\" content=\"https:\/\/www.facebook.com\/profile.php?id=100063200290284\" \/>\n<meta property=\"article:published_time\" content=\"2021-06-01T04:39:30+00:00\" \/>\n<meta property=\"article:modified_time\" content=\"2021-06-03T05:47:01+00:00\" \/>\n<meta property=\"og:image\" content=\"https:\/\/infoecos.com.ar\/wp-content\/uploads\/2021\/02\/BALBINEMILIANOYMIRANDAVALENTIN.jpg\" \/>\n\t<meta property=\"og:image:width\" content=\"1280\" \/>\n\t<meta property=\"og:image:height\" content=\"853\" \/>\n\t<meta property=\"og:image:type\" content=\"image\/jpeg\" \/>\n<meta name=\"author\" content=\"Jorge Matheus\" \/>\n<meta name=\"twitter:card\" content=\"summary_large_image\" \/>\n<meta name=\"twitter:creator\" content=\"@infoecos\" \/>\n<meta name=\"twitter:site\" content=\"@infoecos\" \/>\n<meta name=\"twitter:label1\" content=\"Escrito por\" \/>\n\t<meta name=\"twitter:data1\" content=\"Jorge Matheus\" \/>\n\t<meta name=\"twitter:label2\" content=\"Tiempo de lectura\" \/>\n\t<meta name=\"twitter:data2\" content=\"2 minutos\" \/>\n<script type=\"application\/ld+json\" class=\"yoast-schema-graph\">{\"@context\":\"https:\/\/schema.org\",\"@graph\":[{\"@type\":\"Article\",\"@id\":\"https:\/\/infoecos.com.ar\/index.php\/proponen-crear-una-unidad-funcional-de-instruccion-y-juicio-especializada-en-delitos-rurales\/#article\",\"isPartOf\":{\"@id\":\"https:\/\/infoecos.com.ar\/index.php\/proponen-crear-una-unidad-funcional-de-instruccion-y-juicio-especializada-en-delitos-rurales\/\"},\"author\":{\"name\":\"Jorge Matheus\",\"@id\":\"https:\/\/infoecos.com.ar\/#\/schema\/person\/8f5ace5ce73b4b4aac4b7245aee6f191\"},\"headline\":\"Proponen crear una Unidad Funcional de Instrucci\u00f3n y Juicio, especializada en Delitos Rurales\",\"datePublished\":\"2021-06-01T04:39:30+00:00\",\"dateModified\":\"2021-06-03T05:47:01+00:00\",\"mainEntityOfPage\":{\"@id\":\"https:\/\/infoecos.com.ar\/index.php\/proponen-crear-una-unidad-funcional-de-instruccion-y-juicio-especializada-en-delitos-rurales\/\"},\"wordCount\":410,\"publisher\":{\"@id\":\"https:\/\/infoecos.com.ar\/#organization\"},\"image\":{\"@id\":\"https:\/\/infoecos.com.ar\/index.php\/proponen-crear-una-unidad-funcional-de-instruccion-y-juicio-especializada-en-delitos-rurales\/#primaryimage\"},\"thumbnailUrl\":\"https:\/\/infoecos.com.ar\/wp-content\/uploads\/2021\/02\/BALBINEMILIANOYMIRANDAVALENTIN.jpg\",\"keywords\":[\"EN EL DEPARTAMENTO JUDICIAL TRENQUE LAUQUEN\"],\"articleSection\":[\"Bloque inferior - 4\"],\"inLanguage\":\"es\"},{\"@type\":\"WebPage\",\"@id\":\"https:\/\/infoecos.com.ar\/index.php\/proponen-crear-una-unidad-funcional-de-instruccion-y-juicio-especializada-en-delitos-rurales\/\",\"url\":\"https:\/\/infoecos.com.ar\/index.php\/proponen-crear-una-unidad-funcional-de-instruccion-y-juicio-especializada-en-delitos-rurales\/\",\"name\":\"Proponen crear una Unidad Funcional de Instrucci\u00f3n y Juicio, especializada en Delitos Rurales - Infoecos\",\"isPartOf\":{\"@id\":\"https:\/\/infoecos.com.ar\/#website\"},\"primaryImageOfPage\":{\"@id\":\"https:\/\/infoecos.com.ar\/index.php\/proponen-crear-una-unidad-funcional-de-instruccion-y-juicio-especializada-en-delitos-rurales\/#primaryimage\"},\"image\":{\"@id\":\"https:\/\/infoecos.com.ar\/index.php\/proponen-crear-una-unidad-funcional-de-instruccion-y-juicio-especializada-en-delitos-rurales\/#primaryimage\"},\"thumbnailUrl\":\"https:\/\/infoecos.com.ar\/wp-content\/uploads\/2021\/02\/BALBINEMILIANOYMIRANDAVALENTIN.jpg\",\"datePublished\":\"2021-06-01T04:39:30+00:00\",\"dateModified\":\"2021-06-03T05:47:01+00:00\",\"breadcrumb\":{\"@id\":\"https:\/\/infoecos.com.ar\/index.php\/proponen-crear-una-unidad-funcional-de-instruccion-y-juicio-especializada-en-delitos-rurales\/#breadcrumb\"},\"inLanguage\":\"es\",\"potentialAction\":[{\"@type\":\"ReadAction\",\"target\":[\"https:\/\/infoecos.com.ar\/index.php\/proponen-crear-una-unidad-funcional-de-instruccion-y-juicio-especializada-en-delitos-rurales\/\"]}]},{\"@type\":\"ImageObject\",\"inLanguage\":\"es\",\"@id\":\"https:\/\/infoecos.com.ar\/index.php\/proponen-crear-una-unidad-funcional-de-instruccion-y-juicio-especializada-en-delitos-rurales\/#primaryimage\",\"url\":\"https:\/\/infoecos.com.ar\/wp-content\/uploads\/2021\/02\/BALBINEMILIANOYMIRANDAVALENTIN.jpg\",\"contentUrl\":\"https:\/\/infoecos.com.ar\/wp-content\/uploads\/2021\/02\/BALBINEMILIANOYMIRANDAVALENTIN.jpg\",\"width\":1280,\"height\":853},{\"@type\":\"BreadcrumbList\",\"@id\":\"https:\/\/infoecos.com.ar\/index.php\/proponen-crear-una-unidad-funcional-de-instruccion-y-juicio-especializada-en-delitos-rurales\/#breadcrumb\",\"itemListElement\":[{\"@type\":\"ListItem\",\"position\":1,\"name\":\"Portada\",\"item\":\"https:\/\/infoecos.com.ar\/\"},{\"@type\":\"ListItem\",\"position\":2,\"name\":\"Proponen crear una Unidad Funcional de Instrucci\u00f3n y Juicio, especializada en Delitos Rurales\"}]},{\"@type\":\"WebSite\",\"@id\":\"https:\/\/infoecos.com.ar\/#website\",\"url\":\"https:\/\/infoecos.com.ar\/\",\"name\":\"Infoecos\",\"description\":\"Noticias de trenque lauquen y la zona\",\"publisher\":{\"@id\":\"https:\/\/infoecos.com.ar\/#organization\"},\"alternateName\":\"Noticias\",\"potentialAction\":[{\"@type\":\"SearchAction\",\"target\":{\"@type\":\"EntryPoint\",\"urlTemplate\":\"https:\/\/infoecos.com.ar\/?s={search_term_string}\"},\"query-input\":{\"@type\":\"PropertyValueSpecification\",\"valueRequired\":true,\"valueName\":\"search_term_string\"}}],\"inLanguage\":\"es\"},{\"@type\":\"Organization\",\"@id\":\"https:\/\/infoecos.com.ar\/#organization\",\"name\":\"Infoecos\",\"alternateName\":\"Noticias\",\"url\":\"https:\/\/infoecos.com.ar\/\",\"logo\":{\"@type\":\"ImageObject\",\"inLanguage\":\"es\",\"@id\":\"https:\/\/infoecos.com.ar\/#\/schema\/logo\/image\/\",\"url\":\"https:\/\/infoecos.com.ar\/wp-content\/uploads\/2024\/03\/cropped-logo.png\",\"contentUrl\":\"https:\/\/infoecos.com.ar\/wp-content\/uploads\/2024\/03\/cropped-logo.png\",\"width\":374,\"height\":90,\"caption\":\"Infoecos\"},\"image\":{\"@id\":\"https:\/\/infoecos.com.ar\/#\/schema\/logo\/image\/\"},\"sameAs\":[\"https:\/\/www.facebook.com\/profile.php?id=100063200290284\",\"https:\/\/x.com\/infoecos\"]},{\"@type\":\"Person\",\"@id\":\"https:\/\/infoecos.com.ar\/#\/schema\/person\/8f5ace5ce73b4b4aac4b7245aee6f191\",\"name\":\"Jorge Matheus\",\"url\":\"https:\/\/infoecos.com.ar\/index.php\/author\/jomatheus\/\"}]}<\/script>\n<!-- \/ Yoast SEO plugin. -->","yoast_head_json":{"title":"Proponen crear una Unidad Funcional de Instrucci\u00f3n y Juicio, especializada en Delitos Rurales - Infoecos","robots":{"index":"index","follow":"follow","max-snippet":"max-snippet:-1","max-image-preview":"max-image-preview:large","max-video-preview":"max-video-preview:-1"},"canonical":"https:\/\/infoecos.com.ar\/index.php\/proponen-crear-una-unidad-funcional-de-instruccion-y-juicio-especializada-en-delitos-rurales\/","og_locale":"es_ES","og_type":"article","og_title":"Proponen crear una Unidad Funcional de Instrucci\u00f3n y Juicio, especializada en Delitos Rurales - Infoecos","og_description":"Es un proyecto autor\u00eda del diputado Emiliano Balb\u00edn, acompa\u00f1ado por sus pares de bancada Valent\u00edn Miranda, Fernando Rovello y Luciano Bugallo","og_url":"https:\/\/infoecos.com.ar\/index.php\/proponen-crear-una-unidad-funcional-de-instruccion-y-juicio-especializada-en-delitos-rurales\/","og_site_name":"Infoecos","article_publisher":"https:\/\/www.facebook.com\/profile.php?id=100063200290284","article_published_time":"2021-06-01T04:39:30+00:00","article_modified_time":"2021-06-03T05:47:01+00:00","og_image":[{"width":1280,"height":853,"url":"https:\/\/infoecos.com.ar\/wp-content\/uploads\/2021\/02\/BALBINEMILIANOYMIRANDAVALENTIN.jpg","type":"image\/jpeg"}],"author":"Jorge Matheus","twitter_card":"summary_large_image","twitter_creator":"@infoecos","twitter_site":"@infoecos","twitter_misc":{"Escrito por":"Jorge Matheus","Tiempo de lectura":"2 minutos"},"schema":{"@context":"https:\/\/schema.org","@graph":[{"@type":"Article","@id":"https:\/\/infoecos.com.ar\/index.php\/proponen-crear-una-unidad-funcional-de-instruccion-y-juicio-especializada-en-delitos-rurales\/#article","isPartOf":{"@id":"https:\/\/infoecos.com.ar\/index.php\/proponen-crear-una-unidad-funcional-de-instruccion-y-juicio-especializada-en-delitos-rurales\/"},"author":{"name":"Jorge Matheus","@id":"https:\/\/infoecos.com.ar\/#\/schema\/person\/8f5ace5ce73b4b4aac4b7245aee6f191"},"headline":"Proponen crear una Unidad Funcional de Instrucci\u00f3n y Juicio, especializada en Delitos Rurales","datePublished":"2021-06-01T04:39:30+00:00","dateModified":"2021-06-03T05:47:01+00:00","mainEntityOfPage":{"@id":"https:\/\/infoecos.com.ar\/index.php\/proponen-crear-una-unidad-funcional-de-instruccion-y-juicio-especializada-en-delitos-rurales\/"},"wordCount":410,"publisher":{"@id":"https:\/\/infoecos.com.ar\/#organization"},"image":{"@id":"https:\/\/infoecos.com.ar\/index.php\/proponen-crear-una-unidad-funcional-de-instruccion-y-juicio-especializada-en-delitos-rurales\/#primaryimage"},"thumbnailUrl":"https:\/\/infoecos.com.ar\/wp-content\/uploads\/2021\/02\/BALBINEMILIANOYMIRANDAVALENTIN.jpg","keywords":["EN EL DEPARTAMENTO JUDICIAL TRENQUE LAUQUEN"],"articleSection":["Bloque inferior - 4"],"inLanguage":"es"},{"@type":"WebPage","@id":"https:\/\/infoecos.com.ar\/index.php\/proponen-crear-una-unidad-funcional-de-instruccion-y-juicio-especializada-en-delitos-rurales\/","url":"https:\/\/infoecos.com.ar\/index.php\/proponen-crear-una-unidad-funcional-de-instruccion-y-juicio-especializada-en-delitos-rurales\/","name":"Proponen crear una Unidad Funcional de Instrucci\u00f3n y Juicio, especializada en Delitos Rurales - Infoecos","isPartOf":{"@id":"https:\/\/infoecos.com.ar\/#website"},"primaryImageOfPage":{"@id":"https:\/\/infoecos.com.ar\/index.php\/proponen-crear-una-unidad-funcional-de-instruccion-y-juicio-especializada-en-delitos-rurales\/#primaryimage"},"image":{"@id":"https:\/\/infoecos.com.ar\/index.php\/proponen-crear-una-unidad-funcional-de-instruccion-y-juicio-especializada-en-delitos-rurales\/#primaryimage"},"thumbnailUrl":"https:\/\/infoecos.com.ar\/wp-content\/uploads\/2021\/02\/BALBINEMILIANOYMIRANDAVALENTIN.jpg","datePublished":"2021-06-01T04:39:30+00:00","dateModified":"2021-06-03T05:47:01+00:00","breadcrumb":{"@id":"https:\/\/infoecos.com.ar\/index.php\/proponen-crear-una-unidad-funcional-de-instruccion-y-juicio-especializada-en-delitos-rurales\/#breadcrumb"},"inLanguage":"es","potentialAction":[{"@type":"ReadAction","target":["https:\/\/infoecos.com.ar\/index.php\/proponen-crear-una-unidad-funcional-de-instruccion-y-juicio-especializada-en-delitos-rurales\/"]}]},{"@type":"ImageObject","inLanguage":"es","@id":"https:\/\/infoecos.com.ar\/index.php\/proponen-crear-una-unidad-funcional-de-instruccion-y-juicio-especializada-en-delitos-rurales\/#primaryimage","url":"https:\/\/infoecos.com.ar\/wp-content\/uploads\/2021\/02\/BALBINEMILIANOYMIRANDAVALENTIN.jpg","contentUrl":"https:\/\/infoecos.com.ar\/wp-content\/uploads\/2021\/02\/BALBINEMILIANOYMIRANDAVALENTIN.jpg","width":1280,"height":853},{"@type":"BreadcrumbList","@id":"https:\/\/infoecos.com.ar\/index.php\/proponen-crear-una-unidad-funcional-de-instruccion-y-juicio-especializada-en-delitos-rurales\/#breadcrumb","itemListElement":[{"@type":"ListItem","position":1,"name":"Portada","item":"https:\/\/infoecos.com.ar\/"},{"@type":"ListItem","position":2,"name":"Proponen crear una Unidad Funcional de Instrucci\u00f3n y Juicio, especializada en Delitos Rurales"}]},{"@type":"WebSite","@id":"https:\/\/infoecos.com.ar\/#website","url":"https:\/\/infoecos.com.ar\/","name":"Infoecos","description":"Noticias de trenque lauquen y la zona","publisher":{"@id":"https:\/\/infoecos.com.ar\/#organization"},"alternateName":"Noticias","potentialAction":[{"@type":"SearchAction","target":{"@type":"EntryPoint","urlTemplate":"https:\/\/infoecos.com.ar\/?s={search_term_string}"},"query-input":{"@type":"PropertyValueSpecification","valueRequired":true,"valueName":"search_term_string"}}],"inLanguage":"es"},{"@type":"Organization","@id":"https:\/\/infoecos.com.ar\/#organization","name":"Infoecos","alternateName":"Noticias","url":"https:\/\/infoecos.com.ar\/","logo":{"@type":"ImageObject","inLanguage":"es","@id":"https:\/\/infoecos.com.ar\/#\/schema\/logo\/image\/","url":"https:\/\/infoecos.com.ar\/wp-content\/uploads\/2024\/03\/cropped-logo.png","contentUrl":"https:\/\/infoecos.com.ar\/wp-content\/uploads\/2024\/03\/cropped-logo.png","width":374,"height":90,"caption":"Infoecos"},"image":{"@id":"https:\/\/infoecos.com.ar\/#\/schema\/logo\/image\/"},"sameAs":["https:\/\/www.facebook.com\/profile.php?id=100063200290284","https:\/\/x.com\/infoecos"]},{"@type":"Person","@id":"https:\/\/infoecos.com.ar\/#\/schema\/person\/8f5ace5ce73b4b4aac4b7245aee6f191","name":"Jorge Matheus","url":"https:\/\/infoecos.com.ar\/index.php\/author\/jomatheus\/"}]}},"featured_image_urls":{"full":["https:\/\/infoecos.com.ar\/wp-content\/uploads\/2021\/02\/BALBINEMILIANOYMIRANDAVALENTIN.jpg",1280,853,false],"thumbnail":["https:\/\/infoecos.com.ar\/wp-content\/uploads\/2021\/02\/BALBINEMILIANOYMIRANDAVALENTIN-150x150.jpg",150,150,true],"medium":["https:\/\/infoecos.com.ar\/wp-content\/uploads\/2021\/02\/BALBINEMILIANOYMIRANDAVALENTIN-460x307.jpg",460,307,true],"medium_large":["https:\/\/infoecos.com.ar\/wp-content\/uploads\/2021\/02\/BALBINEMILIANOYMIRANDAVALENTIN-768x512.jpg",640,427,true],"large":["https:\/\/infoecos.com.ar\/wp-content\/uploads\/2021\/02\/BALBINEMILIANOYMIRANDAVALENTIN-920x613.jpg",640,426,true],"1536x1536":["https:\/\/infoecos.com.ar\/wp-content\/uploads\/2021\/02\/BALBINEMILIANOYMIRANDAVALENTIN.jpg",1280,853,false],"2048x2048":["https:\/\/infoecos.com.ar\/wp-content\/uploads\/2021\/02\/BALBINEMILIANOYMIRANDAVALENTIN.jpg",1280,853,false],"covernews-slider-full":["https:\/\/infoecos.com.ar\/wp-content\/uploads\/2021\/02\/BALBINEMILIANOYMIRANDAVALENTIN.jpg",1073,715,false],"covernews-slider-center":["https:\/\/infoecos.com.ar\/wp-content\/uploads\/2021\/02\/BALBINEMILIANOYMIRANDAVALENTIN-936x853.jpg",549,500,true],"covernews-featured":["https:\/\/infoecos.com.ar\/wp-content\/uploads\/2021\/02\/BALBINEMILIANOYMIRANDAVALENTIN-1024x682.jpg",1024,682,true],"covernews-medium":["https:\/\/infoecos.com.ar\/wp-content\/uploads\/2021\/02\/BALBINEMILIANOYMIRANDAVALENTIN-720x380.jpg",540,285,true],"covernews-medium-square":["https:\/\/infoecos.com.ar\/wp-content\/uploads\/2021\/02\/BALBINEMILIANOYMIRANDAVALENTIN-675x450.jpg",375,250,true]},"author_info":{"info":["Jorge Matheus"]},"category_info":"<a href=\"https:\/\/infoecos.com.ar\/index.php\/category\/inferior4\/\" rel=\"category tag\">Bloque inferior - 4<\/a>","tag_info":"Bloque inferior - 4","comment_count":"0","_links":{"self":[{"href":"https:\/\/infoecos.com.ar\/index.php\/wp-json\/wp\/v2\/posts\/79000"}],"collection":[{"href":"https:\/\/infoecos.com.ar\/index.php\/wp-json\/wp\/v2\/posts"}],"about":[{"href":"https:\/\/infoecos.com.ar\/index.php\/wp-json\/wp\/v2\/types\/post"}],"author":[{"embeddable":true,"href":"https:\/\/infoecos.com.ar\/index.php\/wp-json\/wp\/v2\/users\/2"}],"replies":[{"embeddable":true,"href":"https:\/\/infoecos.com.ar\/index.php\/wp-json\/wp\/v2\/comments?post=79000"}],"version-history":[{"count":1,"href":"https:\/\/infoecos.com.ar\/index.php\/wp-json\/wp\/v2\/posts\/79000\/revisions"}],"predecessor-version":[{"id":79002,"href":"https:\/\/infoecos.com.ar\/index.php\/wp-json\/wp\/v2\/posts\/79000\/revisions\/79002"}],"wp:featuredmedia":[{"embeddable":true,"href":"https:\/\/infoecos.com.ar\/index.php\/wp-json\/wp\/v2\/media\/74366"}],"wp:attachment":[{"href":"https:\/\/infoecos.com.ar\/index.php\/wp-json\/wp\/v2\/media?parent=79000"}],"wp:term":[{"taxonomy":"category","embeddable":true,"href":"https:\/\/infoecos.com.ar\/index.php\/wp-json\/wp\/v2\/categories?post=79000"},{"taxonomy":"post_tag","embeddable":true,"href":"https:\/\/infoecos.com.ar\/index.php\/wp-json\/wp\/v2\/tags?post=79000"}],"curies":[{"name":"wp","href":"https:\/\/api.w.org\/{rel}","templated":true}]}}