{"id":79011,"date":"2021-06-01T02:05:05","date_gmt":"2021-06-01T05:05:05","guid":{"rendered":"http:\/\/infoecos.com.ar\/?p=79011"},"modified":"2021-06-01T02:05:16","modified_gmt":"2021-06-01T05:05:16","slug":"presencialidad-en-las-escuelas-campana-se-reunira-con-la-directora-de-educacion","status":"publish","type":"post","link":"https:\/\/infoecos.com.ar\/index.php\/presencialidad-en-las-escuelas-campana-se-reunira-con-la-directora-de-educacion\/","title":{"rendered":"Presencialidad en las escuelas: Campana se reunir\u00e1 con la Directora de Educaci\u00f3n"},"content":{"rendered":"\n<p class=\"wp-block-paragraph\">El intendente municipal de General Villegas, Eduardo Campana, dio ayer su mensaje a la comunidad luego de la reuni\u00f3n del Comit\u00e9 de Crisis. Manifest\u00f3 que est\u00e1 previsto para este mi\u00e9rcoles (ma\u00f1ana) una reuni\u00f3n con la Directora General de Cultura y Educaci\u00f3n, Agustina Vila, para que vuelva la presencialidad en las aulas, \u00abparticularmente en las localidades donde hay muy pocos casos\u00bb<strong>.<\/strong><\/p>\n\n\n\n<div class=\"wp-block-image\"><figure class=\"aligncenter size-large\"><img loading=\"lazy\" decoding=\"async\" width=\"696\" height=\"441\" src=\"http:\/\/infoecos.com.ar\/wp-content\/uploads\/2021\/01\/campana12.jpg\" alt=\"\" class=\"wp-image-72629\" srcset=\"https:\/\/infoecos.com.ar\/wp-content\/uploads\/2021\/01\/campana12.jpg 696w, https:\/\/infoecos.com.ar\/wp-content\/uploads\/2021\/01\/campana12-460x291.jpg 460w\" sizes=\"auto, (max-width: 696px) 100vw, 696px\" \/><\/figure><\/div>\n\n\n\n<p class=\"wp-block-paragraph\">\u00abEn cuanto al cambio de Fase, nos ha sorprendido que nuestro municipio pase a Fase 2. Nos hemos comunicado con las autoridades de la Provincia de Buenos Aires, Jefatura de Gabinete, el Sistema Sanitario y Salud. Nosotros est\u00e1bamos en una Fase 3 y ven\u00edamos con una reducci\u00f3n de casos, pero cambiaron las reglas. Esto es como cuando uno est\u00e1 en una competencia y nos cambian las reglas\u00bb, expres\u00f3, para agregar que \u00abde manera que vamos a regirnos por el decreto que es similar al que ten\u00edamos. Los comercios van a poder trabajar hasta las 19 horas; entre las 20 y las 6 horas no va a haber circulaci\u00f3n, salvo obviamente las personas esenciales; y los cultos van a poder tener alguna reuni\u00f3n con un aforo de hasta 20 personas, seg\u00fan como lo dicta el decreto\u00bb.<\/p>\n\n\n\n<p class=\"wp-block-paragraph\">Agreg\u00f3 que \u00abno est\u00e1 permitido el uso de los espacios p\u00fablicos como lo hab\u00edamos establecido desde hace varias semanas. S\u00ed va a haber actividades deportivas, pero de deportes que no tengan contacto f\u00edsico; tambi\u00e9n los gimnasios van a poder trabajar al aire libre o con un aforo del 30 por ciento, de la misma manera que los restaurantes y bares, que podr\u00e1n hacerlo tambi\u00e9n con mesas al aire libre\u00bb.<\/p>\n","protected":false},"excerpt":{"rendered":"<p>\u00abEn cuanto al cambio de Fase, nos ha sorprendido que nuestro municipio pase a Fase 2\u00bb, se\u00f1al\u00f3<\/p>\n","protected":false},"author":2,"featured_media":72629,"comment_status":"closed","ping_status":"open","sticky":false,"template":"","format":"standard","meta":{"footnotes":""},"categories":[1325],"tags":[3810],"class_list":["post-79011","post","type-post","status-publish","format-standard","has-post-thumbnail","hentry","category-c1nota6","tag-mensaje-del-intendente-de-general-villegas"],"featured_image_urls":{"full":["https:\/\/infoecos.com.ar\/wp-content\/uploads\/2021\/01\/campana12.jpg",696,441,false],"thumbnail":["https:\/\/infoecos.com.ar\/wp-content\/uploads\/2021\/01\/campana12-150x150.jpg",150,150,true],"medium":["https:\/\/infoecos.com.ar\/wp-content\/uploads\/2021\/01\/campana12-460x291.jpg",460,291,true],"medium_large":["https:\/\/infoecos.com.ar\/wp-content\/uploads\/2021\/01\/campana12.jpg",640,406,false],"large":["https:\/\/infoecos.com.ar\/wp-content\/uploads\/2021\/01\/campana12.jpg",640,406,false],"1536x1536":["https:\/\/infoecos.com.ar\/wp-content\/uploads\/2021\/01\/campana12.jpg",696,441,false],"2048x2048":["https:\/\/infoecos.com.ar\/wp-content\/uploads\/2021\/01\/campana12.jpg",696,441,false],"covernews-slider-full":["https:\/\/infoecos.com.ar\/wp-content\/uploads\/2021\/01\/campana12.jpg",696,441,false],"covernews-slider-center":["https:\/\/infoecos.com.ar\/wp-content\/uploads\/2021\/01\/campana12.jpg",696,441,false],"covernews-featured":["https:\/\/infoecos.com.ar\/wp-content\/uploads\/2021\/01\/campana12.jpg",696,441,false],"covernews-medium":["https:\/\/infoecos.com.ar\/wp-content\/uploads\/2021\/01\/campana12-696x380.jpg",540,295,true],"covernews-medium-square":["https:\/\/infoecos.com.ar\/wp-content\/uploads\/2021\/01\/campana12-675x441.jpg",383,250,true]},"author_info":{"info":["Jorge Matheus"]},"category_info":"<a href=\"https:\/\/infoecos.com.ar\/index.php\/category\/c1nota6\/\" rel=\"category tag\">C1 nota 6<\/a>","tag_info":"C1 nota 6","comment_count":"0","_links":{"self":[{"href":"https:\/\/infoecos.com.ar\/index.php\/wp-json\/wp\/v2\/posts\/79011","targetHints":{"allow":["GET"]}}],"collection":[{"href":"https:\/\/infoecos.com.ar\/index.php\/wp-json\/wp\/v2\/posts"}],"about":[{"href":"https:\/\/infoecos.com.ar\/index.php\/wp-json\/wp\/v2\/types\/post"}],"author":[{"embeddable":true,"href":"https:\/\/infoecos.com.ar\/index.php\/wp-json\/wp\/v2\/users\/2"}],"replies":[{"embeddable":true,"href":"https:\/\/infoecos.com.ar\/index.php\/wp-json\/wp\/v2\/comments?post=79011"}],"version-history":[{"count":1,"href":"https:\/\/infoecos.com.ar\/index.php\/wp-json\/wp\/v2\/posts\/79011\/revisions"}],"predecessor-version":[{"id":79012,"href":"https:\/\/infoecos.com.ar\/index.php\/wp-json\/wp\/v2\/posts\/79011\/revisions\/79012"}],"wp:featuredmedia":[{"embeddable":true,"href":"https:\/\/infoecos.com.ar\/index.php\/wp-json\/wp\/v2\/media\/72629"}],"wp:attachment":[{"href":"https:\/\/infoecos.com.ar\/index.php\/wp-json\/wp\/v2\/media?parent=79011"}],"wp:term":[{"taxonomy":"category","embeddable":true,"href":"https:\/\/infoecos.com.ar\/index.php\/wp-json\/wp\/v2\/categories?post=79011"},{"taxonomy":"post_tag","embeddable":true,"href":"https:\/\/infoecos.com.ar\/index.php\/wp-json\/wp\/v2\/tags?post=79011"}],"curies":[{"name":"wp","href":"https:\/\/api.w.org\/{rel}","templated":true}]}}