{"id":79017,"date":"2021-06-01T02:22:14","date_gmt":"2021-06-01T05:22:14","guid":{"rendered":"http:\/\/infoecos.com.ar\/?p=79017"},"modified":"2021-06-01T02:22:23","modified_gmt":"2021-06-01T05:22:23","slug":"culmino-la-repavimentacion-entre-espartillar-y-guamini","status":"publish","type":"post","link":"https:\/\/infoecos.com.ar\/index.php\/culmino-la-repavimentacion-entre-espartillar-y-guamini\/","title":{"rendered":"Culmin\u00f3 la repavimentaci\u00f3n entre Espartillar y Guamin\u00ed"},"content":{"rendered":"\n<p>La Direcci\u00f3n de Vialidad Nacional culmin\u00f3 la reconstrucci\u00f3n del tramo de la ruta nacional 33 que comunica las localidades de Espartillar y Guamin\u00ed.<\/p>\n\n\n\n<div class=\"wp-block-image\"><figure class=\"aligncenter size-medium\"><img loading=\"lazy\" decoding=\"async\" width=\"460\" height=\"224\" src=\"http:\/\/infoecos.com.ar\/wp-content\/uploads\/2021\/06\/repavimentacion-460x224.jpg\" alt=\"\" class=\"wp-image-79018\" srcset=\"https:\/\/infoecos.com.ar\/wp-content\/uploads\/2021\/06\/repavimentacion-460x224.jpg 460w, https:\/\/infoecos.com.ar\/wp-content\/uploads\/2021\/06\/repavimentacion-920x447.jpg 920w, https:\/\/infoecos.com.ar\/wp-content\/uploads\/2021\/06\/repavimentacion-768x374.jpg 768w, https:\/\/infoecos.com.ar\/wp-content\/uploads\/2021\/06\/repavimentacion.jpg 1024w\" sizes=\"(max-width: 460px) 100vw, 460px\" \/><\/figure><\/div>\n\n\n\n<p>Esta pintura de ejes y bordes, se llev\u00f3 a cabo en el marco de la obra de la repavimentaci\u00f3n de la traza, entre la estancia Almaris (en el kil\u00f3metro 162) y la ruta nacional RN 5 (Km 320).<\/p>\n\n\n\n<p>El tramo fue intervenido con pintura retrorreflectiva, material termopl\u00e1stico en caliente que asegura una mayor vida \u00fatil a la misma. La empresa responsable de las tareas fue Equimac SA y los trabajos se llevaron a cabo bajo la supervisi\u00f3n de la secci\u00f3n Se\u00f1alamiento del distrito Bah\u00eda Blanca de Vialidad Nacional.<\/p>\n\n\n\n<p><\/p>\n","protected":false},"excerpt":{"rendered":"<p>El tramo fue intervenido con pintura retrorreflectiva, material termopl\u00e1stico en caliente que asegura una mayor vida \u00fatil a la misma<\/p>\n","protected":false},"author":2,"featured_media":79018,"comment_status":"closed","ping_status":"open","sticky":false,"template":"","format":"standard","meta":{"footnotes":""},"categories":[1341],"tags":[1196],"class_list":["post-79017","post","type-post","status-publish","format-standard","has-post-thumbnail","hentry","category-c1nota7","tag-obras-viales"],"yoast_head":"<!-- This site is optimized with the Yoast SEO plugin v23.4 - https:\/\/yoast.com\/wordpress\/plugins\/seo\/ -->\n<title>Culmin\u00f3 la repavimentaci\u00f3n entre Espartillar y Guamin\u00ed - Infoecos<\/title>\n<meta name=\"robots\" content=\"index, follow, max-snippet:-1, max-image-preview:large, max-video-preview:-1\" \/>\n<link rel=\"canonical\" href=\"https:\/\/infoecos.com.ar\/index.php\/culmino-la-repavimentacion-entre-espartillar-y-guamini\/\" \/>\n<meta property=\"og:locale\" content=\"es_ES\" \/>\n<meta property=\"og:type\" content=\"article\" \/>\n<meta property=\"og:title\" content=\"Culmin\u00f3 la repavimentaci\u00f3n entre Espartillar y Guamin\u00ed - Infoecos\" \/>\n<meta property=\"og:description\" content=\"El tramo fue intervenido con pintura retrorreflectiva, material termopl\u00e1stico en caliente que asegura una mayor vida \u00fatil a la misma\" \/>\n<meta property=\"og:url\" content=\"https:\/\/infoecos.com.ar\/index.php\/culmino-la-repavimentacion-entre-espartillar-y-guamini\/\" \/>\n<meta property=\"og:site_name\" content=\"Infoecos\" \/>\n<meta property=\"article:publisher\" content=\"https:\/\/www.facebook.com\/profile.php?id=100063200290284\" \/>\n<meta property=\"article:published_time\" content=\"2021-06-01T05:22:14+00:00\" \/>\n<meta property=\"article:modified_time\" content=\"2021-06-01T05:22:23+00:00\" \/>\n<meta property=\"og:image\" content=\"https:\/\/infoecos.com.ar\/wp-content\/uploads\/2021\/06\/repavimentacion.jpg\" \/>\n\t<meta property=\"og:image:width\" content=\"1024\" \/>\n\t<meta property=\"og:image:height\" content=\"498\" \/>\n\t<meta property=\"og:image:type\" content=\"image\/jpeg\" \/>\n<meta name=\"author\" content=\"Jorge Matheus\" \/>\n<meta name=\"twitter:card\" content=\"summary_large_image\" \/>\n<meta name=\"twitter:creator\" content=\"@infoecos\" \/>\n<meta name=\"twitter:site\" content=\"@infoecos\" \/>\n<meta name=\"twitter:label1\" content=\"Escrito por\" \/>\n\t<meta name=\"twitter:data1\" content=\"Jorge Matheus\" \/>\n\t<meta name=\"twitter:label2\" content=\"Tiempo de lectura\" \/>\n\t<meta name=\"twitter:data2\" content=\"1 minuto\" \/>\n<script type=\"application\/ld+json\" class=\"yoast-schema-graph\">{\"@context\":\"https:\/\/schema.org\",\"@graph\":[{\"@type\":\"Article\",\"@id\":\"https:\/\/infoecos.com.ar\/index.php\/culmino-la-repavimentacion-entre-espartillar-y-guamini\/#article\",\"isPartOf\":{\"@id\":\"https:\/\/infoecos.com.ar\/index.php\/culmino-la-repavimentacion-entre-espartillar-y-guamini\/\"},\"author\":{\"name\":\"Jorge Matheus\",\"@id\":\"https:\/\/infoecos.com.ar\/#\/schema\/person\/8f5ace5ce73b4b4aac4b7245aee6f191\"},\"headline\":\"Culmin\u00f3 la repavimentaci\u00f3n entre Espartillar y Guamin\u00ed\",\"datePublished\":\"2021-06-01T05:22:14+00:00\",\"dateModified\":\"2021-06-01T05:22:23+00:00\",\"mainEntityOfPage\":{\"@id\":\"https:\/\/infoecos.com.ar\/index.php\/culmino-la-repavimentacion-entre-espartillar-y-guamini\/\"},\"wordCount\":124,\"publisher\":{\"@id\":\"https:\/\/infoecos.com.ar\/#organization\"},\"image\":{\"@id\":\"https:\/\/infoecos.com.ar\/index.php\/culmino-la-repavimentacion-entre-espartillar-y-guamini\/#primaryimage\"},\"thumbnailUrl\":\"https:\/\/infoecos.com.ar\/wp-content\/uploads\/2021\/06\/repavimentacion.jpg\",\"keywords\":[\"OBRAS VIALES\"],\"articleSection\":[\"C1 nota 7\"],\"inLanguage\":\"es\"},{\"@type\":\"WebPage\",\"@id\":\"https:\/\/infoecos.com.ar\/index.php\/culmino-la-repavimentacion-entre-espartillar-y-guamini\/\",\"url\":\"https:\/\/infoecos.com.ar\/index.php\/culmino-la-repavimentacion-entre-espartillar-y-guamini\/\",\"name\":\"Culmin\u00f3 la repavimentaci\u00f3n entre Espartillar y Guamin\u00ed - Infoecos\",\"isPartOf\":{\"@id\":\"https:\/\/infoecos.com.ar\/#website\"},\"primaryImageOfPage\":{\"@id\":\"https:\/\/infoecos.com.ar\/index.php\/culmino-la-repavimentacion-entre-espartillar-y-guamini\/#primaryimage\"},\"image\":{\"@id\":\"https:\/\/infoecos.com.ar\/index.php\/culmino-la-repavimentacion-entre-espartillar-y-guamini\/#primaryimage\"},\"thumbnailUrl\":\"https:\/\/infoecos.com.ar\/wp-content\/uploads\/2021\/06\/repavimentacion.jpg\",\"datePublished\":\"2021-06-01T05:22:14+00:00\",\"dateModified\":\"2021-06-01T05:22:23+00:00\",\"breadcrumb\":{\"@id\":\"https:\/\/infoecos.com.ar\/index.php\/culmino-la-repavimentacion-entre-espartillar-y-guamini\/#breadcrumb\"},\"inLanguage\":\"es\",\"potentialAction\":[{\"@type\":\"ReadAction\",\"target\":[\"https:\/\/infoecos.com.ar\/index.php\/culmino-la-repavimentacion-entre-espartillar-y-guamini\/\"]}]},{\"@type\":\"ImageObject\",\"inLanguage\":\"es\",\"@id\":\"https:\/\/infoecos.com.ar\/index.php\/culmino-la-repavimentacion-entre-espartillar-y-guamini\/#primaryimage\",\"url\":\"https:\/\/infoecos.com.ar\/wp-content\/uploads\/2021\/06\/repavimentacion.jpg\",\"contentUrl\":\"https:\/\/infoecos.com.ar\/wp-content\/uploads\/2021\/06\/repavimentacion.jpg\",\"width\":1024,\"height\":498},{\"@type\":\"BreadcrumbList\",\"@id\":\"https:\/\/infoecos.com.ar\/index.php\/culmino-la-repavimentacion-entre-espartillar-y-guamini\/#breadcrumb\",\"itemListElement\":[{\"@type\":\"ListItem\",\"position\":1,\"name\":\"Portada\",\"item\":\"https:\/\/infoecos.com.ar\/\"},{\"@type\":\"ListItem\",\"position\":2,\"name\":\"Culmin\u00f3 la repavimentaci\u00f3n entre Espartillar y Guamin\u00ed\"}]},{\"@type\":\"WebSite\",\"@id\":\"https:\/\/infoecos.com.ar\/#website\",\"url\":\"https:\/\/infoecos.com.ar\/\",\"name\":\"Infoecos\",\"description\":\"Noticias de trenque lauquen y la zona\",\"publisher\":{\"@id\":\"https:\/\/infoecos.com.ar\/#organization\"},\"alternateName\":\"Noticias\",\"potentialAction\":[{\"@type\":\"SearchAction\",\"target\":{\"@type\":\"EntryPoint\",\"urlTemplate\":\"https:\/\/infoecos.com.ar\/?s={search_term_string}\"},\"query-input\":{\"@type\":\"PropertyValueSpecification\",\"valueRequired\":true,\"valueName\":\"search_term_string\"}}],\"inLanguage\":\"es\"},{\"@type\":\"Organization\",\"@id\":\"https:\/\/infoecos.com.ar\/#organization\",\"name\":\"Infoecos\",\"alternateName\":\"Noticias\",\"url\":\"https:\/\/infoecos.com.ar\/\",\"logo\":{\"@type\":\"ImageObject\",\"inLanguage\":\"es\",\"@id\":\"https:\/\/infoecos.com.ar\/#\/schema\/logo\/image\/\",\"url\":\"https:\/\/infoecos.com.ar\/wp-content\/uploads\/2024\/03\/cropped-logo.png\",\"contentUrl\":\"https:\/\/infoecos.com.ar\/wp-content\/uploads\/2024\/03\/cropped-logo.png\",\"width\":374,\"height\":90,\"caption\":\"Infoecos\"},\"image\":{\"@id\":\"https:\/\/infoecos.com.ar\/#\/schema\/logo\/image\/\"},\"sameAs\":[\"https:\/\/www.facebook.com\/profile.php?id=100063200290284\",\"https:\/\/x.com\/infoecos\"]},{\"@type\":\"Person\",\"@id\":\"https:\/\/infoecos.com.ar\/#\/schema\/person\/8f5ace5ce73b4b4aac4b7245aee6f191\",\"name\":\"Jorge Matheus\",\"url\":\"https:\/\/infoecos.com.ar\/index.php\/author\/jomatheus\/\"}]}<\/script>\n<!-- \/ Yoast SEO plugin. -->","yoast_head_json":{"title":"Culmin\u00f3 la repavimentaci\u00f3n entre Espartillar y Guamin\u00ed - Infoecos","robots":{"index":"index","follow":"follow","max-snippet":"max-snippet:-1","max-image-preview":"max-image-preview:large","max-video-preview":"max-video-preview:-1"},"canonical":"https:\/\/infoecos.com.ar\/index.php\/culmino-la-repavimentacion-entre-espartillar-y-guamini\/","og_locale":"es_ES","og_type":"article","og_title":"Culmin\u00f3 la repavimentaci\u00f3n entre Espartillar y Guamin\u00ed - Infoecos","og_description":"El tramo fue intervenido con pintura retrorreflectiva, material termopl\u00e1stico en caliente que asegura una mayor vida \u00fatil a la misma","og_url":"https:\/\/infoecos.com.ar\/index.php\/culmino-la-repavimentacion-entre-espartillar-y-guamini\/","og_site_name":"Infoecos","article_publisher":"https:\/\/www.facebook.com\/profile.php?id=100063200290284","article_published_time":"2021-06-01T05:22:14+00:00","article_modified_time":"2021-06-01T05:22:23+00:00","og_image":[{"width":1024,"height":498,"url":"https:\/\/infoecos.com.ar\/wp-content\/uploads\/2021\/06\/repavimentacion.jpg","type":"image\/jpeg"}],"author":"Jorge Matheus","twitter_card":"summary_large_image","twitter_creator":"@infoecos","twitter_site":"@infoecos","twitter_misc":{"Escrito por":"Jorge Matheus","Tiempo de lectura":"1 minuto"},"schema":{"@context":"https:\/\/schema.org","@graph":[{"@type":"Article","@id":"https:\/\/infoecos.com.ar\/index.php\/culmino-la-repavimentacion-entre-espartillar-y-guamini\/#article","isPartOf":{"@id":"https:\/\/infoecos.com.ar\/index.php\/culmino-la-repavimentacion-entre-espartillar-y-guamini\/"},"author":{"name":"Jorge Matheus","@id":"https:\/\/infoecos.com.ar\/#\/schema\/person\/8f5ace5ce73b4b4aac4b7245aee6f191"},"headline":"Culmin\u00f3 la repavimentaci\u00f3n entre Espartillar y Guamin\u00ed","datePublished":"2021-06-01T05:22:14+00:00","dateModified":"2021-06-01T05:22:23+00:00","mainEntityOfPage":{"@id":"https:\/\/infoecos.com.ar\/index.php\/culmino-la-repavimentacion-entre-espartillar-y-guamini\/"},"wordCount":124,"publisher":{"@id":"https:\/\/infoecos.com.ar\/#organization"},"image":{"@id":"https:\/\/infoecos.com.ar\/index.php\/culmino-la-repavimentacion-entre-espartillar-y-guamini\/#primaryimage"},"thumbnailUrl":"https:\/\/infoecos.com.ar\/wp-content\/uploads\/2021\/06\/repavimentacion.jpg","keywords":["OBRAS VIALES"],"articleSection":["C1 nota 7"],"inLanguage":"es"},{"@type":"WebPage","@id":"https:\/\/infoecos.com.ar\/index.php\/culmino-la-repavimentacion-entre-espartillar-y-guamini\/","url":"https:\/\/infoecos.com.ar\/index.php\/culmino-la-repavimentacion-entre-espartillar-y-guamini\/","name":"Culmin\u00f3 la repavimentaci\u00f3n entre Espartillar y Guamin\u00ed - Infoecos","isPartOf":{"@id":"https:\/\/infoecos.com.ar\/#website"},"primaryImageOfPage":{"@id":"https:\/\/infoecos.com.ar\/index.php\/culmino-la-repavimentacion-entre-espartillar-y-guamini\/#primaryimage"},"image":{"@id":"https:\/\/infoecos.com.ar\/index.php\/culmino-la-repavimentacion-entre-espartillar-y-guamini\/#primaryimage"},"thumbnailUrl":"https:\/\/infoecos.com.ar\/wp-content\/uploads\/2021\/06\/repavimentacion.jpg","datePublished":"2021-06-01T05:22:14+00:00","dateModified":"2021-06-01T05:22:23+00:00","breadcrumb":{"@id":"https:\/\/infoecos.com.ar\/index.php\/culmino-la-repavimentacion-entre-espartillar-y-guamini\/#breadcrumb"},"inLanguage":"es","potentialAction":[{"@type":"ReadAction","target":["https:\/\/infoecos.com.ar\/index.php\/culmino-la-repavimentacion-entre-espartillar-y-guamini\/"]}]},{"@type":"ImageObject","inLanguage":"es","@id":"https:\/\/infoecos.com.ar\/index.php\/culmino-la-repavimentacion-entre-espartillar-y-guamini\/#primaryimage","url":"https:\/\/infoecos.com.ar\/wp-content\/uploads\/2021\/06\/repavimentacion.jpg","contentUrl":"https:\/\/infoecos.com.ar\/wp-content\/uploads\/2021\/06\/repavimentacion.jpg","width":1024,"height":498},{"@type":"BreadcrumbList","@id":"https:\/\/infoecos.com.ar\/index.php\/culmino-la-repavimentacion-entre-espartillar-y-guamini\/#breadcrumb","itemListElement":[{"@type":"ListItem","position":1,"name":"Portada","item":"https:\/\/infoecos.com.ar\/"},{"@type":"ListItem","position":2,"name":"Culmin\u00f3 la repavimentaci\u00f3n entre Espartillar y Guamin\u00ed"}]},{"@type":"WebSite","@id":"https:\/\/infoecos.com.ar\/#website","url":"https:\/\/infoecos.com.ar\/","name":"Infoecos","description":"Noticias de trenque lauquen y la zona","publisher":{"@id":"https:\/\/infoecos.com.ar\/#organization"},"alternateName":"Noticias","potentialAction":[{"@type":"SearchAction","target":{"@type":"EntryPoint","urlTemplate":"https:\/\/infoecos.com.ar\/?s={search_term_string}"},"query-input":{"@type":"PropertyValueSpecification","valueRequired":true,"valueName":"search_term_string"}}],"inLanguage":"es"},{"@type":"Organization","@id":"https:\/\/infoecos.com.ar\/#organization","name":"Infoecos","alternateName":"Noticias","url":"https:\/\/infoecos.com.ar\/","logo":{"@type":"ImageObject","inLanguage":"es","@id":"https:\/\/infoecos.com.ar\/#\/schema\/logo\/image\/","url":"https:\/\/infoecos.com.ar\/wp-content\/uploads\/2024\/03\/cropped-logo.png","contentUrl":"https:\/\/infoecos.com.ar\/wp-content\/uploads\/2024\/03\/cropped-logo.png","width":374,"height":90,"caption":"Infoecos"},"image":{"@id":"https:\/\/infoecos.com.ar\/#\/schema\/logo\/image\/"},"sameAs":["https:\/\/www.facebook.com\/profile.php?id=100063200290284","https:\/\/x.com\/infoecos"]},{"@type":"Person","@id":"https:\/\/infoecos.com.ar\/#\/schema\/person\/8f5ace5ce73b4b4aac4b7245aee6f191","name":"Jorge Matheus","url":"https:\/\/infoecos.com.ar\/index.php\/author\/jomatheus\/"}]}},"featured_image_urls":{"full":["https:\/\/infoecos.com.ar\/wp-content\/uploads\/2021\/06\/repavimentacion.jpg",1024,498,false],"thumbnail":["https:\/\/infoecos.com.ar\/wp-content\/uploads\/2021\/06\/repavimentacion-150x150.jpg",150,150,true],"medium":["https:\/\/infoecos.com.ar\/wp-content\/uploads\/2021\/06\/repavimentacion-460x224.jpg",460,224,true],"medium_large":["https:\/\/infoecos.com.ar\/wp-content\/uploads\/2021\/06\/repavimentacion-768x374.jpg",640,312,true],"large":["https:\/\/infoecos.com.ar\/wp-content\/uploads\/2021\/06\/repavimentacion-920x447.jpg",640,311,true],"1536x1536":["https:\/\/infoecos.com.ar\/wp-content\/uploads\/2021\/06\/repavimentacion.jpg",1024,498,false],"2048x2048":["https:\/\/infoecos.com.ar\/wp-content\/uploads\/2021\/06\/repavimentacion.jpg",1024,498,false],"covernews-slider-full":["https:\/\/infoecos.com.ar\/wp-content\/uploads\/2021\/06\/repavimentacion.jpg",1024,498,false],"covernews-slider-center":["https:\/\/infoecos.com.ar\/wp-content\/uploads\/2021\/06\/repavimentacion-936x498.jpg",800,426,true],"covernews-featured":["https:\/\/infoecos.com.ar\/wp-content\/uploads\/2021\/06\/repavimentacion.jpg",1024,498,false],"covernews-medium":["https:\/\/infoecos.com.ar\/wp-content\/uploads\/2021\/06\/repavimentacion-720x380.jpg",540,285,true],"covernews-medium-square":["https:\/\/infoecos.com.ar\/wp-content\/uploads\/2021\/06\/repavimentacion-675x450.jpg",375,250,true]},"author_info":{"info":["Jorge Matheus"]},"category_info":"<a href=\"https:\/\/infoecos.com.ar\/index.php\/category\/c1nota7\/\" rel=\"category tag\">C1 nota 7<\/a>","tag_info":"C1 nota 7","comment_count":"0","_links":{"self":[{"href":"https:\/\/infoecos.com.ar\/index.php\/wp-json\/wp\/v2\/posts\/79017"}],"collection":[{"href":"https:\/\/infoecos.com.ar\/index.php\/wp-json\/wp\/v2\/posts"}],"about":[{"href":"https:\/\/infoecos.com.ar\/index.php\/wp-json\/wp\/v2\/types\/post"}],"author":[{"embeddable":true,"href":"https:\/\/infoecos.com.ar\/index.php\/wp-json\/wp\/v2\/users\/2"}],"replies":[{"embeddable":true,"href":"https:\/\/infoecos.com.ar\/index.php\/wp-json\/wp\/v2\/comments?post=79017"}],"version-history":[{"count":1,"href":"https:\/\/infoecos.com.ar\/index.php\/wp-json\/wp\/v2\/posts\/79017\/revisions"}],"predecessor-version":[{"id":79019,"href":"https:\/\/infoecos.com.ar\/index.php\/wp-json\/wp\/v2\/posts\/79017\/revisions\/79019"}],"wp:featuredmedia":[{"embeddable":true,"href":"https:\/\/infoecos.com.ar\/index.php\/wp-json\/wp\/v2\/media\/79018"}],"wp:attachment":[{"href":"https:\/\/infoecos.com.ar\/index.php\/wp-json\/wp\/v2\/media?parent=79017"}],"wp:term":[{"taxonomy":"category","embeddable":true,"href":"https:\/\/infoecos.com.ar\/index.php\/wp-json\/wp\/v2\/categories?post=79017"},{"taxonomy":"post_tag","embeddable":true,"href":"https:\/\/infoecos.com.ar\/index.php\/wp-json\/wp\/v2\/tags?post=79017"}],"curies":[{"name":"wp","href":"https:\/\/api.w.org\/{rel}","templated":true}]}}