{"id":79024,"date":"2021-06-01T17:41:14","date_gmt":"2021-06-01T20:41:14","guid":{"rendered":"http:\/\/infoecos.com.ar\/?p=79024"},"modified":"2021-06-01T17:41:26","modified_gmt":"2021-06-01T20:41:26","slug":"leve-suba-de-casos-activos-y-dos-fallecimientos-en-trenque-lauquen","status":"publish","type":"post","link":"https:\/\/infoecos.com.ar\/index.php\/leve-suba-de-casos-activos-y-dos-fallecimientos-en-trenque-lauquen\/","title":{"rendered":"Leve suba de casos activos y dos fallecimientos en Trenque Lauquen"},"content":{"rendered":"\n<p class=\"wp-block-paragraph\">La subsecretar\u00eda de Salud municipal de Trenque Lauquen report\u00f3 este martes 82 nuevos casos de Covid-19, dos (2) decesos, 67 personas recuperadas y 99 casos descartados, con lo cual los casos activos en el distrito son 619. Adem\u00e1s, quedan 41 casos sospechosos y 536 personas en aislamiento.<\/p>\n\n\n\n<p class=\"wp-block-paragraph\">De los 82 nuevos casos positivos, 41 fueron detectados por testeo y 41 por criterio o nexo epidemiol\u00f3gico seg\u00fan protocolo actualizado vigente, y 77 corresponden a Trenque Lauquen, dos (2) a Treinta de Agosto y tres (3) a Beruti.<\/p>\n\n\n\n<div class=\"wp-block-image\"><figure class=\"aligncenter size-medium\"><img loading=\"lazy\" decoding=\"async\" width=\"460\" height=\"434\" src=\"http:\/\/infoecos.com.ar\/wp-content\/uploads\/2021\/06\/REPORTEMARTES-460x434.jpg\" alt=\"\" class=\"wp-image-79025\" srcset=\"https:\/\/infoecos.com.ar\/wp-content\/uploads\/2021\/06\/REPORTEMARTES-460x434.jpg 460w, https:\/\/infoecos.com.ar\/wp-content\/uploads\/2021\/06\/REPORTEMARTES-768x725.jpg 768w, https:\/\/infoecos.com.ar\/wp-content\/uploads\/2021\/06\/REPORTEMARTES.jpg 800w\" sizes=\"auto, (max-width: 460px) 100vw, 460px\" \/><\/figure><\/div>\n\n\n\n<p class=\"wp-block-paragraph\">De los 619 activos, 568 son de ciudad cabecera, 35 de Treinta de Agosto, 15 de Beruti y uno (1) de Primera Junta: 559 se encuentran en sus domicilios, 56 est\u00e1n internados en el Hospital Dr. Pedro T. Orellana y cuatro (4) en el Centro Extrahospitalario.<\/p>\n\n\n\n<p class=\"wp-block-paragraph\">Las dos personas fallecidas son un hombre de 72 a\u00f1os de Trenque Lauquen, con comorbilidades, que se encontraba internado desde hac\u00eda cinco (5) d\u00edas en el Hospital Municipal, y un hombre de 84 a\u00f1os que formaba parte del Hogar Evita, de Beruti.<\/p>\n\n\n\n<p class=\"wp-block-paragraph\">Ya son 5.760 las personas recuperadas entre marzo del a\u00f1o pasado, cuando comenz\u00f3 la pandemia, y la fecha, incluidos los 67 que recibieron el alta este martes: 59 de Trenque Lauquen, seis (6) de Treinta de Agosto y dos (2) de Beruti.<\/p>\n\n\n\n<p class=\"wp-block-paragraph\">En ese mismo lapso, fueron descartados 11.260 casos, sumando los 99 registrados en las \u00faltimas 24 horas, 84 de la ciudad cabecera, tres (3) de Treinta de Agosto y trece (13) de Beruti. Un caso fue reasignado en el d\u00eda de la fecha.<br>Hay 41 casos sospechosos -28 de Trenque Lauquen, diez (10) de Treinta de Agosto y tres (3) de Beruti- y 536 personas en aislamiento -495 de Trenque Lauquen, 31 de Treinta de Agosto y diez (10) de Beruti-.<\/p>\n","protected":false},"excerpt":{"rendered":"<p>De los 619 activos, 568 son de ciudad cabecera, 35 de Treinta de Agosto, 15 de Beruti y uno (1) de Primera Junta: 559 se encuentran en sus domicilios, 56 est\u00e1n internados en el Hospital Dr. Pedro T. Orellana y cuatro (4) en el Centro Extrahospitalario<\/p>\n","protected":false},"author":2,"featured_media":59465,"comment_status":"closed","ping_status":"open","sticky":false,"template":"","format":"standard","meta":{"footnotes":""},"categories":[1613],"tags":[1785],"class_list":["post-79024","post","type-post","status-publish","format-standard","has-post-thumbnail","hentry","category-noticia-secundaria","tag-coronavirus"],"featured_image_urls":{"full":["https:\/\/infoecos.com.ar\/wp-content\/uploads\/IMG_20200323_191546.jpg",1600,1200,false],"thumbnail":["https:\/\/infoecos.com.ar\/wp-content\/uploads\/IMG_20200323_191546-150x150.jpg",150,150,true],"medium":["https:\/\/infoecos.com.ar\/wp-content\/uploads\/IMG_20200323_191546-460x345.jpg",460,345,true],"medium_large":["https:\/\/infoecos.com.ar\/wp-content\/uploads\/IMG_20200323_191546-768x576.jpg",640,480,true],"large":["https:\/\/infoecos.com.ar\/wp-content\/uploads\/IMG_20200323_191546-920x690.jpg",640,480,true],"1536x1536":["https:\/\/infoecos.com.ar\/wp-content\/uploads\/IMG_20200323_191546-1536x1152.jpg",1536,1152,true],"2048x2048":["https:\/\/infoecos.com.ar\/wp-content\/uploads\/IMG_20200323_191546.jpg",1600,1200,false],"covernews-slider-full":["https:\/\/infoecos.com.ar\/wp-content\/uploads\/IMG_20200323_191546-1536x1020.jpg",1077,715,true],"covernews-slider-center":["https:\/\/infoecos.com.ar\/wp-content\/uploads\/IMG_20200323_191546-936x897.jpg",522,500,true],"covernews-featured":["https:\/\/infoecos.com.ar\/wp-content\/uploads\/IMG_20200323_191546-1024x768.jpg",1024,768,true],"covernews-medium":["https:\/\/infoecos.com.ar\/wp-content\/uploads\/IMG_20200323_191546-720x380.jpg",540,285,true],"covernews-medium-square":["https:\/\/infoecos.com.ar\/wp-content\/uploads\/IMG_20200323_191546-675x450.jpg",375,250,true]},"author_info":{"info":["Jorge Matheus"]},"category_info":"<a href=\"https:\/\/infoecos.com.ar\/index.php\/category\/noticia-secundaria\/\" rel=\"category tag\">Noticia Secundaria<\/a>","tag_info":"Noticia Secundaria","comment_count":"0","_links":{"self":[{"href":"https:\/\/infoecos.com.ar\/index.php\/wp-json\/wp\/v2\/posts\/79024","targetHints":{"allow":["GET"]}}],"collection":[{"href":"https:\/\/infoecos.com.ar\/index.php\/wp-json\/wp\/v2\/posts"}],"about":[{"href":"https:\/\/infoecos.com.ar\/index.php\/wp-json\/wp\/v2\/types\/post"}],"author":[{"embeddable":true,"href":"https:\/\/infoecos.com.ar\/index.php\/wp-json\/wp\/v2\/users\/2"}],"replies":[{"embeddable":true,"href":"https:\/\/infoecos.com.ar\/index.php\/wp-json\/wp\/v2\/comments?post=79024"}],"version-history":[{"count":1,"href":"https:\/\/infoecos.com.ar\/index.php\/wp-json\/wp\/v2\/posts\/79024\/revisions"}],"predecessor-version":[{"id":79026,"href":"https:\/\/infoecos.com.ar\/index.php\/wp-json\/wp\/v2\/posts\/79024\/revisions\/79026"}],"wp:featuredmedia":[{"embeddable":true,"href":"https:\/\/infoecos.com.ar\/index.php\/wp-json\/wp\/v2\/media\/59465"}],"wp:attachment":[{"href":"https:\/\/infoecos.com.ar\/index.php\/wp-json\/wp\/v2\/media?parent=79024"}],"wp:term":[{"taxonomy":"category","embeddable":true,"href":"https:\/\/infoecos.com.ar\/index.php\/wp-json\/wp\/v2\/categories?post=79024"},{"taxonomy":"post_tag","embeddable":true,"href":"https:\/\/infoecos.com.ar\/index.php\/wp-json\/wp\/v2\/tags?post=79024"}],"curies":[{"name":"wp","href":"https:\/\/api.w.org\/{rel}","templated":true}]}}