{"id":79082,"date":"2021-06-02T18:26:47","date_gmt":"2021-06-02T21:26:47","guid":{"rendered":"http:\/\/infoecos.com.ar\/?p=79082"},"modified":"2021-06-02T18:31:14","modified_gmt":"2021-06-02T21:31:14","slug":"convenio-para-la-creacion-del-centro-universitario-de-la-innovacion-en-gonzalez-catan","status":"publish","type":"post","link":"https:\/\/infoecos.com.ar\/index.php\/convenio-para-la-creacion-del-centro-universitario-de-la-innovacion-en-gonzalez-catan\/","title":{"rendered":"Convenio para crear el Centro Universitario de la Innovaci\u00f3n en Gonz\u00e1lez Cat\u00e1n"},"content":{"rendered":"\n<p>La vicegobernadora bonaerense, Ver\u00f3nica Magario, junto al intendente de La Matanza, Fernando Espinoza; el ministro de Educaci\u00f3n de la Naci\u00f3n, Nicol\u00e1s Trotta; el secretario de Pol\u00edticas Universitarias, Jaime Perczyk y la secretaria de Ciencia, Tecnolog\u00eda y Pol\u00edticas Educativas de La Matanza, Silvina Gvirtz, suscribieron un convenio para la creaci\u00f3n del Centro Universitario de la Innovaci\u00f3n, en la ciudad de Gonz\u00e1lez Cat\u00e1n.<\/p>\n\n\n\n<p>El moderno edificio preparado para 10 mil alumnos y alumnas fue construido por el municipio y all\u00ed se cursar\u00e1n carreras de la UBA, de la UTN, UNQUI, UNPAZ, UNAHUR y otras universidades nacionales con propuestas de innovaci\u00f3n y desarrollo tecnol\u00f3gico.<\/p>\n\n\n\n<div class=\"wp-block-image\"><figure class=\"aligncenter size-medium\"><img loading=\"lazy\" decoding=\"async\" width=\"460\" height=\"307\" src=\"http:\/\/infoecos.com.ar\/wp-content\/uploads\/2021\/06\/MAGARIO1-460x307.jpg\" alt=\"\" class=\"wp-image-79083\" srcset=\"https:\/\/infoecos.com.ar\/wp-content\/uploads\/2021\/06\/MAGARIO1-460x307.jpg 460w, https:\/\/infoecos.com.ar\/wp-content\/uploads\/2021\/06\/MAGARIO1-920x613.jpg 920w, https:\/\/infoecos.com.ar\/wp-content\/uploads\/2021\/06\/MAGARIO1-768x512.jpg 768w, https:\/\/infoecos.com.ar\/wp-content\/uploads\/2021\/06\/MAGARIO1-1024x682.jpg 1024w, https:\/\/infoecos.com.ar\/wp-content\/uploads\/2021\/06\/MAGARIO1-675x450.jpg 675w, https:\/\/infoecos.com.ar\/wp-content\/uploads\/2021\/06\/MAGARIO1.jpg 1280w\" sizes=\"(max-width: 460px) 100vw, 460px\" \/><\/figure><\/div>\n\n\n\n<p>\u201cEsto es darle la oportunidad a cientos de miles de j\u00f3venes que viven en esta zona. Nuestra provincia debe apuntar a esto, al desarrollo, y cuando se hace desde las localidades, desde los distritos, es sumamente importante. Esto demuestra el compromiso del intendente Fernando Espinoza con la educaci\u00f3n y con las pol\u00edticas p\u00fablicas dedicadas a la generaci\u00f3n de trabajo, al desarrollo productivo, a las pol\u00edticas de educaci\u00f3n fundamentalmente en estos momentos de pandemia, tan dif\u00edciles\u201d, remarc\u00f3 Ver\u00f3nica Magario.<\/p>\n\n\n\n<p>\u00abLa verdad &#8211; continu\u00f3 &#8211; es que esta zona del sur con tanta poblaci\u00f3n necesitaba realmente esto. Ha sido adem\u00e1s un gran esfuerzo, una decisi\u00f3n muy importante del Presidente Alberto Fern\u00e1ndez con el acompa\u00f1amiento del gobernador Axel Kicillof y de todos nosotros\u00bb.<\/p>\n\n\n\n<div class=\"wp-block-image\"><figure class=\"aligncenter size-medium\"><img loading=\"lazy\" decoding=\"async\" width=\"460\" height=\"307\" src=\"http:\/\/infoecos.com.ar\/wp-content\/uploads\/2021\/06\/MAGARIO2-460x307.jpg\" alt=\"\" class=\"wp-image-79084\" srcset=\"https:\/\/infoecos.com.ar\/wp-content\/uploads\/2021\/06\/MAGARIO2-460x307.jpg 460w, https:\/\/infoecos.com.ar\/wp-content\/uploads\/2021\/06\/MAGARIO2-920x614.jpg 920w, https:\/\/infoecos.com.ar\/wp-content\/uploads\/2021\/06\/MAGARIO2-768x512.jpg 768w, https:\/\/infoecos.com.ar\/wp-content\/uploads\/2021\/06\/MAGARIO2-1024x683.jpg 1024w, https:\/\/infoecos.com.ar\/wp-content\/uploads\/2021\/06\/MAGARIO2-675x450.jpg 675w, https:\/\/infoecos.com.ar\/wp-content\/uploads\/2021\/06\/MAGARIO2.jpg 1280w\" sizes=\"(max-width: 460px) 100vw, 460px\" \/><\/figure><\/div>\n\n\n\n<p>Por su parte, el intendente de La Matanza, Fernando Espinoza, explic\u00f3 que a diferencia de otras fuerzas pol\u00edticas \u00abque han desfinanciado y estigmatizado a nuestras universidades p\u00fablicas, para nosotros este Centro es progreso, es democracia y es justicia social\u00bb.<\/p>\n\n\n\n<p>\u00abTrabajamos mucho para inaugurarlo, porque Macri y Vidal en el 2016 frenaron los nombramientos de los docentes para que pueda funcionar. Y hoy estamos muy orgullosos, cumpliendo un sue\u00f1o con un legado que nos trasciende\u201d, a\u00f1adi\u00f3 el jefe comunal.<\/p>\n\n\n\n<p>Asimismo, el ministro de Educaci\u00f3n Nicol\u00e1s Trotta, manifest\u00f3: \u201cRecuerdo la frase de Antonio Cafiero, nuestro querido gobernador de la provincia en su momento, que dec\u00eda: \u2018Quien sue\u00f1a solo, solo sue\u00f1a. Quien sue\u00f1a con otros, transforma la realidad, cumple sus sue\u00f1os\u2019. Y eso es lo que se est\u00e1 viviendo aqu\u00ed, la continuidad de una decisi\u00f3n, de la transformaci\u00f3n colectiva\u00bb.<\/p>\n\n\n\n<p>Del acto participaron las senadoras bonaerenses Ana De Valle y Mar\u00eda Reigada.<\/p>\n","protected":false},"excerpt":{"rendered":"<p>\u00abEsta zona del sur con tanta poblaci\u00f3n necesitaba realmente esto. Ha sido adem\u00e1s un gran esfuerzo, una decisi\u00f3n muy importante del Presidente Alberto Fern\u00e1ndez con el acompa\u00f1amiento del gobernador Axel Kicillof y de todos nosotros\u00bb, se\u00f1al\u00f3 la vicegobernadora<\/p>\n","protected":false},"author":2,"featured_media":79085,"comment_status":"closed","ping_status":"open","sticky":false,"template":"","format":"standard","meta":{"footnotes":""},"categories":[197],"tags":[3821],"class_list":["post-79082","post","type-post","status-publish","format-standard","has-post-thumbnail","hentry","category-c3nota4","tag-participo-la-vicegobernadora-magario"],"yoast_head":"<!-- This site is optimized with the Yoast SEO plugin v23.4 - https:\/\/yoast.com\/wordpress\/plugins\/seo\/ -->\n<title>Convenio para crear el Centro Universitario de la Innovaci\u00f3n en Gonz\u00e1lez Cat\u00e1n - Infoecos<\/title>\n<meta name=\"robots\" content=\"index, follow, max-snippet:-1, max-image-preview:large, max-video-preview:-1\" \/>\n<link rel=\"canonical\" href=\"https:\/\/infoecos.com.ar\/index.php\/convenio-para-la-creacion-del-centro-universitario-de-la-innovacion-en-gonzalez-catan\/\" \/>\n<meta property=\"og:locale\" content=\"es_ES\" \/>\n<meta property=\"og:type\" content=\"article\" \/>\n<meta property=\"og:title\" content=\"Convenio para crear el Centro Universitario de la Innovaci\u00f3n en Gonz\u00e1lez Cat\u00e1n - Infoecos\" \/>\n<meta property=\"og:description\" content=\"&quot;Esta zona del sur con tanta poblaci\u00f3n necesitaba realmente esto. Ha sido adem\u00e1s un gran esfuerzo, una decisi\u00f3n muy importante del Presidente Alberto Fern\u00e1ndez con el acompa\u00f1amiento del gobernador Axel Kicillof y de todos nosotros&quot;, se\u00f1al\u00f3 la vicegobernadora\" \/>\n<meta property=\"og:url\" content=\"https:\/\/infoecos.com.ar\/index.php\/convenio-para-la-creacion-del-centro-universitario-de-la-innovacion-en-gonzalez-catan\/\" \/>\n<meta property=\"og:site_name\" content=\"Infoecos\" \/>\n<meta property=\"article:publisher\" content=\"https:\/\/www.facebook.com\/profile.php?id=100063200290284\" \/>\n<meta property=\"article:published_time\" content=\"2021-06-02T21:26:47+00:00\" \/>\n<meta property=\"article:modified_time\" content=\"2021-06-02T21:31:14+00:00\" \/>\n<meta property=\"og:image\" content=\"https:\/\/infoecos.com.ar\/wp-content\/uploads\/2021\/06\/MAGARIO.jpg\" \/>\n\t<meta property=\"og:image:width\" content=\"1280\" \/>\n\t<meta property=\"og:image:height\" content=\"806\" \/>\n\t<meta property=\"og:image:type\" content=\"image\/jpeg\" \/>\n<meta name=\"author\" content=\"Jorge Matheus\" \/>\n<meta name=\"twitter:card\" content=\"summary_large_image\" \/>\n<meta name=\"twitter:creator\" content=\"@infoecos\" \/>\n<meta name=\"twitter:site\" content=\"@infoecos\" \/>\n<meta name=\"twitter:label1\" content=\"Escrito por\" \/>\n\t<meta name=\"twitter:data1\" content=\"Jorge Matheus\" \/>\n\t<meta name=\"twitter:label2\" content=\"Tiempo de lectura\" \/>\n\t<meta name=\"twitter:data2\" content=\"2 minutos\" \/>\n<script type=\"application\/ld+json\" class=\"yoast-schema-graph\">{\"@context\":\"https:\/\/schema.org\",\"@graph\":[{\"@type\":\"Article\",\"@id\":\"https:\/\/infoecos.com.ar\/index.php\/convenio-para-la-creacion-del-centro-universitario-de-la-innovacion-en-gonzalez-catan\/#article\",\"isPartOf\":{\"@id\":\"https:\/\/infoecos.com.ar\/index.php\/convenio-para-la-creacion-del-centro-universitario-de-la-innovacion-en-gonzalez-catan\/\"},\"author\":{\"name\":\"Jorge Matheus\",\"@id\":\"https:\/\/infoecos.com.ar\/#\/schema\/person\/8f5ace5ce73b4b4aac4b7245aee6f191\"},\"headline\":\"Convenio para crear el Centro Universitario de la Innovaci\u00f3n en Gonz\u00e1lez Cat\u00e1n\",\"datePublished\":\"2021-06-02T21:26:47+00:00\",\"dateModified\":\"2021-06-02T21:31:14+00:00\",\"mainEntityOfPage\":{\"@id\":\"https:\/\/infoecos.com.ar\/index.php\/convenio-para-la-creacion-del-centro-universitario-de-la-innovacion-en-gonzalez-catan\/\"},\"wordCount\":424,\"publisher\":{\"@id\":\"https:\/\/infoecos.com.ar\/#organization\"},\"image\":{\"@id\":\"https:\/\/infoecos.com.ar\/index.php\/convenio-para-la-creacion-del-centro-universitario-de-la-innovacion-en-gonzalez-catan\/#primaryimage\"},\"thumbnailUrl\":\"https:\/\/infoecos.com.ar\/wp-content\/uploads\/2021\/06\/MAGARIO.jpg\",\"keywords\":[\"PARTICIP\u00d3 LA VICEGOBERNADORA MAGARIO\"],\"articleSection\":[\"C3 N4\"],\"inLanguage\":\"es\"},{\"@type\":\"WebPage\",\"@id\":\"https:\/\/infoecos.com.ar\/index.php\/convenio-para-la-creacion-del-centro-universitario-de-la-innovacion-en-gonzalez-catan\/\",\"url\":\"https:\/\/infoecos.com.ar\/index.php\/convenio-para-la-creacion-del-centro-universitario-de-la-innovacion-en-gonzalez-catan\/\",\"name\":\"Convenio para crear el Centro Universitario de la Innovaci\u00f3n en Gonz\u00e1lez Cat\u00e1n - Infoecos\",\"isPartOf\":{\"@id\":\"https:\/\/infoecos.com.ar\/#website\"},\"primaryImageOfPage\":{\"@id\":\"https:\/\/infoecos.com.ar\/index.php\/convenio-para-la-creacion-del-centro-universitario-de-la-innovacion-en-gonzalez-catan\/#primaryimage\"},\"image\":{\"@id\":\"https:\/\/infoecos.com.ar\/index.php\/convenio-para-la-creacion-del-centro-universitario-de-la-innovacion-en-gonzalez-catan\/#primaryimage\"},\"thumbnailUrl\":\"https:\/\/infoecos.com.ar\/wp-content\/uploads\/2021\/06\/MAGARIO.jpg\",\"datePublished\":\"2021-06-02T21:26:47+00:00\",\"dateModified\":\"2021-06-02T21:31:14+00:00\",\"breadcrumb\":{\"@id\":\"https:\/\/infoecos.com.ar\/index.php\/convenio-para-la-creacion-del-centro-universitario-de-la-innovacion-en-gonzalez-catan\/#breadcrumb\"},\"inLanguage\":\"es\",\"potentialAction\":[{\"@type\":\"ReadAction\",\"target\":[\"https:\/\/infoecos.com.ar\/index.php\/convenio-para-la-creacion-del-centro-universitario-de-la-innovacion-en-gonzalez-catan\/\"]}]},{\"@type\":\"ImageObject\",\"inLanguage\":\"es\",\"@id\":\"https:\/\/infoecos.com.ar\/index.php\/convenio-para-la-creacion-del-centro-universitario-de-la-innovacion-en-gonzalez-catan\/#primaryimage\",\"url\":\"https:\/\/infoecos.com.ar\/wp-content\/uploads\/2021\/06\/MAGARIO.jpg\",\"contentUrl\":\"https:\/\/infoecos.com.ar\/wp-content\/uploads\/2021\/06\/MAGARIO.jpg\",\"width\":1280,\"height\":806},{\"@type\":\"BreadcrumbList\",\"@id\":\"https:\/\/infoecos.com.ar\/index.php\/convenio-para-la-creacion-del-centro-universitario-de-la-innovacion-en-gonzalez-catan\/#breadcrumb\",\"itemListElement\":[{\"@type\":\"ListItem\",\"position\":1,\"name\":\"Portada\",\"item\":\"https:\/\/infoecos.com.ar\/\"},{\"@type\":\"ListItem\",\"position\":2,\"name\":\"Convenio para crear el Centro Universitario de la Innovaci\u00f3n en Gonz\u00e1lez Cat\u00e1n\"}]},{\"@type\":\"WebSite\",\"@id\":\"https:\/\/infoecos.com.ar\/#website\",\"url\":\"https:\/\/infoecos.com.ar\/\",\"name\":\"Infoecos\",\"description\":\"Noticias de trenque lauquen y la zona\",\"publisher\":{\"@id\":\"https:\/\/infoecos.com.ar\/#organization\"},\"alternateName\":\"Noticias\",\"potentialAction\":[{\"@type\":\"SearchAction\",\"target\":{\"@type\":\"EntryPoint\",\"urlTemplate\":\"https:\/\/infoecos.com.ar\/?s={search_term_string}\"},\"query-input\":{\"@type\":\"PropertyValueSpecification\",\"valueRequired\":true,\"valueName\":\"search_term_string\"}}],\"inLanguage\":\"es\"},{\"@type\":\"Organization\",\"@id\":\"https:\/\/infoecos.com.ar\/#organization\",\"name\":\"Infoecos\",\"alternateName\":\"Noticias\",\"url\":\"https:\/\/infoecos.com.ar\/\",\"logo\":{\"@type\":\"ImageObject\",\"inLanguage\":\"es\",\"@id\":\"https:\/\/infoecos.com.ar\/#\/schema\/logo\/image\/\",\"url\":\"https:\/\/infoecos.com.ar\/wp-content\/uploads\/2024\/03\/cropped-logo.png\",\"contentUrl\":\"https:\/\/infoecos.com.ar\/wp-content\/uploads\/2024\/03\/cropped-logo.png\",\"width\":374,\"height\":90,\"caption\":\"Infoecos\"},\"image\":{\"@id\":\"https:\/\/infoecos.com.ar\/#\/schema\/logo\/image\/\"},\"sameAs\":[\"https:\/\/www.facebook.com\/profile.php?id=100063200290284\",\"https:\/\/x.com\/infoecos\"]},{\"@type\":\"Person\",\"@id\":\"https:\/\/infoecos.com.ar\/#\/schema\/person\/8f5ace5ce73b4b4aac4b7245aee6f191\",\"name\":\"Jorge Matheus\",\"url\":\"https:\/\/infoecos.com.ar\/index.php\/author\/jomatheus\/\"}]}<\/script>\n<!-- \/ Yoast SEO plugin. -->","yoast_head_json":{"title":"Convenio para crear el Centro Universitario de la Innovaci\u00f3n en Gonz\u00e1lez Cat\u00e1n - Infoecos","robots":{"index":"index","follow":"follow","max-snippet":"max-snippet:-1","max-image-preview":"max-image-preview:large","max-video-preview":"max-video-preview:-1"},"canonical":"https:\/\/infoecos.com.ar\/index.php\/convenio-para-la-creacion-del-centro-universitario-de-la-innovacion-en-gonzalez-catan\/","og_locale":"es_ES","og_type":"article","og_title":"Convenio para crear el Centro Universitario de la Innovaci\u00f3n en Gonz\u00e1lez Cat\u00e1n - Infoecos","og_description":"\"Esta zona del sur con tanta poblaci\u00f3n necesitaba realmente esto. Ha sido adem\u00e1s un gran esfuerzo, una decisi\u00f3n muy importante del Presidente Alberto Fern\u00e1ndez con el acompa\u00f1amiento del gobernador Axel Kicillof y de todos nosotros\", se\u00f1al\u00f3 la vicegobernadora","og_url":"https:\/\/infoecos.com.ar\/index.php\/convenio-para-la-creacion-del-centro-universitario-de-la-innovacion-en-gonzalez-catan\/","og_site_name":"Infoecos","article_publisher":"https:\/\/www.facebook.com\/profile.php?id=100063200290284","article_published_time":"2021-06-02T21:26:47+00:00","article_modified_time":"2021-06-02T21:31:14+00:00","og_image":[{"width":1280,"height":806,"url":"https:\/\/infoecos.com.ar\/wp-content\/uploads\/2021\/06\/MAGARIO.jpg","type":"image\/jpeg"}],"author":"Jorge Matheus","twitter_card":"summary_large_image","twitter_creator":"@infoecos","twitter_site":"@infoecos","twitter_misc":{"Escrito por":"Jorge Matheus","Tiempo de lectura":"2 minutos"},"schema":{"@context":"https:\/\/schema.org","@graph":[{"@type":"Article","@id":"https:\/\/infoecos.com.ar\/index.php\/convenio-para-la-creacion-del-centro-universitario-de-la-innovacion-en-gonzalez-catan\/#article","isPartOf":{"@id":"https:\/\/infoecos.com.ar\/index.php\/convenio-para-la-creacion-del-centro-universitario-de-la-innovacion-en-gonzalez-catan\/"},"author":{"name":"Jorge Matheus","@id":"https:\/\/infoecos.com.ar\/#\/schema\/person\/8f5ace5ce73b4b4aac4b7245aee6f191"},"headline":"Convenio para crear el Centro Universitario de la Innovaci\u00f3n en Gonz\u00e1lez Cat\u00e1n","datePublished":"2021-06-02T21:26:47+00:00","dateModified":"2021-06-02T21:31:14+00:00","mainEntityOfPage":{"@id":"https:\/\/infoecos.com.ar\/index.php\/convenio-para-la-creacion-del-centro-universitario-de-la-innovacion-en-gonzalez-catan\/"},"wordCount":424,"publisher":{"@id":"https:\/\/infoecos.com.ar\/#organization"},"image":{"@id":"https:\/\/infoecos.com.ar\/index.php\/convenio-para-la-creacion-del-centro-universitario-de-la-innovacion-en-gonzalez-catan\/#primaryimage"},"thumbnailUrl":"https:\/\/infoecos.com.ar\/wp-content\/uploads\/2021\/06\/MAGARIO.jpg","keywords":["PARTICIP\u00d3 LA VICEGOBERNADORA MAGARIO"],"articleSection":["C3 N4"],"inLanguage":"es"},{"@type":"WebPage","@id":"https:\/\/infoecos.com.ar\/index.php\/convenio-para-la-creacion-del-centro-universitario-de-la-innovacion-en-gonzalez-catan\/","url":"https:\/\/infoecos.com.ar\/index.php\/convenio-para-la-creacion-del-centro-universitario-de-la-innovacion-en-gonzalez-catan\/","name":"Convenio para crear el Centro Universitario de la Innovaci\u00f3n en Gonz\u00e1lez Cat\u00e1n - Infoecos","isPartOf":{"@id":"https:\/\/infoecos.com.ar\/#website"},"primaryImageOfPage":{"@id":"https:\/\/infoecos.com.ar\/index.php\/convenio-para-la-creacion-del-centro-universitario-de-la-innovacion-en-gonzalez-catan\/#primaryimage"},"image":{"@id":"https:\/\/infoecos.com.ar\/index.php\/convenio-para-la-creacion-del-centro-universitario-de-la-innovacion-en-gonzalez-catan\/#primaryimage"},"thumbnailUrl":"https:\/\/infoecos.com.ar\/wp-content\/uploads\/2021\/06\/MAGARIO.jpg","datePublished":"2021-06-02T21:26:47+00:00","dateModified":"2021-06-02T21:31:14+00:00","breadcrumb":{"@id":"https:\/\/infoecos.com.ar\/index.php\/convenio-para-la-creacion-del-centro-universitario-de-la-innovacion-en-gonzalez-catan\/#breadcrumb"},"inLanguage":"es","potentialAction":[{"@type":"ReadAction","target":["https:\/\/infoecos.com.ar\/index.php\/convenio-para-la-creacion-del-centro-universitario-de-la-innovacion-en-gonzalez-catan\/"]}]},{"@type":"ImageObject","inLanguage":"es","@id":"https:\/\/infoecos.com.ar\/index.php\/convenio-para-la-creacion-del-centro-universitario-de-la-innovacion-en-gonzalez-catan\/#primaryimage","url":"https:\/\/infoecos.com.ar\/wp-content\/uploads\/2021\/06\/MAGARIO.jpg","contentUrl":"https:\/\/infoecos.com.ar\/wp-content\/uploads\/2021\/06\/MAGARIO.jpg","width":1280,"height":806},{"@type":"BreadcrumbList","@id":"https:\/\/infoecos.com.ar\/index.php\/convenio-para-la-creacion-del-centro-universitario-de-la-innovacion-en-gonzalez-catan\/#breadcrumb","itemListElement":[{"@type":"ListItem","position":1,"name":"Portada","item":"https:\/\/infoecos.com.ar\/"},{"@type":"ListItem","position":2,"name":"Convenio para crear el Centro Universitario de la Innovaci\u00f3n en Gonz\u00e1lez Cat\u00e1n"}]},{"@type":"WebSite","@id":"https:\/\/infoecos.com.ar\/#website","url":"https:\/\/infoecos.com.ar\/","name":"Infoecos","description":"Noticias de trenque lauquen y la zona","publisher":{"@id":"https:\/\/infoecos.com.ar\/#organization"},"alternateName":"Noticias","potentialAction":[{"@type":"SearchAction","target":{"@type":"EntryPoint","urlTemplate":"https:\/\/infoecos.com.ar\/?s={search_term_string}"},"query-input":{"@type":"PropertyValueSpecification","valueRequired":true,"valueName":"search_term_string"}}],"inLanguage":"es"},{"@type":"Organization","@id":"https:\/\/infoecos.com.ar\/#organization","name":"Infoecos","alternateName":"Noticias","url":"https:\/\/infoecos.com.ar\/","logo":{"@type":"ImageObject","inLanguage":"es","@id":"https:\/\/infoecos.com.ar\/#\/schema\/logo\/image\/","url":"https:\/\/infoecos.com.ar\/wp-content\/uploads\/2024\/03\/cropped-logo.png","contentUrl":"https:\/\/infoecos.com.ar\/wp-content\/uploads\/2024\/03\/cropped-logo.png","width":374,"height":90,"caption":"Infoecos"},"image":{"@id":"https:\/\/infoecos.com.ar\/#\/schema\/logo\/image\/"},"sameAs":["https:\/\/www.facebook.com\/profile.php?id=100063200290284","https:\/\/x.com\/infoecos"]},{"@type":"Person","@id":"https:\/\/infoecos.com.ar\/#\/schema\/person\/8f5ace5ce73b4b4aac4b7245aee6f191","name":"Jorge Matheus","url":"https:\/\/infoecos.com.ar\/index.php\/author\/jomatheus\/"}]}},"featured_image_urls":{"full":["https:\/\/infoecos.com.ar\/wp-content\/uploads\/2021\/06\/MAGARIO.jpg",1280,806,false],"thumbnail":["https:\/\/infoecos.com.ar\/wp-content\/uploads\/2021\/06\/MAGARIO-150x150.jpg",150,150,true],"medium":["https:\/\/infoecos.com.ar\/wp-content\/uploads\/2021\/06\/MAGARIO-460x290.jpg",460,290,true],"medium_large":["https:\/\/infoecos.com.ar\/wp-content\/uploads\/2021\/06\/MAGARIO-768x484.jpg",640,403,true],"large":["https:\/\/infoecos.com.ar\/wp-content\/uploads\/2021\/06\/MAGARIO-920x579.jpg",640,403,true],"1536x1536":["https:\/\/infoecos.com.ar\/wp-content\/uploads\/2021\/06\/MAGARIO.jpg",1280,806,false],"2048x2048":["https:\/\/infoecos.com.ar\/wp-content\/uploads\/2021\/06\/MAGARIO.jpg",1280,806,false],"covernews-slider-full":["https:\/\/infoecos.com.ar\/wp-content\/uploads\/2021\/06\/MAGARIO.jpg",1115,702,false],"covernews-slider-center":["https:\/\/infoecos.com.ar\/wp-content\/uploads\/2021\/06\/MAGARIO-936x806.jpg",581,500,true],"covernews-featured":["https:\/\/infoecos.com.ar\/wp-content\/uploads\/2021\/06\/MAGARIO-1024x645.jpg",1024,645,true],"covernews-medium":["https:\/\/infoecos.com.ar\/wp-content\/uploads\/2021\/06\/MAGARIO-720x380.jpg",540,285,true],"covernews-medium-square":["https:\/\/infoecos.com.ar\/wp-content\/uploads\/2021\/06\/MAGARIO-675x450.jpg",375,250,true]},"author_info":{"info":["Jorge Matheus"]},"category_info":"<a href=\"https:\/\/infoecos.com.ar\/index.php\/category\/c3nota4\/\" rel=\"category tag\">C3 N4<\/a>","tag_info":"C3 N4","comment_count":"0","_links":{"self":[{"href":"https:\/\/infoecos.com.ar\/index.php\/wp-json\/wp\/v2\/posts\/79082"}],"collection":[{"href":"https:\/\/infoecos.com.ar\/index.php\/wp-json\/wp\/v2\/posts"}],"about":[{"href":"https:\/\/infoecos.com.ar\/index.php\/wp-json\/wp\/v2\/types\/post"}],"author":[{"embeddable":true,"href":"https:\/\/infoecos.com.ar\/index.php\/wp-json\/wp\/v2\/users\/2"}],"replies":[{"embeddable":true,"href":"https:\/\/infoecos.com.ar\/index.php\/wp-json\/wp\/v2\/comments?post=79082"}],"version-history":[{"count":2,"href":"https:\/\/infoecos.com.ar\/index.php\/wp-json\/wp\/v2\/posts\/79082\/revisions"}],"predecessor-version":[{"id":79087,"href":"https:\/\/infoecos.com.ar\/index.php\/wp-json\/wp\/v2\/posts\/79082\/revisions\/79087"}],"wp:featuredmedia":[{"embeddable":true,"href":"https:\/\/infoecos.com.ar\/index.php\/wp-json\/wp\/v2\/media\/79085"}],"wp:attachment":[{"href":"https:\/\/infoecos.com.ar\/index.php\/wp-json\/wp\/v2\/media?parent=79082"}],"wp:term":[{"taxonomy":"category","embeddable":true,"href":"https:\/\/infoecos.com.ar\/index.php\/wp-json\/wp\/v2\/categories?post=79082"},{"taxonomy":"post_tag","embeddable":true,"href":"https:\/\/infoecos.com.ar\/index.php\/wp-json\/wp\/v2\/tags?post=79082"}],"curies":[{"name":"wp","href":"https:\/\/api.w.org\/{rel}","templated":true}]}}