{"id":79102,"date":"2021-06-03T01:16:34","date_gmt":"2021-06-03T04:16:34","guid":{"rendered":"http:\/\/infoecos.com.ar\/?p=79102"},"modified":"2021-06-10T01:42:33","modified_gmt":"2021-06-10T04:42:33","slug":"el-valor-del-gas-a-partir-de-la-proxima-factura","status":"publish","type":"post","link":"https:\/\/infoecos.com.ar\/index.php\/el-valor-del-gas-a-partir-de-la-proxima-factura\/","title":{"rendered":"El valor del gas a partir de la pr\u00f3xima factura"},"content":{"rendered":"\n<p>El&nbsp;Ente Nacional Regulador del&nbsp;Gas (Enargas) formaliz\u00f3 este mi\u00e9rcoles los cuadros tarifarios de transici\u00f3n cuyo impacto en factura promedian el&nbsp;<strong>6%<\/strong>&nbsp;para los usuarios residenciales del servicio de gas por redes, en tanto para pymes y comercios la adecuaci\u00f3n ronda el&nbsp;<strong>4%.<\/strong><\/p>\n\n\n\n<div class=\"wp-block-image\"><figure class=\"aligncenter size-medium\"><img decoding=\"async\" src=\"http:\/\/infoecos.com.ar\/wp-content\/uploads\/1475066332_168175_1475068250_noticia_normal-460x237.jpg\" alt=\"\" class=\"wp-image-43890\"\/><figcaption>Gas natural domiciliario<\/figcaption><\/figure><\/div>\n\n\n\n<p>Con esta actualizaci\u00f3n,&nbsp;un usuario residencial en la Ciudad de Buenos Aires que consume unos 760 m3 al a\u00f1o pasar\u00e1 de pagar $1.700 promedio por mes a menos de $1.800,&nbsp;mientras que a&nbsp;un residente en Provincia con un consumo de 940 m3 la factura promedio le subir\u00e1 de $2.400 a $2.550. El aumento del 6% ronda entre $100 y $120 por mes, seg\u00fan el consumo y usuario<strong>.<\/strong><\/p>\n\n\n\n<p>La decisi\u00f3n se adopt\u00f3 tras la realizaci\u00f3n de una auditor\u00eda y revisi\u00f3n t\u00e9cnica, jur\u00eddica y econ\u00f3mica de los aspectos regulados por la Ley 27.541 en materia energ\u00e9tica, ordenados a trav\u00e9s del Decreto 278 de marzo de 2020 por la intervenci\u00f3n del organismo, encabezado por Federico Bernal.<\/p>\n\n\n\n<p><\/p>\n","protected":false},"excerpt":{"rendered":"<p>A un residente en Provincia con un consumo de 940 m3 la factura promedio le subir\u00e1 de $2.400 a $2.550<\/p>\n","protected":false},"author":2,"featured_media":43890,"comment_status":"closed","ping_status":"open","sticky":false,"template":"","format":"standard","meta":{"footnotes":""},"categories":[42],"tags":[594],"class_list":["post-79102","post","type-post","status-publish","format-standard","has-post-thumbnail","hentry","category-inferior3","tag-servicios-publicos"],"yoast_head":"<!-- This site is optimized with the Yoast SEO plugin v23.4 - https:\/\/yoast.com\/wordpress\/plugins\/seo\/ -->\n<title>El valor del gas a partir de la pr\u00f3xima factura - Infoecos<\/title>\n<meta name=\"robots\" content=\"index, follow, max-snippet:-1, max-image-preview:large, max-video-preview:-1\" \/>\n<link rel=\"canonical\" href=\"https:\/\/infoecos.com.ar\/index.php\/el-valor-del-gas-a-partir-de-la-proxima-factura\/\" \/>\n<meta property=\"og:locale\" content=\"es_ES\" \/>\n<meta property=\"og:type\" content=\"article\" \/>\n<meta property=\"og:title\" content=\"El valor del gas a partir de la pr\u00f3xima factura - Infoecos\" \/>\n<meta property=\"og:description\" content=\"A un residente en Provincia con un consumo de 940 m3 la factura promedio le subir\u00e1 de $2.400 a $2.550\" \/>\n<meta property=\"og:url\" content=\"https:\/\/infoecos.com.ar\/index.php\/el-valor-del-gas-a-partir-de-la-proxima-factura\/\" \/>\n<meta property=\"og:site_name\" content=\"Infoecos\" \/>\n<meta property=\"article:publisher\" content=\"https:\/\/www.facebook.com\/profile.php?id=100063200290284\" \/>\n<meta property=\"article:published_time\" content=\"2021-06-03T04:16:34+00:00\" \/>\n<meta property=\"article:modified_time\" content=\"2021-06-10T04:42:33+00:00\" \/>\n<meta property=\"og:image\" content=\"https:\/\/infoecos.com.ar\/wp-content\/uploads\/1475066332_168175_1475068250_noticia_normal.jpg\" \/>\n\t<meta property=\"og:image:width\" content=\"980\" \/>\n\t<meta property=\"og:image:height\" content=\"505\" \/>\n\t<meta property=\"og:image:type\" content=\"image\/jpeg\" \/>\n<meta name=\"author\" content=\"Jorge Matheus\" \/>\n<meta name=\"twitter:card\" content=\"summary_large_image\" \/>\n<meta name=\"twitter:creator\" content=\"@infoecos\" \/>\n<meta name=\"twitter:site\" content=\"@infoecos\" \/>\n<meta name=\"twitter:label1\" content=\"Escrito por\" \/>\n\t<meta name=\"twitter:data1\" content=\"Jorge Matheus\" \/>\n\t<meta name=\"twitter:label2\" content=\"Tiempo de lectura\" \/>\n\t<meta name=\"twitter:data2\" content=\"1 minuto\" \/>\n<script type=\"application\/ld+json\" class=\"yoast-schema-graph\">{\"@context\":\"https:\/\/schema.org\",\"@graph\":[{\"@type\":\"Article\",\"@id\":\"https:\/\/infoecos.com.ar\/index.php\/el-valor-del-gas-a-partir-de-la-proxima-factura\/#article\",\"isPartOf\":{\"@id\":\"https:\/\/infoecos.com.ar\/index.php\/el-valor-del-gas-a-partir-de-la-proxima-factura\/\"},\"author\":{\"name\":\"Jorge Matheus\",\"@id\":\"https:\/\/infoecos.com.ar\/#\/schema\/person\/8f5ace5ce73b4b4aac4b7245aee6f191\"},\"headline\":\"El valor del gas a partir de la pr\u00f3xima factura\",\"datePublished\":\"2021-06-03T04:16:34+00:00\",\"dateModified\":\"2021-06-10T04:42:33+00:00\",\"mainEntityOfPage\":{\"@id\":\"https:\/\/infoecos.com.ar\/index.php\/el-valor-del-gas-a-partir-de-la-proxima-factura\/\"},\"wordCount\":181,\"publisher\":{\"@id\":\"https:\/\/infoecos.com.ar\/#organization\"},\"image\":{\"@id\":\"https:\/\/infoecos.com.ar\/index.php\/el-valor-del-gas-a-partir-de-la-proxima-factura\/#primaryimage\"},\"thumbnailUrl\":\"\",\"keywords\":[\"SERVICIOS P\u00daBLICOS\"],\"articleSection\":[\"Bloque inferior - 3\"],\"inLanguage\":\"es\"},{\"@type\":\"WebPage\",\"@id\":\"https:\/\/infoecos.com.ar\/index.php\/el-valor-del-gas-a-partir-de-la-proxima-factura\/\",\"url\":\"https:\/\/infoecos.com.ar\/index.php\/el-valor-del-gas-a-partir-de-la-proxima-factura\/\",\"name\":\"El valor del gas a partir de la pr\u00f3xima factura - Infoecos\",\"isPartOf\":{\"@id\":\"https:\/\/infoecos.com.ar\/#website\"},\"primaryImageOfPage\":{\"@id\":\"https:\/\/infoecos.com.ar\/index.php\/el-valor-del-gas-a-partir-de-la-proxima-factura\/#primaryimage\"},\"image\":{\"@id\":\"https:\/\/infoecos.com.ar\/index.php\/el-valor-del-gas-a-partir-de-la-proxima-factura\/#primaryimage\"},\"thumbnailUrl\":\"\",\"datePublished\":\"2021-06-03T04:16:34+00:00\",\"dateModified\":\"2021-06-10T04:42:33+00:00\",\"breadcrumb\":{\"@id\":\"https:\/\/infoecos.com.ar\/index.php\/el-valor-del-gas-a-partir-de-la-proxima-factura\/#breadcrumb\"},\"inLanguage\":\"es\",\"potentialAction\":[{\"@type\":\"ReadAction\",\"target\":[\"https:\/\/infoecos.com.ar\/index.php\/el-valor-del-gas-a-partir-de-la-proxima-factura\/\"]}]},{\"@type\":\"ImageObject\",\"inLanguage\":\"es\",\"@id\":\"https:\/\/infoecos.com.ar\/index.php\/el-valor-del-gas-a-partir-de-la-proxima-factura\/#primaryimage\",\"url\":\"\",\"contentUrl\":\"\"},{\"@type\":\"BreadcrumbList\",\"@id\":\"https:\/\/infoecos.com.ar\/index.php\/el-valor-del-gas-a-partir-de-la-proxima-factura\/#breadcrumb\",\"itemListElement\":[{\"@type\":\"ListItem\",\"position\":1,\"name\":\"Portada\",\"item\":\"https:\/\/infoecos.com.ar\/\"},{\"@type\":\"ListItem\",\"position\":2,\"name\":\"El valor del gas a partir de la pr\u00f3xima factura\"}]},{\"@type\":\"WebSite\",\"@id\":\"https:\/\/infoecos.com.ar\/#website\",\"url\":\"https:\/\/infoecos.com.ar\/\",\"name\":\"Infoecos\",\"description\":\"Noticias de trenque lauquen y la zona\",\"publisher\":{\"@id\":\"https:\/\/infoecos.com.ar\/#organization\"},\"alternateName\":\"Noticias\",\"potentialAction\":[{\"@type\":\"SearchAction\",\"target\":{\"@type\":\"EntryPoint\",\"urlTemplate\":\"https:\/\/infoecos.com.ar\/?s={search_term_string}\"},\"query-input\":{\"@type\":\"PropertyValueSpecification\",\"valueRequired\":true,\"valueName\":\"search_term_string\"}}],\"inLanguage\":\"es\"},{\"@type\":\"Organization\",\"@id\":\"https:\/\/infoecos.com.ar\/#organization\",\"name\":\"Infoecos\",\"alternateName\":\"Noticias\",\"url\":\"https:\/\/infoecos.com.ar\/\",\"logo\":{\"@type\":\"ImageObject\",\"inLanguage\":\"es\",\"@id\":\"https:\/\/infoecos.com.ar\/#\/schema\/logo\/image\/\",\"url\":\"https:\/\/infoecos.com.ar\/wp-content\/uploads\/2024\/03\/cropped-logo.png\",\"contentUrl\":\"https:\/\/infoecos.com.ar\/wp-content\/uploads\/2024\/03\/cropped-logo.png\",\"width\":374,\"height\":90,\"caption\":\"Infoecos\"},\"image\":{\"@id\":\"https:\/\/infoecos.com.ar\/#\/schema\/logo\/image\/\"},\"sameAs\":[\"https:\/\/www.facebook.com\/profile.php?id=100063200290284\",\"https:\/\/x.com\/infoecos\"]},{\"@type\":\"Person\",\"@id\":\"https:\/\/infoecos.com.ar\/#\/schema\/person\/8f5ace5ce73b4b4aac4b7245aee6f191\",\"name\":\"Jorge Matheus\",\"url\":\"https:\/\/infoecos.com.ar\/index.php\/author\/jomatheus\/\"}]}<\/script>\n<!-- \/ Yoast SEO plugin. -->","yoast_head_json":{"title":"El valor del gas a partir de la pr\u00f3xima factura - Infoecos","robots":{"index":"index","follow":"follow","max-snippet":"max-snippet:-1","max-image-preview":"max-image-preview:large","max-video-preview":"max-video-preview:-1"},"canonical":"https:\/\/infoecos.com.ar\/index.php\/el-valor-del-gas-a-partir-de-la-proxima-factura\/","og_locale":"es_ES","og_type":"article","og_title":"El valor del gas a partir de la pr\u00f3xima factura - Infoecos","og_description":"A un residente en Provincia con un consumo de 940 m3 la factura promedio le subir\u00e1 de $2.400 a $2.550","og_url":"https:\/\/infoecos.com.ar\/index.php\/el-valor-del-gas-a-partir-de-la-proxima-factura\/","og_site_name":"Infoecos","article_publisher":"https:\/\/www.facebook.com\/profile.php?id=100063200290284","article_published_time":"2021-06-03T04:16:34+00:00","article_modified_time":"2021-06-10T04:42:33+00:00","og_image":[{"width":980,"height":505,"url":"https:\/\/infoecos.com.ar\/wp-content\/uploads\/1475066332_168175_1475068250_noticia_normal.jpg","type":"image\/jpeg"}],"author":"Jorge Matheus","twitter_card":"summary_large_image","twitter_creator":"@infoecos","twitter_site":"@infoecos","twitter_misc":{"Escrito por":"Jorge Matheus","Tiempo de lectura":"1 minuto"},"schema":{"@context":"https:\/\/schema.org","@graph":[{"@type":"Article","@id":"https:\/\/infoecos.com.ar\/index.php\/el-valor-del-gas-a-partir-de-la-proxima-factura\/#article","isPartOf":{"@id":"https:\/\/infoecos.com.ar\/index.php\/el-valor-del-gas-a-partir-de-la-proxima-factura\/"},"author":{"name":"Jorge Matheus","@id":"https:\/\/infoecos.com.ar\/#\/schema\/person\/8f5ace5ce73b4b4aac4b7245aee6f191"},"headline":"El valor del gas a partir de la pr\u00f3xima factura","datePublished":"2021-06-03T04:16:34+00:00","dateModified":"2021-06-10T04:42:33+00:00","mainEntityOfPage":{"@id":"https:\/\/infoecos.com.ar\/index.php\/el-valor-del-gas-a-partir-de-la-proxima-factura\/"},"wordCount":181,"publisher":{"@id":"https:\/\/infoecos.com.ar\/#organization"},"image":{"@id":"https:\/\/infoecos.com.ar\/index.php\/el-valor-del-gas-a-partir-de-la-proxima-factura\/#primaryimage"},"thumbnailUrl":"","keywords":["SERVICIOS P\u00daBLICOS"],"articleSection":["Bloque inferior - 3"],"inLanguage":"es"},{"@type":"WebPage","@id":"https:\/\/infoecos.com.ar\/index.php\/el-valor-del-gas-a-partir-de-la-proxima-factura\/","url":"https:\/\/infoecos.com.ar\/index.php\/el-valor-del-gas-a-partir-de-la-proxima-factura\/","name":"El valor del gas a partir de la pr\u00f3xima factura - Infoecos","isPartOf":{"@id":"https:\/\/infoecos.com.ar\/#website"},"primaryImageOfPage":{"@id":"https:\/\/infoecos.com.ar\/index.php\/el-valor-del-gas-a-partir-de-la-proxima-factura\/#primaryimage"},"image":{"@id":"https:\/\/infoecos.com.ar\/index.php\/el-valor-del-gas-a-partir-de-la-proxima-factura\/#primaryimage"},"thumbnailUrl":"","datePublished":"2021-06-03T04:16:34+00:00","dateModified":"2021-06-10T04:42:33+00:00","breadcrumb":{"@id":"https:\/\/infoecos.com.ar\/index.php\/el-valor-del-gas-a-partir-de-la-proxima-factura\/#breadcrumb"},"inLanguage":"es","potentialAction":[{"@type":"ReadAction","target":["https:\/\/infoecos.com.ar\/index.php\/el-valor-del-gas-a-partir-de-la-proxima-factura\/"]}]},{"@type":"ImageObject","inLanguage":"es","@id":"https:\/\/infoecos.com.ar\/index.php\/el-valor-del-gas-a-partir-de-la-proxima-factura\/#primaryimage","url":"","contentUrl":""},{"@type":"BreadcrumbList","@id":"https:\/\/infoecos.com.ar\/index.php\/el-valor-del-gas-a-partir-de-la-proxima-factura\/#breadcrumb","itemListElement":[{"@type":"ListItem","position":1,"name":"Portada","item":"https:\/\/infoecos.com.ar\/"},{"@type":"ListItem","position":2,"name":"El valor del gas a partir de la pr\u00f3xima factura"}]},{"@type":"WebSite","@id":"https:\/\/infoecos.com.ar\/#website","url":"https:\/\/infoecos.com.ar\/","name":"Infoecos","description":"Noticias de trenque lauquen y la zona","publisher":{"@id":"https:\/\/infoecos.com.ar\/#organization"},"alternateName":"Noticias","potentialAction":[{"@type":"SearchAction","target":{"@type":"EntryPoint","urlTemplate":"https:\/\/infoecos.com.ar\/?s={search_term_string}"},"query-input":{"@type":"PropertyValueSpecification","valueRequired":true,"valueName":"search_term_string"}}],"inLanguage":"es"},{"@type":"Organization","@id":"https:\/\/infoecos.com.ar\/#organization","name":"Infoecos","alternateName":"Noticias","url":"https:\/\/infoecos.com.ar\/","logo":{"@type":"ImageObject","inLanguage":"es","@id":"https:\/\/infoecos.com.ar\/#\/schema\/logo\/image\/","url":"https:\/\/infoecos.com.ar\/wp-content\/uploads\/2024\/03\/cropped-logo.png","contentUrl":"https:\/\/infoecos.com.ar\/wp-content\/uploads\/2024\/03\/cropped-logo.png","width":374,"height":90,"caption":"Infoecos"},"image":{"@id":"https:\/\/infoecos.com.ar\/#\/schema\/logo\/image\/"},"sameAs":["https:\/\/www.facebook.com\/profile.php?id=100063200290284","https:\/\/x.com\/infoecos"]},{"@type":"Person","@id":"https:\/\/infoecos.com.ar\/#\/schema\/person\/8f5ace5ce73b4b4aac4b7245aee6f191","name":"Jorge Matheus","url":"https:\/\/infoecos.com.ar\/index.php\/author\/jomatheus\/"}]}},"featured_image_urls":{"full":"","thumbnail":"","medium":"","medium_large":"","large":"","1536x1536":"","2048x2048":"","covernews-slider-full":"","covernews-slider-center":"","covernews-featured":"","covernews-medium":"","covernews-medium-square":""},"author_info":{"info":["Jorge Matheus"]},"category_info":"<a href=\"https:\/\/infoecos.com.ar\/index.php\/category\/inferior3\/\" rel=\"category tag\">Bloque inferior - 3<\/a>","tag_info":"Bloque inferior - 3","comment_count":"0","_links":{"self":[{"href":"https:\/\/infoecos.com.ar\/index.php\/wp-json\/wp\/v2\/posts\/79102"}],"collection":[{"href":"https:\/\/infoecos.com.ar\/index.php\/wp-json\/wp\/v2\/posts"}],"about":[{"href":"https:\/\/infoecos.com.ar\/index.php\/wp-json\/wp\/v2\/types\/post"}],"author":[{"embeddable":true,"href":"https:\/\/infoecos.com.ar\/index.php\/wp-json\/wp\/v2\/users\/2"}],"replies":[{"embeddable":true,"href":"https:\/\/infoecos.com.ar\/index.php\/wp-json\/wp\/v2\/comments?post=79102"}],"version-history":[{"count":2,"href":"https:\/\/infoecos.com.ar\/index.php\/wp-json\/wp\/v2\/posts\/79102\/revisions"}],"predecessor-version":[{"id":79389,"href":"https:\/\/infoecos.com.ar\/index.php\/wp-json\/wp\/v2\/posts\/79102\/revisions\/79389"}],"wp:featuredmedia":[{"embeddable":true,"href":"https:\/\/infoecos.com.ar\/index.php\/wp-json\/"}],"wp:attachment":[{"href":"https:\/\/infoecos.com.ar\/index.php\/wp-json\/wp\/v2\/media?parent=79102"}],"wp:term":[{"taxonomy":"category","embeddable":true,"href":"https:\/\/infoecos.com.ar\/index.php\/wp-json\/wp\/v2\/categories?post=79102"},{"taxonomy":"post_tag","embeddable":true,"href":"https:\/\/infoecos.com.ar\/index.php\/wp-json\/wp\/v2\/tags?post=79102"}],"curies":[{"name":"wp","href":"https:\/\/api.w.org\/{rel}","templated":true}]}}