{"id":79109,"date":"2021-06-03T01:55:29","date_gmt":"2021-06-03T04:55:29","guid":{"rendered":"http:\/\/infoecos.com.ar\/?p=79109"},"modified":"2021-06-03T01:55:32","modified_gmt":"2021-06-03T04:55:32","slug":"los-bancarios-quieren-mas-palazzo-pidio-reabrir-las-paritarias","status":"publish","type":"post","link":"https:\/\/infoecos.com.ar\/index.php\/los-bancarios-quieren-mas-palazzo-pidio-reabrir-las-paritarias\/","title":{"rendered":"Los bancarios quieren m\u00e1s: Palazzo pidi\u00f3 reabrir las paritarias"},"content":{"rendered":"\n<p>Sergio<strong>\u00a0<\/strong>Palazzo, secretario general de la Asocaci\u00f3n Bancaria pidi\u00f3 reabrir las paritarias\u00a0debido a la alta inflaci\u00f3n registrada en los primeros meses del a\u00f1o.<\/p>\n\n\n\n<div class=\"wp-block-image\"><figure class=\"aligncenter size-medium\"><img decoding=\"async\" src=\"http:\/\/infoecos.com.ar\/wp-content\/uploads\/Palazzo-680x365-460x247.jpg\" alt=\"\" class=\"wp-image-31364\"\/><figcaption>Palazzo Sergio<\/figcaption><\/figure><\/div>\n\n\n\n<p>El gremialista afirm\u00f3: \u00abEntendemos que el Gobierno hizo un esfuerzo en ajustar sus gastos y elevar un presupuesto con un 29% presumible de inflaci\u00f3n, los trabajadores hicimos el esfuerzo de acompa\u00f1ar esa pol\u00edtica, pero el sector empresario, el formador de precios de alimentos, no ha tenido la misma conducta, han habido precios que han subido de manera inexplicable y esto va a afectar el poder adquisitivo de los salarios\u00bb.<\/p>\n\n\n\n<p>La paritaria de los\u00a0bancarios\u00a0fue una de las primeras en firmarse de acuerdo a la meta de inflaci\u00f3n del ministro de Econom\u00eda, Mart\u00edn Guzm\u00e1n, cuando acordaron un aumento del 29%, dividido en tres tramos: 11,5% en febrero, 11,5% en abril y 6% en agosto, con la posibilidad de una renegociaci\u00f3n una vez finalizados los incrementos.<\/p>\n","protected":false},"excerpt":{"rendered":"<p>La paritaria de los bancarios fue una de las primeras en firmarse de acuerdo a la meta de inflaci\u00f3n del ministro de Econom\u00eda, Mart\u00edn Guzm\u00e1n, cuando acordaron un aumento del 29%, dividido en tres tramos<\/p>\n","protected":false},"author":2,"featured_media":31364,"comment_status":"closed","ping_status":"open","sticky":false,"template":"","format":"standard","meta":{"footnotes":""},"categories":[49],"tags":[3825],"class_list":["post-79109","post","type-post","status-publish","format-standard","has-post-thumbnail","hentry","category-c3nota3","tag-debido-a-la-alta-inflacion"],"yoast_head":"<!-- This site is optimized with the Yoast SEO plugin v23.4 - https:\/\/yoast.com\/wordpress\/plugins\/seo\/ -->\n<title>Los bancarios quieren m\u00e1s: Palazzo pidi\u00f3 reabrir las paritarias - Infoecos<\/title>\n<meta name=\"robots\" content=\"index, follow, max-snippet:-1, max-image-preview:large, max-video-preview:-1\" \/>\n<link rel=\"canonical\" href=\"https:\/\/infoecos.com.ar\/index.php\/los-bancarios-quieren-mas-palazzo-pidio-reabrir-las-paritarias\/\" \/>\n<meta property=\"og:locale\" content=\"es_ES\" \/>\n<meta property=\"og:type\" content=\"article\" \/>\n<meta property=\"og:title\" content=\"Los bancarios quieren m\u00e1s: Palazzo pidi\u00f3 reabrir las paritarias - Infoecos\" \/>\n<meta property=\"og:description\" content=\"La paritaria de los bancarios fue una de las primeras en firmarse de acuerdo a la meta de inflaci\u00f3n del ministro de Econom\u00eda, Mart\u00edn Guzm\u00e1n, cuando acordaron un aumento del 29%, dividido en tres tramos\" \/>\n<meta property=\"og:url\" content=\"https:\/\/infoecos.com.ar\/index.php\/los-bancarios-quieren-mas-palazzo-pidio-reabrir-las-paritarias\/\" \/>\n<meta property=\"og:site_name\" content=\"Infoecos\" \/>\n<meta property=\"article:publisher\" content=\"https:\/\/www.facebook.com\/profile.php?id=100063200290284\" \/>\n<meta property=\"article:published_time\" content=\"2021-06-03T04:55:29+00:00\" \/>\n<meta property=\"article:modified_time\" content=\"2021-06-03T04:55:32+00:00\" \/>\n<meta property=\"og:image\" content=\"https:\/\/infoecos.com.ar\/wp-content\/uploads\/Palazzo-680x365.jpg\" \/>\n\t<meta property=\"og:image:width\" content=\"680\" \/>\n\t<meta property=\"og:image:height\" content=\"365\" \/>\n\t<meta property=\"og:image:type\" content=\"image\/jpeg\" \/>\n<meta name=\"author\" content=\"Jorge Matheus\" \/>\n<meta name=\"twitter:card\" content=\"summary_large_image\" \/>\n<meta name=\"twitter:creator\" content=\"@infoecos\" \/>\n<meta name=\"twitter:site\" content=\"@infoecos\" \/>\n<meta name=\"twitter:label1\" content=\"Escrito por\" \/>\n\t<meta name=\"twitter:data1\" content=\"Jorge Matheus\" \/>\n\t<meta name=\"twitter:label2\" content=\"Tiempo de lectura\" \/>\n\t<meta name=\"twitter:data2\" content=\"1 minuto\" \/>\n<script type=\"application\/ld+json\" class=\"yoast-schema-graph\">{\"@context\":\"https:\/\/schema.org\",\"@graph\":[{\"@type\":\"Article\",\"@id\":\"https:\/\/infoecos.com.ar\/index.php\/los-bancarios-quieren-mas-palazzo-pidio-reabrir-las-paritarias\/#article\",\"isPartOf\":{\"@id\":\"https:\/\/infoecos.com.ar\/index.php\/los-bancarios-quieren-mas-palazzo-pidio-reabrir-las-paritarias\/\"},\"author\":{\"name\":\"Jorge Matheus\",\"@id\":\"https:\/\/infoecos.com.ar\/#\/schema\/person\/8f5ace5ce73b4b4aac4b7245aee6f191\"},\"headline\":\"Los bancarios quieren m\u00e1s: Palazzo pidi\u00f3 reabrir las paritarias\",\"datePublished\":\"2021-06-03T04:55:29+00:00\",\"dateModified\":\"2021-06-03T04:55:32+00:00\",\"mainEntityOfPage\":{\"@id\":\"https:\/\/infoecos.com.ar\/index.php\/los-bancarios-quieren-mas-palazzo-pidio-reabrir-las-paritarias\/\"},\"wordCount\":167,\"publisher\":{\"@id\":\"https:\/\/infoecos.com.ar\/#organization\"},\"image\":{\"@id\":\"https:\/\/infoecos.com.ar\/index.php\/los-bancarios-quieren-mas-palazzo-pidio-reabrir-las-paritarias\/#primaryimage\"},\"thumbnailUrl\":\"\",\"keywords\":[\"DEBIDO A LA ALTA INFLACI\u00d3N\"],\"articleSection\":[\"C3 N3\"],\"inLanguage\":\"es\"},{\"@type\":\"WebPage\",\"@id\":\"https:\/\/infoecos.com.ar\/index.php\/los-bancarios-quieren-mas-palazzo-pidio-reabrir-las-paritarias\/\",\"url\":\"https:\/\/infoecos.com.ar\/index.php\/los-bancarios-quieren-mas-palazzo-pidio-reabrir-las-paritarias\/\",\"name\":\"Los bancarios quieren m\u00e1s: Palazzo pidi\u00f3 reabrir las paritarias - Infoecos\",\"isPartOf\":{\"@id\":\"https:\/\/infoecos.com.ar\/#website\"},\"primaryImageOfPage\":{\"@id\":\"https:\/\/infoecos.com.ar\/index.php\/los-bancarios-quieren-mas-palazzo-pidio-reabrir-las-paritarias\/#primaryimage\"},\"image\":{\"@id\":\"https:\/\/infoecos.com.ar\/index.php\/los-bancarios-quieren-mas-palazzo-pidio-reabrir-las-paritarias\/#primaryimage\"},\"thumbnailUrl\":\"\",\"datePublished\":\"2021-06-03T04:55:29+00:00\",\"dateModified\":\"2021-06-03T04:55:32+00:00\",\"breadcrumb\":{\"@id\":\"https:\/\/infoecos.com.ar\/index.php\/los-bancarios-quieren-mas-palazzo-pidio-reabrir-las-paritarias\/#breadcrumb\"},\"inLanguage\":\"es\",\"potentialAction\":[{\"@type\":\"ReadAction\",\"target\":[\"https:\/\/infoecos.com.ar\/index.php\/los-bancarios-quieren-mas-palazzo-pidio-reabrir-las-paritarias\/\"]}]},{\"@type\":\"ImageObject\",\"inLanguage\":\"es\",\"@id\":\"https:\/\/infoecos.com.ar\/index.php\/los-bancarios-quieren-mas-palazzo-pidio-reabrir-las-paritarias\/#primaryimage\",\"url\":\"\",\"contentUrl\":\"\"},{\"@type\":\"BreadcrumbList\",\"@id\":\"https:\/\/infoecos.com.ar\/index.php\/los-bancarios-quieren-mas-palazzo-pidio-reabrir-las-paritarias\/#breadcrumb\",\"itemListElement\":[{\"@type\":\"ListItem\",\"position\":1,\"name\":\"Portada\",\"item\":\"https:\/\/infoecos.com.ar\/\"},{\"@type\":\"ListItem\",\"position\":2,\"name\":\"Los bancarios quieren m\u00e1s: Palazzo pidi\u00f3 reabrir las paritarias\"}]},{\"@type\":\"WebSite\",\"@id\":\"https:\/\/infoecos.com.ar\/#website\",\"url\":\"https:\/\/infoecos.com.ar\/\",\"name\":\"Infoecos\",\"description\":\"Noticias de trenque lauquen y la zona\",\"publisher\":{\"@id\":\"https:\/\/infoecos.com.ar\/#organization\"},\"alternateName\":\"Noticias\",\"potentialAction\":[{\"@type\":\"SearchAction\",\"target\":{\"@type\":\"EntryPoint\",\"urlTemplate\":\"https:\/\/infoecos.com.ar\/?s={search_term_string}\"},\"query-input\":{\"@type\":\"PropertyValueSpecification\",\"valueRequired\":true,\"valueName\":\"search_term_string\"}}],\"inLanguage\":\"es\"},{\"@type\":\"Organization\",\"@id\":\"https:\/\/infoecos.com.ar\/#organization\",\"name\":\"Infoecos\",\"alternateName\":\"Noticias\",\"url\":\"https:\/\/infoecos.com.ar\/\",\"logo\":{\"@type\":\"ImageObject\",\"inLanguage\":\"es\",\"@id\":\"https:\/\/infoecos.com.ar\/#\/schema\/logo\/image\/\",\"url\":\"https:\/\/infoecos.com.ar\/wp-content\/uploads\/2024\/03\/cropped-logo.png\",\"contentUrl\":\"https:\/\/infoecos.com.ar\/wp-content\/uploads\/2024\/03\/cropped-logo.png\",\"width\":374,\"height\":90,\"caption\":\"Infoecos\"},\"image\":{\"@id\":\"https:\/\/infoecos.com.ar\/#\/schema\/logo\/image\/\"},\"sameAs\":[\"https:\/\/www.facebook.com\/profile.php?id=100063200290284\",\"https:\/\/x.com\/infoecos\"]},{\"@type\":\"Person\",\"@id\":\"https:\/\/infoecos.com.ar\/#\/schema\/person\/8f5ace5ce73b4b4aac4b7245aee6f191\",\"name\":\"Jorge Matheus\",\"url\":\"https:\/\/infoecos.com.ar\/index.php\/author\/jomatheus\/\"}]}<\/script>\n<!-- \/ Yoast SEO plugin. -->","yoast_head_json":{"title":"Los bancarios quieren m\u00e1s: Palazzo pidi\u00f3 reabrir las paritarias - Infoecos","robots":{"index":"index","follow":"follow","max-snippet":"max-snippet:-1","max-image-preview":"max-image-preview:large","max-video-preview":"max-video-preview:-1"},"canonical":"https:\/\/infoecos.com.ar\/index.php\/los-bancarios-quieren-mas-palazzo-pidio-reabrir-las-paritarias\/","og_locale":"es_ES","og_type":"article","og_title":"Los bancarios quieren m\u00e1s: Palazzo pidi\u00f3 reabrir las paritarias - Infoecos","og_description":"La paritaria de los bancarios fue una de las primeras en firmarse de acuerdo a la meta de inflaci\u00f3n del ministro de Econom\u00eda, Mart\u00edn Guzm\u00e1n, cuando acordaron un aumento del 29%, dividido en tres tramos","og_url":"https:\/\/infoecos.com.ar\/index.php\/los-bancarios-quieren-mas-palazzo-pidio-reabrir-las-paritarias\/","og_site_name":"Infoecos","article_publisher":"https:\/\/www.facebook.com\/profile.php?id=100063200290284","article_published_time":"2021-06-03T04:55:29+00:00","article_modified_time":"2021-06-03T04:55:32+00:00","og_image":[{"width":680,"height":365,"url":"https:\/\/infoecos.com.ar\/wp-content\/uploads\/Palazzo-680x365.jpg","type":"image\/jpeg"}],"author":"Jorge Matheus","twitter_card":"summary_large_image","twitter_creator":"@infoecos","twitter_site":"@infoecos","twitter_misc":{"Escrito por":"Jorge Matheus","Tiempo de lectura":"1 minuto"},"schema":{"@context":"https:\/\/schema.org","@graph":[{"@type":"Article","@id":"https:\/\/infoecos.com.ar\/index.php\/los-bancarios-quieren-mas-palazzo-pidio-reabrir-las-paritarias\/#article","isPartOf":{"@id":"https:\/\/infoecos.com.ar\/index.php\/los-bancarios-quieren-mas-palazzo-pidio-reabrir-las-paritarias\/"},"author":{"name":"Jorge Matheus","@id":"https:\/\/infoecos.com.ar\/#\/schema\/person\/8f5ace5ce73b4b4aac4b7245aee6f191"},"headline":"Los bancarios quieren m\u00e1s: Palazzo pidi\u00f3 reabrir las paritarias","datePublished":"2021-06-03T04:55:29+00:00","dateModified":"2021-06-03T04:55:32+00:00","mainEntityOfPage":{"@id":"https:\/\/infoecos.com.ar\/index.php\/los-bancarios-quieren-mas-palazzo-pidio-reabrir-las-paritarias\/"},"wordCount":167,"publisher":{"@id":"https:\/\/infoecos.com.ar\/#organization"},"image":{"@id":"https:\/\/infoecos.com.ar\/index.php\/los-bancarios-quieren-mas-palazzo-pidio-reabrir-las-paritarias\/#primaryimage"},"thumbnailUrl":"","keywords":["DEBIDO A LA ALTA INFLACI\u00d3N"],"articleSection":["C3 N3"],"inLanguage":"es"},{"@type":"WebPage","@id":"https:\/\/infoecos.com.ar\/index.php\/los-bancarios-quieren-mas-palazzo-pidio-reabrir-las-paritarias\/","url":"https:\/\/infoecos.com.ar\/index.php\/los-bancarios-quieren-mas-palazzo-pidio-reabrir-las-paritarias\/","name":"Los bancarios quieren m\u00e1s: Palazzo pidi\u00f3 reabrir las paritarias - Infoecos","isPartOf":{"@id":"https:\/\/infoecos.com.ar\/#website"},"primaryImageOfPage":{"@id":"https:\/\/infoecos.com.ar\/index.php\/los-bancarios-quieren-mas-palazzo-pidio-reabrir-las-paritarias\/#primaryimage"},"image":{"@id":"https:\/\/infoecos.com.ar\/index.php\/los-bancarios-quieren-mas-palazzo-pidio-reabrir-las-paritarias\/#primaryimage"},"thumbnailUrl":"","datePublished":"2021-06-03T04:55:29+00:00","dateModified":"2021-06-03T04:55:32+00:00","breadcrumb":{"@id":"https:\/\/infoecos.com.ar\/index.php\/los-bancarios-quieren-mas-palazzo-pidio-reabrir-las-paritarias\/#breadcrumb"},"inLanguage":"es","potentialAction":[{"@type":"ReadAction","target":["https:\/\/infoecos.com.ar\/index.php\/los-bancarios-quieren-mas-palazzo-pidio-reabrir-las-paritarias\/"]}]},{"@type":"ImageObject","inLanguage":"es","@id":"https:\/\/infoecos.com.ar\/index.php\/los-bancarios-quieren-mas-palazzo-pidio-reabrir-las-paritarias\/#primaryimage","url":"","contentUrl":""},{"@type":"BreadcrumbList","@id":"https:\/\/infoecos.com.ar\/index.php\/los-bancarios-quieren-mas-palazzo-pidio-reabrir-las-paritarias\/#breadcrumb","itemListElement":[{"@type":"ListItem","position":1,"name":"Portada","item":"https:\/\/infoecos.com.ar\/"},{"@type":"ListItem","position":2,"name":"Los bancarios quieren m\u00e1s: Palazzo pidi\u00f3 reabrir las paritarias"}]},{"@type":"WebSite","@id":"https:\/\/infoecos.com.ar\/#website","url":"https:\/\/infoecos.com.ar\/","name":"Infoecos","description":"Noticias de trenque lauquen y la zona","publisher":{"@id":"https:\/\/infoecos.com.ar\/#organization"},"alternateName":"Noticias","potentialAction":[{"@type":"SearchAction","target":{"@type":"EntryPoint","urlTemplate":"https:\/\/infoecos.com.ar\/?s={search_term_string}"},"query-input":{"@type":"PropertyValueSpecification","valueRequired":true,"valueName":"search_term_string"}}],"inLanguage":"es"},{"@type":"Organization","@id":"https:\/\/infoecos.com.ar\/#organization","name":"Infoecos","alternateName":"Noticias","url":"https:\/\/infoecos.com.ar\/","logo":{"@type":"ImageObject","inLanguage":"es","@id":"https:\/\/infoecos.com.ar\/#\/schema\/logo\/image\/","url":"https:\/\/infoecos.com.ar\/wp-content\/uploads\/2024\/03\/cropped-logo.png","contentUrl":"https:\/\/infoecos.com.ar\/wp-content\/uploads\/2024\/03\/cropped-logo.png","width":374,"height":90,"caption":"Infoecos"},"image":{"@id":"https:\/\/infoecos.com.ar\/#\/schema\/logo\/image\/"},"sameAs":["https:\/\/www.facebook.com\/profile.php?id=100063200290284","https:\/\/x.com\/infoecos"]},{"@type":"Person","@id":"https:\/\/infoecos.com.ar\/#\/schema\/person\/8f5ace5ce73b4b4aac4b7245aee6f191","name":"Jorge Matheus","url":"https:\/\/infoecos.com.ar\/index.php\/author\/jomatheus\/"}]}},"featured_image_urls":{"full":"","thumbnail":"","medium":"","medium_large":"","large":"","1536x1536":"","2048x2048":"","covernews-slider-full":"","covernews-slider-center":"","covernews-featured":"","covernews-medium":"","covernews-medium-square":""},"author_info":{"info":["Jorge Matheus"]},"category_info":"<a href=\"https:\/\/infoecos.com.ar\/index.php\/category\/c3nota3\/\" rel=\"category tag\">C3 N3<\/a>","tag_info":"C3 N3","comment_count":"0","_links":{"self":[{"href":"https:\/\/infoecos.com.ar\/index.php\/wp-json\/wp\/v2\/posts\/79109"}],"collection":[{"href":"https:\/\/infoecos.com.ar\/index.php\/wp-json\/wp\/v2\/posts"}],"about":[{"href":"https:\/\/infoecos.com.ar\/index.php\/wp-json\/wp\/v2\/types\/post"}],"author":[{"embeddable":true,"href":"https:\/\/infoecos.com.ar\/index.php\/wp-json\/wp\/v2\/users\/2"}],"replies":[{"embeddable":true,"href":"https:\/\/infoecos.com.ar\/index.php\/wp-json\/wp\/v2\/comments?post=79109"}],"version-history":[{"count":1,"href":"https:\/\/infoecos.com.ar\/index.php\/wp-json\/wp\/v2\/posts\/79109\/revisions"}],"predecessor-version":[{"id":79110,"href":"https:\/\/infoecos.com.ar\/index.php\/wp-json\/wp\/v2\/posts\/79109\/revisions\/79110"}],"wp:featuredmedia":[{"embeddable":true,"href":"https:\/\/infoecos.com.ar\/index.php\/wp-json\/"}],"wp:attachment":[{"href":"https:\/\/infoecos.com.ar\/index.php\/wp-json\/wp\/v2\/media?parent=79109"}],"wp:term":[{"taxonomy":"category","embeddable":true,"href":"https:\/\/infoecos.com.ar\/index.php\/wp-json\/wp\/v2\/categories?post=79109"},{"taxonomy":"post_tag","embeddable":true,"href":"https:\/\/infoecos.com.ar\/index.php\/wp-json\/wp\/v2\/tags?post=79109"}],"curies":[{"name":"wp","href":"https:\/\/api.w.org\/{rel}","templated":true}]}}