{"id":79127,"date":"2021-06-03T02:35:00","date_gmt":"2021-06-03T05:35:00","guid":{"rendered":"http:\/\/infoecos.com.ar\/?p=79127"},"modified":"2021-06-03T02:35:04","modified_gmt":"2021-06-03T05:35:04","slug":"la-familia-todino-con-raices-en-trenque-lauquen-pero-residentes-en-rivera-donaron-un-respirador-para-el-hospital-de-esa-localidad","status":"publish","type":"post","link":"https:\/\/infoecos.com.ar\/index.php\/la-familia-todino-con-raices-en-trenque-lauquen-pero-residentes-en-rivera-donaron-un-respirador-para-el-hospital-de-esa-localidad\/","title":{"rendered":"La familia Todino con ra\u00edces en Trenque Lauquen, pero residentes en Rivera, donaron un respirador para el Hospital de esa localidad"},"content":{"rendered":"\n<p class=\"wp-block-paragraph\">Frente a la nueva crisis sanitaria por la segunda ola de coronavirus que se vive en el distrito de Adolfo Alsina,\u00a0la Familia Todino en Rivera (es una familia oriunda de Trenque Lauquen) y la familia Milla en Carhu\u00e9, de forma conjunta y desinteresada hicieron un valioso aporte con el sistema de salud de Adolfo Alsina donando respectivamente un respirador mec\u00e1nico para los hospitales de Rivera y Carhu\u00e9.<\/p>\n\n\n\n<div class=\"wp-block-image\"><figure class=\"aligncenter size-medium\"><img loading=\"lazy\" decoding=\"async\" width=\"460\" height=\"293\" src=\"http:\/\/infoecos.com.ar\/wp-content\/uploads\/2021\/06\/familiatodino-460x293.jpg\" alt=\"\" class=\"wp-image-79128\" srcset=\"https:\/\/infoecos.com.ar\/wp-content\/uploads\/2021\/06\/familiatodino-460x293.jpg 460w, https:\/\/infoecos.com.ar\/wp-content\/uploads\/2021\/06\/familiatodino-768x489.jpg 768w, https:\/\/infoecos.com.ar\/wp-content\/uploads\/2021\/06\/familiatodino.jpg 800w\" sizes=\"auto, (max-width: 460px) 100vw, 460px\" \/><\/figure><\/div>\n\n\n\n<p class=\"wp-block-paragraph\">En Rivera es un hecho hist\u00f3rico, ya que el nosocomio local no contaba con esta herramienta imprescindible para el momento que transita el mundo a ra\u00edz de la pandemia por el Coronavirus. Sobre como la idea se transform\u00f3 en un gran gesto hacia la comunidad Sebasti\u00e1n Todino se\u00f1al\u00f3:\u00a0<em><strong>\u00abEl a\u00f1o pasado cuando comenz\u00f3 la pandemia hablamos con el Doctor Daniel Herr\u00e1n con ese prop\u00f3sito, en ese momento no era aconsejable por varias cuestiones que hac\u00edan a su uso y a la infraestructura del hospital, entonces qued\u00f3 en \u00abstand by\u00bb pero se donaron otras cosas que eran prioridades. Ahora retom\u00e9 el tema y volv\u00ed a preguntarle, me dijo que hac\u00eda falta un ec\u00f3grafo que puede ser utilizado para pacientes con Covid, por lo cual ya hay gente que se est\u00e1 juntando para reunir dinero para ello\u00bb<\/strong>.<\/em><\/p>\n\n\n\n<div class=\"wp-block-image\"><figure class=\"aligncenter size-medium\"><img loading=\"lazy\" decoding=\"async\" width=\"460\" height=\"258\" src=\"http:\/\/infoecos.com.ar\/wp-content\/uploads\/2021\/06\/hospitalrivera-460x258.jpg\" alt=\"\" class=\"wp-image-79129\" srcset=\"https:\/\/infoecos.com.ar\/wp-content\/uploads\/2021\/06\/hospitalrivera-460x258.jpg 460w, https:\/\/infoecos.com.ar\/wp-content\/uploads\/2021\/06\/hospitalrivera-768x430.jpg 768w, https:\/\/infoecos.com.ar\/wp-content\/uploads\/2021\/06\/hospitalrivera.jpg 800w\" sizes=\"auto, (max-width: 460px) 100vw, 460px\" \/><\/figure><\/div>\n\n\n\n<p class=\"wp-block-paragraph\">Todino cont\u00f3:\u00a0<strong>\u00abhablando con H\u00e9ctor Milla le coment\u00e9 mi idea y el justamente estaba averiguando para la compra de un respirador, pero que no estaba f\u00e1cil conseguirlo porque no hay disponibilidad, pero que exist\u00eda una posibilidad y tras averiguar me confirm\u00f3 que hab\u00eda dos disponibles. Entonces le coment\u00e9 al Dr Herr\u00e1n, quien nos se\u00f1al\u00f3 que si estaba a nuestro alcance ser\u00eda algo important\u00edsimo. All\u00ed hable con mis hermanos, les coment\u00e9 y decidimos enseguida confirmarlo porque hab\u00eda otros compradores de Buenos Aires para los respiradores y hab\u00eda que apurarse\u00bb.<\/strong><\/p>\n\n\n\n<p class=\"wp-block-paragraph\"><strong>Fuente: diarioderivera.com.ar<\/strong><\/p>\n","protected":false},"excerpt":{"rendered":"<p>En Rivera ser\u00e1 un hecho hist\u00f3rico, ya que el nosocomio local no contaba con esta herramienta imprescindible para el momento que transita el mundo a ra\u00edz de la pandemia por el Coronavirus<\/p>\n","protected":false},"author":2,"featured_media":79128,"comment_status":"closed","ping_status":"open","sticky":false,"template":"","format":"standard","meta":{"footnotes":""},"categories":[1341],"tags":[1283],"class_list":["post-79127","post","type-post","status-publish","format-standard","has-post-thumbnail","hentry","category-c1nota7","tag-adolfo-alsina"],"featured_image_urls":{"full":["https:\/\/infoecos.com.ar\/wp-content\/uploads\/2021\/06\/familiatodino.jpg",800,509,false],"thumbnail":["https:\/\/infoecos.com.ar\/wp-content\/uploads\/2021\/06\/familiatodino-150x150.jpg",150,150,true],"medium":["https:\/\/infoecos.com.ar\/wp-content\/uploads\/2021\/06\/familiatodino-460x293.jpg",460,293,true],"medium_large":["https:\/\/infoecos.com.ar\/wp-content\/uploads\/2021\/06\/familiatodino-768x489.jpg",640,408,true],"large":["https:\/\/infoecos.com.ar\/wp-content\/uploads\/2021\/06\/familiatodino.jpg",640,407,false],"1536x1536":["https:\/\/infoecos.com.ar\/wp-content\/uploads\/2021\/06\/familiatodino.jpg",800,509,false],"2048x2048":["https:\/\/infoecos.com.ar\/wp-content\/uploads\/2021\/06\/familiatodino.jpg",800,509,false],"covernews-slider-full":["https:\/\/infoecos.com.ar\/wp-content\/uploads\/2021\/06\/familiatodino.jpg",800,509,false],"covernews-slider-center":["https:\/\/infoecos.com.ar\/wp-content\/uploads\/2021\/06\/familiatodino.jpg",786,500,false],"covernews-featured":["https:\/\/infoecos.com.ar\/wp-content\/uploads\/2021\/06\/familiatodino.jpg",800,509,false],"covernews-medium":["https:\/\/infoecos.com.ar\/wp-content\/uploads\/2021\/06\/familiatodino-720x380.jpg",540,285,true],"covernews-medium-square":["https:\/\/infoecos.com.ar\/wp-content\/uploads\/2021\/06\/familiatodino-675x450.jpg",375,250,true]},"author_info":{"info":["Jorge Matheus"]},"category_info":"<a href=\"https:\/\/infoecos.com.ar\/index.php\/category\/c1nota7\/\" rel=\"category tag\">C1 nota 7<\/a>","tag_info":"C1 nota 7","comment_count":"0","_links":{"self":[{"href":"https:\/\/infoecos.com.ar\/index.php\/wp-json\/wp\/v2\/posts\/79127","targetHints":{"allow":["GET"]}}],"collection":[{"href":"https:\/\/infoecos.com.ar\/index.php\/wp-json\/wp\/v2\/posts"}],"about":[{"href":"https:\/\/infoecos.com.ar\/index.php\/wp-json\/wp\/v2\/types\/post"}],"author":[{"embeddable":true,"href":"https:\/\/infoecos.com.ar\/index.php\/wp-json\/wp\/v2\/users\/2"}],"replies":[{"embeddable":true,"href":"https:\/\/infoecos.com.ar\/index.php\/wp-json\/wp\/v2\/comments?post=79127"}],"version-history":[{"count":1,"href":"https:\/\/infoecos.com.ar\/index.php\/wp-json\/wp\/v2\/posts\/79127\/revisions"}],"predecessor-version":[{"id":79130,"href":"https:\/\/infoecos.com.ar\/index.php\/wp-json\/wp\/v2\/posts\/79127\/revisions\/79130"}],"wp:featuredmedia":[{"embeddable":true,"href":"https:\/\/infoecos.com.ar\/index.php\/wp-json\/wp\/v2\/media\/79128"}],"wp:attachment":[{"href":"https:\/\/infoecos.com.ar\/index.php\/wp-json\/wp\/v2\/media?parent=79127"}],"wp:term":[{"taxonomy":"category","embeddable":true,"href":"https:\/\/infoecos.com.ar\/index.php\/wp-json\/wp\/v2\/categories?post=79127"},{"taxonomy":"post_tag","embeddable":true,"href":"https:\/\/infoecos.com.ar\/index.php\/wp-json\/wp\/v2\/tags?post=79127"}],"curies":[{"name":"wp","href":"https:\/\/api.w.org\/{rel}","templated":true}]}}