{"id":79131,"date":"2021-06-03T02:40:19","date_gmt":"2021-06-03T05:40:19","guid":{"rendered":"http:\/\/infoecos.com.ar\/?p=79131"},"modified":"2021-06-03T02:40:21","modified_gmt":"2021-06-03T05:40:21","slug":"comenzo-a-bajar-el-numero-de-contagios-en-la-pampa-y-se-produjo-la-muerte-de-una-joven-madre-de-santa-rosa","status":"publish","type":"post","link":"https:\/\/infoecos.com.ar\/index.php\/comenzo-a-bajar-el-numero-de-contagios-en-la-pampa-y-se-produjo-la-muerte-de-una-joven-madre-de-santa-rosa\/","title":{"rendered":"Comenz\u00f3 a bajar el n\u00famero de contagios en La Pampa y se produjo la muerte de una joven madre de Santa Rosa"},"content":{"rendered":"\n<p class=\"wp-block-paragraph\">La curva de contagios de coronavirus en la provincia de La Pampa comenz\u00f3 a bajar. Este mi\u00e9rcoles, de 1.519 muestras analizadas, 423 dieron positivo.<strong>\u00a0Es decir, el 27,84%. Durante toda la semana pasada, luego de un pico de m\u00e1s del 40%, se hab\u00eda mantenido por encima del 30%.<\/strong><\/p>\n\n\n\n<div class=\"wp-block-image\"><figure class=\"aligncenter size-medium\"><img loading=\"lazy\" decoding=\"async\" width=\"460\" height=\"259\" src=\"http:\/\/infoecos.com.ar\/wp-content\/uploads\/5f29e3ce67177-460x259.jpg\" alt=\"\" class=\"wp-image-65568\" srcset=\"https:\/\/infoecos.com.ar\/wp-content\/uploads\/5f29e3ce67177-460x259.jpg 460w, https:\/\/infoecos.com.ar\/wp-content\/uploads\/5f29e3ce67177-768x433.jpg 768w, https:\/\/infoecos.com.ar\/wp-content\/uploads\/5f29e3ce67177.jpg 900w\" sizes=\"auto, (max-width: 460px) 100vw, 460px\" \/><\/figure><\/div>\n\n\n\n<p class=\"wp-block-paragraph\"><strong>La que sigue alta es la cifra diaria de muertes<\/strong>. Durante la jornada se produjeron 9 fallecimientos, entre ellos un joven madre santarrose\u00f1a de 32 a\u00f1os de edad. Las otras v\u00edctimas fatales son un hombre de 42 a\u00f1os de Parera, uno de 48 a\u00f1os de Dorila, uno de 70 a\u00f1os de Santa Rosa y uno de 74 a\u00f1os de Realic\u00f3. Adem\u00e1s, entre las mujeres hay otras dos de 67 y 69 a\u00f1os de la capital pampeana, una de 68 a\u00f1os de San Mart\u00edn y una de 85 a\u00f1os de General Pico.<\/p>\n\n\n\n<p class=\"wp-block-paragraph\">En cuanto a los nuevos infectados,\u00a0<strong>131 residen en Santa Rosa, 86 en General Pico, 35 en Toay, 18 en General Acha, 16 en Intendente Alvear, 11 en Victorica, 10 en Catril\u00f3, 9 en Eduardo Castex, 9 en 25 de Mayo, 8 en Trenel, 8 en Riglos, 7 en Macach\u00edn, 7 en Realico, 7 en Ranc\u00fal, 5 en Guatrach\u00e9, 5 en Bernardo Larroud\u00e9, 5 en Maisonnave, 4 en Tel\u00e9n, 3 en Ingeniero Luiggi, 3 en Arata, 3 en Parera, 3 en La Adela, 3 en Jacinto Arauz, 3 en Caleuf\u00fa, 3 en Embajador Martini, 2 en General Campos, 2 en La Humada, 2 en Quehue, 2 en Ceballos, 2 en Abramo, 2 en Metileo, 1 en Anguil, 1 en Bernasconi, 1 en Alta Italia, 1 en Doblas, 1 en Alpachiri, 1 en Monte Nievas, 1 en Loventuel, 1 en Ataliva Roca y 1 en Algarrobo del Aguila.<\/strong><\/p>\n\n\n\n<p class=\"wp-block-paragraph\"><strong>Fuente: eldiariodelapampa.com.ar<\/strong><\/p>\n","protected":false},"excerpt":{"rendered":"<p>La que sigue alta es la cifra diaria de muertes. Durante la jornada se produjeron 9 fallecimientos, entre ellos un joven madre santarrose\u00f1a de 32 a\u00f1os de edad<\/p>\n","protected":false},"author":2,"featured_media":65568,"comment_status":"closed","ping_status":"open","sticky":false,"template":"","format":"standard","meta":{"footnotes":""},"categories":[1326],"tags":[3828],"class_list":["post-79131","post","type-post","status-publish","format-standard","has-post-thumbnail","hentry","category-c2nota6","tag-descenso-de-casos"],"featured_image_urls":{"full":["https:\/\/infoecos.com.ar\/wp-content\/uploads\/5f29e3ce67177.jpg",900,507,false],"thumbnail":["https:\/\/infoecos.com.ar\/wp-content\/uploads\/5f29e3ce67177-150x150.jpg",150,150,true],"medium":["https:\/\/infoecos.com.ar\/wp-content\/uploads\/5f29e3ce67177-460x259.jpg",460,259,true],"medium_large":["https:\/\/infoecos.com.ar\/wp-content\/uploads\/5f29e3ce67177-768x433.jpg",640,361,true],"large":["https:\/\/infoecos.com.ar\/wp-content\/uploads\/5f29e3ce67177.jpg",640,361,false],"1536x1536":["https:\/\/infoecos.com.ar\/wp-content\/uploads\/5f29e3ce67177.jpg",900,507,false],"2048x2048":["https:\/\/infoecos.com.ar\/wp-content\/uploads\/5f29e3ce67177.jpg",900,507,false],"covernews-slider-full":["https:\/\/infoecos.com.ar\/wp-content\/uploads\/5f29e3ce67177.jpg",900,507,false],"covernews-slider-center":["https:\/\/infoecos.com.ar\/wp-content\/uploads\/5f29e3ce67177.jpg",800,451,false],"covernews-featured":["https:\/\/infoecos.com.ar\/wp-content\/uploads\/5f29e3ce67177.jpg",900,507,false],"covernews-medium":["https:\/\/infoecos.com.ar\/wp-content\/uploads\/5f29e3ce67177-720x380.jpg",540,285,true],"covernews-medium-square":["https:\/\/infoecos.com.ar\/wp-content\/uploads\/5f29e3ce67177-675x450.jpg",375,250,true]},"author_info":{"info":["Jorge Matheus"]},"category_info":"<a href=\"https:\/\/infoecos.com.ar\/index.php\/category\/c2nota6\/\" rel=\"category tag\">C2 N6<\/a>","tag_info":"C2 N6","comment_count":"0","_links":{"self":[{"href":"https:\/\/infoecos.com.ar\/index.php\/wp-json\/wp\/v2\/posts\/79131","targetHints":{"allow":["GET"]}}],"collection":[{"href":"https:\/\/infoecos.com.ar\/index.php\/wp-json\/wp\/v2\/posts"}],"about":[{"href":"https:\/\/infoecos.com.ar\/index.php\/wp-json\/wp\/v2\/types\/post"}],"author":[{"embeddable":true,"href":"https:\/\/infoecos.com.ar\/index.php\/wp-json\/wp\/v2\/users\/2"}],"replies":[{"embeddable":true,"href":"https:\/\/infoecos.com.ar\/index.php\/wp-json\/wp\/v2\/comments?post=79131"}],"version-history":[{"count":1,"href":"https:\/\/infoecos.com.ar\/index.php\/wp-json\/wp\/v2\/posts\/79131\/revisions"}],"predecessor-version":[{"id":79132,"href":"https:\/\/infoecos.com.ar\/index.php\/wp-json\/wp\/v2\/posts\/79131\/revisions\/79132"}],"wp:featuredmedia":[{"embeddable":true,"href":"https:\/\/infoecos.com.ar\/index.php\/wp-json\/wp\/v2\/media\/65568"}],"wp:attachment":[{"href":"https:\/\/infoecos.com.ar\/index.php\/wp-json\/wp\/v2\/media?parent=79131"}],"wp:term":[{"taxonomy":"category","embeddable":true,"href":"https:\/\/infoecos.com.ar\/index.php\/wp-json\/wp\/v2\/categories?post=79131"},{"taxonomy":"post_tag","embeddable":true,"href":"https:\/\/infoecos.com.ar\/index.php\/wp-json\/wp\/v2\/tags?post=79131"}],"curies":[{"name":"wp","href":"https:\/\/api.w.org\/{rel}","templated":true}]}}