{"id":79175,"date":"2021-06-04T01:03:27","date_gmt":"2021-06-04T04:03:27","guid":{"rendered":"http:\/\/infoecos.com.ar\/?p=79175"},"modified":"2021-06-04T01:03:29","modified_gmt":"2021-06-04T04:03:29","slug":"sera-televisada-por-la-senal-institucional-la-reunion-de-los-diputados-nacionales-con-los-laboratorios","status":"publish","type":"post","link":"https:\/\/infoecos.com.ar\/index.php\/sera-televisada-por-la-senal-institucional-la-reunion-de-los-diputados-nacionales-con-los-laboratorios\/","title":{"rendered":"Ser\u00e1 televisada por la se\u00f1al institucional la reuni\u00f3n de los Diputados nacionales con los laboratorios"},"content":{"rendered":"\n<p>El presidente de la C\u00e1mara de Diputados, Sergio Massa, y las autoridades de Juntos por el Cambio avanzaron ayer en la agenda de trabajo de cara a <strong><a rel=\"noreferrer noopener\" href=\"https:\/\/www.telam.com.ar\/notas\/202106\/556423-sergio-massa-diputados-laboratorios-vacunas-coronavirus.html\" target=\"_blank\">la reuni\u00f3n del pr\u00f3ximo martes con los representantes de los laboratorios<\/a><\/strong> que producen vacunas contra el coronavirus, y coincidieron en que la misma ser\u00e1 de car\u00e1cter p\u00fablico, reservada a un n\u00famero acotado de legisladores y televisada por el Canal institucional de ese cuerpo.<\/p>\n\n\n\n<div class=\"wp-block-image\"><figure class=\"aligncenter size-medium\"><img loading=\"lazy\" decoding=\"async\" width=\"460\" height=\"259\" src=\"http:\/\/infoecos.com.ar\/wp-content\/uploads\/2021\/02\/massasesion-460x259.jpg\" alt=\"\" class=\"wp-image-74285\" srcset=\"https:\/\/infoecos.com.ar\/wp-content\/uploads\/2021\/02\/massasesion-460x259.jpg 460w, https:\/\/infoecos.com.ar\/wp-content\/uploads\/2021\/02\/massasesion.jpg 680w\" sizes=\"(max-width: 460px) 100vw, 460px\" \/><\/figure><\/div>\n\n\n\n<p>En la reuni\u00f3n realizada este jueves, entre el titular de la C\u00e1mara baja, el radical Mario Negri (presidente del interbloque Juntos por el Cambio); Silvia Lospennato (PRO) y Juan L\u00f3pez (Coalici\u00f3n C\u00edvica), se dej\u00f3 en claro que la reuni\u00f3n \u00abno ser\u00e1 cerrada y se trasmitir\u00e1 por DiputadosTV\u00bb, dijeron fuentes parlamentarias.<\/p>\n\n\n\n<p>Participantes del encuentro se\u00f1alaron que\u00a0<strong>\u00abtodav\u00eda no est\u00e1 definido qui\u00e9nes asistir\u00e1n por los laboratorios\u00bb<\/strong>\u00a0y que en el caso de las dos vacunas que son de producci\u00f3n estatal -la rusa Sputnik y la china Sinopharm- se analiza qui\u00e9n ser\u00e1 convocado\u00bb.<\/p>\n\n\n\n<p>Tambi\u00e9n se evalu\u00f3 la posibilidad de que funcionarios del Ministerio de Salud, encabezados por su titular, Carla Vizzotti, puedan participar de la reuni\u00f3n, al t\u00e9rmino de las exposiciones de los directivos de los laboratorios.<\/p>\n","protected":false},"excerpt":{"rendered":"<p>El presidente de la C\u00e1mara de Diputados, Sergio Massa, y las autoridades de Juntos por el Cambio avanzaron ayer en la agenda de trabajo<\/p>\n","protected":false},"author":2,"featured_media":74285,"comment_status":"closed","ping_status":"open","sticky":false,"template":"","format":"standard","meta":{"footnotes":""},"categories":[47],"tags":[3835],"class_list":["post-79175","post","type-post","status-publish","format-standard","has-post-thumbnail","hentry","category-c3nota2","tag-el-martes-proximo"],"yoast_head":"<!-- This site is optimized with the Yoast SEO plugin v23.4 - https:\/\/yoast.com\/wordpress\/plugins\/seo\/ -->\n<title>Ser\u00e1 televisada por la se\u00f1al institucional la reuni\u00f3n de los Diputados nacionales con los laboratorios - Infoecos<\/title>\n<meta name=\"robots\" content=\"index, follow, max-snippet:-1, max-image-preview:large, max-video-preview:-1\" \/>\n<link rel=\"canonical\" href=\"https:\/\/infoecos.com.ar\/index.php\/sera-televisada-por-la-senal-institucional-la-reunion-de-los-diputados-nacionales-con-los-laboratorios\/\" \/>\n<meta property=\"og:locale\" content=\"es_ES\" \/>\n<meta property=\"og:type\" content=\"article\" \/>\n<meta property=\"og:title\" content=\"Ser\u00e1 televisada por la se\u00f1al institucional la reuni\u00f3n de los Diputados nacionales con los laboratorios - Infoecos\" \/>\n<meta property=\"og:description\" content=\"El presidente de la C\u00e1mara de Diputados, Sergio Massa, y las autoridades de Juntos por el Cambio avanzaron ayer en la agenda de trabajo\" \/>\n<meta property=\"og:url\" content=\"https:\/\/infoecos.com.ar\/index.php\/sera-televisada-por-la-senal-institucional-la-reunion-de-los-diputados-nacionales-con-los-laboratorios\/\" \/>\n<meta property=\"og:site_name\" content=\"Infoecos\" \/>\n<meta property=\"article:publisher\" content=\"https:\/\/www.facebook.com\/profile.php?id=100063200290284\" \/>\n<meta property=\"article:published_time\" content=\"2021-06-04T04:03:27+00:00\" \/>\n<meta property=\"article:modified_time\" content=\"2021-06-04T04:03:29+00:00\" \/>\n<meta property=\"og:image\" content=\"https:\/\/infoecos.com.ar\/wp-content\/uploads\/2021\/02\/massasesion.jpg\" \/>\n\t<meta property=\"og:image:width\" content=\"680\" \/>\n\t<meta property=\"og:image:height\" content=\"383\" \/>\n\t<meta property=\"og:image:type\" content=\"image\/jpeg\" \/>\n<meta name=\"author\" content=\"Jorge Matheus\" \/>\n<meta name=\"twitter:card\" content=\"summary_large_image\" \/>\n<meta name=\"twitter:creator\" content=\"@infoecos\" \/>\n<meta name=\"twitter:site\" content=\"@infoecos\" \/>\n<meta name=\"twitter:label1\" content=\"Escrito por\" \/>\n\t<meta name=\"twitter:data1\" content=\"Jorge Matheus\" \/>\n\t<meta name=\"twitter:label2\" content=\"Tiempo de lectura\" \/>\n\t<meta name=\"twitter:data2\" content=\"1 minuto\" \/>\n<script type=\"application\/ld+json\" class=\"yoast-schema-graph\">{\"@context\":\"https:\/\/schema.org\",\"@graph\":[{\"@type\":\"Article\",\"@id\":\"https:\/\/infoecos.com.ar\/index.php\/sera-televisada-por-la-senal-institucional-la-reunion-de-los-diputados-nacionales-con-los-laboratorios\/#article\",\"isPartOf\":{\"@id\":\"https:\/\/infoecos.com.ar\/index.php\/sera-televisada-por-la-senal-institucional-la-reunion-de-los-diputados-nacionales-con-los-laboratorios\/\"},\"author\":{\"name\":\"Jorge Matheus\",\"@id\":\"https:\/\/infoecos.com.ar\/#\/schema\/person\/8f5ace5ce73b4b4aac4b7245aee6f191\"},\"headline\":\"Ser\u00e1 televisada por la se\u00f1al institucional la reuni\u00f3n de los Diputados nacionales con los laboratorios\",\"datePublished\":\"2021-06-04T04:03:27+00:00\",\"dateModified\":\"2021-06-04T04:03:29+00:00\",\"mainEntityOfPage\":{\"@id\":\"https:\/\/infoecos.com.ar\/index.php\/sera-televisada-por-la-senal-institucional-la-reunion-de-los-diputados-nacionales-con-los-laboratorios\/\"},\"wordCount\":232,\"publisher\":{\"@id\":\"https:\/\/infoecos.com.ar\/#organization\"},\"image\":{\"@id\":\"https:\/\/infoecos.com.ar\/index.php\/sera-televisada-por-la-senal-institucional-la-reunion-de-los-diputados-nacionales-con-los-laboratorios\/#primaryimage\"},\"thumbnailUrl\":\"https:\/\/infoecos.com.ar\/wp-content\/uploads\/2021\/02\/massasesion.jpg\",\"keywords\":[\"EL MARTES PR\u00d3XIMO\"],\"articleSection\":[\"C3 N2\"],\"inLanguage\":\"es\"},{\"@type\":\"WebPage\",\"@id\":\"https:\/\/infoecos.com.ar\/index.php\/sera-televisada-por-la-senal-institucional-la-reunion-de-los-diputados-nacionales-con-los-laboratorios\/\",\"url\":\"https:\/\/infoecos.com.ar\/index.php\/sera-televisada-por-la-senal-institucional-la-reunion-de-los-diputados-nacionales-con-los-laboratorios\/\",\"name\":\"Ser\u00e1 televisada por la se\u00f1al institucional la reuni\u00f3n de los Diputados nacionales con los laboratorios - Infoecos\",\"isPartOf\":{\"@id\":\"https:\/\/infoecos.com.ar\/#website\"},\"primaryImageOfPage\":{\"@id\":\"https:\/\/infoecos.com.ar\/index.php\/sera-televisada-por-la-senal-institucional-la-reunion-de-los-diputados-nacionales-con-los-laboratorios\/#primaryimage\"},\"image\":{\"@id\":\"https:\/\/infoecos.com.ar\/index.php\/sera-televisada-por-la-senal-institucional-la-reunion-de-los-diputados-nacionales-con-los-laboratorios\/#primaryimage\"},\"thumbnailUrl\":\"https:\/\/infoecos.com.ar\/wp-content\/uploads\/2021\/02\/massasesion.jpg\",\"datePublished\":\"2021-06-04T04:03:27+00:00\",\"dateModified\":\"2021-06-04T04:03:29+00:00\",\"breadcrumb\":{\"@id\":\"https:\/\/infoecos.com.ar\/index.php\/sera-televisada-por-la-senal-institucional-la-reunion-de-los-diputados-nacionales-con-los-laboratorios\/#breadcrumb\"},\"inLanguage\":\"es\",\"potentialAction\":[{\"@type\":\"ReadAction\",\"target\":[\"https:\/\/infoecos.com.ar\/index.php\/sera-televisada-por-la-senal-institucional-la-reunion-de-los-diputados-nacionales-con-los-laboratorios\/\"]}]},{\"@type\":\"ImageObject\",\"inLanguage\":\"es\",\"@id\":\"https:\/\/infoecos.com.ar\/index.php\/sera-televisada-por-la-senal-institucional-la-reunion-de-los-diputados-nacionales-con-los-laboratorios\/#primaryimage\",\"url\":\"https:\/\/infoecos.com.ar\/wp-content\/uploads\/2021\/02\/massasesion.jpg\",\"contentUrl\":\"https:\/\/infoecos.com.ar\/wp-content\/uploads\/2021\/02\/massasesion.jpg\",\"width\":680,\"height\":383},{\"@type\":\"BreadcrumbList\",\"@id\":\"https:\/\/infoecos.com.ar\/index.php\/sera-televisada-por-la-senal-institucional-la-reunion-de-los-diputados-nacionales-con-los-laboratorios\/#breadcrumb\",\"itemListElement\":[{\"@type\":\"ListItem\",\"position\":1,\"name\":\"Portada\",\"item\":\"https:\/\/infoecos.com.ar\/\"},{\"@type\":\"ListItem\",\"position\":2,\"name\":\"Ser\u00e1 televisada por la se\u00f1al institucional la reuni\u00f3n de los Diputados nacionales con los laboratorios\"}]},{\"@type\":\"WebSite\",\"@id\":\"https:\/\/infoecos.com.ar\/#website\",\"url\":\"https:\/\/infoecos.com.ar\/\",\"name\":\"Infoecos\",\"description\":\"Noticias de trenque lauquen y la zona\",\"publisher\":{\"@id\":\"https:\/\/infoecos.com.ar\/#organization\"},\"alternateName\":\"Noticias\",\"potentialAction\":[{\"@type\":\"SearchAction\",\"target\":{\"@type\":\"EntryPoint\",\"urlTemplate\":\"https:\/\/infoecos.com.ar\/?s={search_term_string}\"},\"query-input\":{\"@type\":\"PropertyValueSpecification\",\"valueRequired\":true,\"valueName\":\"search_term_string\"}}],\"inLanguage\":\"es\"},{\"@type\":\"Organization\",\"@id\":\"https:\/\/infoecos.com.ar\/#organization\",\"name\":\"Infoecos\",\"alternateName\":\"Noticias\",\"url\":\"https:\/\/infoecos.com.ar\/\",\"logo\":{\"@type\":\"ImageObject\",\"inLanguage\":\"es\",\"@id\":\"https:\/\/infoecos.com.ar\/#\/schema\/logo\/image\/\",\"url\":\"https:\/\/infoecos.com.ar\/wp-content\/uploads\/2024\/03\/cropped-logo.png\",\"contentUrl\":\"https:\/\/infoecos.com.ar\/wp-content\/uploads\/2024\/03\/cropped-logo.png\",\"width\":374,\"height\":90,\"caption\":\"Infoecos\"},\"image\":{\"@id\":\"https:\/\/infoecos.com.ar\/#\/schema\/logo\/image\/\"},\"sameAs\":[\"https:\/\/www.facebook.com\/profile.php?id=100063200290284\",\"https:\/\/x.com\/infoecos\"]},{\"@type\":\"Person\",\"@id\":\"https:\/\/infoecos.com.ar\/#\/schema\/person\/8f5ace5ce73b4b4aac4b7245aee6f191\",\"name\":\"Jorge Matheus\",\"url\":\"https:\/\/infoecos.com.ar\/index.php\/author\/jomatheus\/\"}]}<\/script>\n<!-- \/ Yoast SEO plugin. -->","yoast_head_json":{"title":"Ser\u00e1 televisada por la se\u00f1al institucional la reuni\u00f3n de los Diputados nacionales con los laboratorios - Infoecos","robots":{"index":"index","follow":"follow","max-snippet":"max-snippet:-1","max-image-preview":"max-image-preview:large","max-video-preview":"max-video-preview:-1"},"canonical":"https:\/\/infoecos.com.ar\/index.php\/sera-televisada-por-la-senal-institucional-la-reunion-de-los-diputados-nacionales-con-los-laboratorios\/","og_locale":"es_ES","og_type":"article","og_title":"Ser\u00e1 televisada por la se\u00f1al institucional la reuni\u00f3n de los Diputados nacionales con los laboratorios - Infoecos","og_description":"El presidente de la C\u00e1mara de Diputados, Sergio Massa, y las autoridades de Juntos por el Cambio avanzaron ayer en la agenda de trabajo","og_url":"https:\/\/infoecos.com.ar\/index.php\/sera-televisada-por-la-senal-institucional-la-reunion-de-los-diputados-nacionales-con-los-laboratorios\/","og_site_name":"Infoecos","article_publisher":"https:\/\/www.facebook.com\/profile.php?id=100063200290284","article_published_time":"2021-06-04T04:03:27+00:00","article_modified_time":"2021-06-04T04:03:29+00:00","og_image":[{"width":680,"height":383,"url":"https:\/\/infoecos.com.ar\/wp-content\/uploads\/2021\/02\/massasesion.jpg","type":"image\/jpeg"}],"author":"Jorge Matheus","twitter_card":"summary_large_image","twitter_creator":"@infoecos","twitter_site":"@infoecos","twitter_misc":{"Escrito por":"Jorge Matheus","Tiempo de lectura":"1 minuto"},"schema":{"@context":"https:\/\/schema.org","@graph":[{"@type":"Article","@id":"https:\/\/infoecos.com.ar\/index.php\/sera-televisada-por-la-senal-institucional-la-reunion-de-los-diputados-nacionales-con-los-laboratorios\/#article","isPartOf":{"@id":"https:\/\/infoecos.com.ar\/index.php\/sera-televisada-por-la-senal-institucional-la-reunion-de-los-diputados-nacionales-con-los-laboratorios\/"},"author":{"name":"Jorge Matheus","@id":"https:\/\/infoecos.com.ar\/#\/schema\/person\/8f5ace5ce73b4b4aac4b7245aee6f191"},"headline":"Ser\u00e1 televisada por la se\u00f1al institucional la reuni\u00f3n de los Diputados nacionales con los laboratorios","datePublished":"2021-06-04T04:03:27+00:00","dateModified":"2021-06-04T04:03:29+00:00","mainEntityOfPage":{"@id":"https:\/\/infoecos.com.ar\/index.php\/sera-televisada-por-la-senal-institucional-la-reunion-de-los-diputados-nacionales-con-los-laboratorios\/"},"wordCount":232,"publisher":{"@id":"https:\/\/infoecos.com.ar\/#organization"},"image":{"@id":"https:\/\/infoecos.com.ar\/index.php\/sera-televisada-por-la-senal-institucional-la-reunion-de-los-diputados-nacionales-con-los-laboratorios\/#primaryimage"},"thumbnailUrl":"https:\/\/infoecos.com.ar\/wp-content\/uploads\/2021\/02\/massasesion.jpg","keywords":["EL MARTES PR\u00d3XIMO"],"articleSection":["C3 N2"],"inLanguage":"es"},{"@type":"WebPage","@id":"https:\/\/infoecos.com.ar\/index.php\/sera-televisada-por-la-senal-institucional-la-reunion-de-los-diputados-nacionales-con-los-laboratorios\/","url":"https:\/\/infoecos.com.ar\/index.php\/sera-televisada-por-la-senal-institucional-la-reunion-de-los-diputados-nacionales-con-los-laboratorios\/","name":"Ser\u00e1 televisada por la se\u00f1al institucional la reuni\u00f3n de los Diputados nacionales con los laboratorios - Infoecos","isPartOf":{"@id":"https:\/\/infoecos.com.ar\/#website"},"primaryImageOfPage":{"@id":"https:\/\/infoecos.com.ar\/index.php\/sera-televisada-por-la-senal-institucional-la-reunion-de-los-diputados-nacionales-con-los-laboratorios\/#primaryimage"},"image":{"@id":"https:\/\/infoecos.com.ar\/index.php\/sera-televisada-por-la-senal-institucional-la-reunion-de-los-diputados-nacionales-con-los-laboratorios\/#primaryimage"},"thumbnailUrl":"https:\/\/infoecos.com.ar\/wp-content\/uploads\/2021\/02\/massasesion.jpg","datePublished":"2021-06-04T04:03:27+00:00","dateModified":"2021-06-04T04:03:29+00:00","breadcrumb":{"@id":"https:\/\/infoecos.com.ar\/index.php\/sera-televisada-por-la-senal-institucional-la-reunion-de-los-diputados-nacionales-con-los-laboratorios\/#breadcrumb"},"inLanguage":"es","potentialAction":[{"@type":"ReadAction","target":["https:\/\/infoecos.com.ar\/index.php\/sera-televisada-por-la-senal-institucional-la-reunion-de-los-diputados-nacionales-con-los-laboratorios\/"]}]},{"@type":"ImageObject","inLanguage":"es","@id":"https:\/\/infoecos.com.ar\/index.php\/sera-televisada-por-la-senal-institucional-la-reunion-de-los-diputados-nacionales-con-los-laboratorios\/#primaryimage","url":"https:\/\/infoecos.com.ar\/wp-content\/uploads\/2021\/02\/massasesion.jpg","contentUrl":"https:\/\/infoecos.com.ar\/wp-content\/uploads\/2021\/02\/massasesion.jpg","width":680,"height":383},{"@type":"BreadcrumbList","@id":"https:\/\/infoecos.com.ar\/index.php\/sera-televisada-por-la-senal-institucional-la-reunion-de-los-diputados-nacionales-con-los-laboratorios\/#breadcrumb","itemListElement":[{"@type":"ListItem","position":1,"name":"Portada","item":"https:\/\/infoecos.com.ar\/"},{"@type":"ListItem","position":2,"name":"Ser\u00e1 televisada por la se\u00f1al institucional la reuni\u00f3n de los Diputados nacionales con los laboratorios"}]},{"@type":"WebSite","@id":"https:\/\/infoecos.com.ar\/#website","url":"https:\/\/infoecos.com.ar\/","name":"Infoecos","description":"Noticias de trenque lauquen y la zona","publisher":{"@id":"https:\/\/infoecos.com.ar\/#organization"},"alternateName":"Noticias","potentialAction":[{"@type":"SearchAction","target":{"@type":"EntryPoint","urlTemplate":"https:\/\/infoecos.com.ar\/?s={search_term_string}"},"query-input":{"@type":"PropertyValueSpecification","valueRequired":true,"valueName":"search_term_string"}}],"inLanguage":"es"},{"@type":"Organization","@id":"https:\/\/infoecos.com.ar\/#organization","name":"Infoecos","alternateName":"Noticias","url":"https:\/\/infoecos.com.ar\/","logo":{"@type":"ImageObject","inLanguage":"es","@id":"https:\/\/infoecos.com.ar\/#\/schema\/logo\/image\/","url":"https:\/\/infoecos.com.ar\/wp-content\/uploads\/2024\/03\/cropped-logo.png","contentUrl":"https:\/\/infoecos.com.ar\/wp-content\/uploads\/2024\/03\/cropped-logo.png","width":374,"height":90,"caption":"Infoecos"},"image":{"@id":"https:\/\/infoecos.com.ar\/#\/schema\/logo\/image\/"},"sameAs":["https:\/\/www.facebook.com\/profile.php?id=100063200290284","https:\/\/x.com\/infoecos"]},{"@type":"Person","@id":"https:\/\/infoecos.com.ar\/#\/schema\/person\/8f5ace5ce73b4b4aac4b7245aee6f191","name":"Jorge Matheus","url":"https:\/\/infoecos.com.ar\/index.php\/author\/jomatheus\/"}]}},"featured_image_urls":{"full":["https:\/\/infoecos.com.ar\/wp-content\/uploads\/2021\/02\/massasesion.jpg",680,383,false],"thumbnail":["https:\/\/infoecos.com.ar\/wp-content\/uploads\/2021\/02\/massasesion-150x150.jpg",150,150,true],"medium":["https:\/\/infoecos.com.ar\/wp-content\/uploads\/2021\/02\/massasesion-460x259.jpg",460,259,true],"medium_large":["https:\/\/infoecos.com.ar\/wp-content\/uploads\/2021\/02\/massasesion.jpg",640,360,false],"large":["https:\/\/infoecos.com.ar\/wp-content\/uploads\/2021\/02\/massasesion.jpg",640,360,false],"1536x1536":["https:\/\/infoecos.com.ar\/wp-content\/uploads\/2021\/02\/massasesion.jpg",680,383,false],"2048x2048":["https:\/\/infoecos.com.ar\/wp-content\/uploads\/2021\/02\/massasesion.jpg",680,383,false],"covernews-slider-full":["https:\/\/infoecos.com.ar\/wp-content\/uploads\/2021\/02\/massasesion.jpg",680,383,false],"covernews-slider-center":["https:\/\/infoecos.com.ar\/wp-content\/uploads\/2021\/02\/massasesion.jpg",680,383,false],"covernews-featured":["https:\/\/infoecos.com.ar\/wp-content\/uploads\/2021\/02\/massasesion.jpg",680,383,false],"covernews-medium":["https:\/\/infoecos.com.ar\/wp-content\/uploads\/2021\/02\/massasesion-680x380.jpg",540,302,true],"covernews-medium-square":["https:\/\/infoecos.com.ar\/wp-content\/uploads\/2021\/02\/massasesion-675x383.jpg",400,227,true]},"author_info":{"info":["Jorge Matheus"]},"category_info":"<a href=\"https:\/\/infoecos.com.ar\/index.php\/category\/c3nota2\/\" rel=\"category tag\">C3 N2<\/a>","tag_info":"C3 N2","comment_count":"0","_links":{"self":[{"href":"https:\/\/infoecos.com.ar\/index.php\/wp-json\/wp\/v2\/posts\/79175"}],"collection":[{"href":"https:\/\/infoecos.com.ar\/index.php\/wp-json\/wp\/v2\/posts"}],"about":[{"href":"https:\/\/infoecos.com.ar\/index.php\/wp-json\/wp\/v2\/types\/post"}],"author":[{"embeddable":true,"href":"https:\/\/infoecos.com.ar\/index.php\/wp-json\/wp\/v2\/users\/2"}],"replies":[{"embeddable":true,"href":"https:\/\/infoecos.com.ar\/index.php\/wp-json\/wp\/v2\/comments?post=79175"}],"version-history":[{"count":1,"href":"https:\/\/infoecos.com.ar\/index.php\/wp-json\/wp\/v2\/posts\/79175\/revisions"}],"predecessor-version":[{"id":79176,"href":"https:\/\/infoecos.com.ar\/index.php\/wp-json\/wp\/v2\/posts\/79175\/revisions\/79176"}],"wp:featuredmedia":[{"embeddable":true,"href":"https:\/\/infoecos.com.ar\/index.php\/wp-json\/wp\/v2\/media\/74285"}],"wp:attachment":[{"href":"https:\/\/infoecos.com.ar\/index.php\/wp-json\/wp\/v2\/media?parent=79175"}],"wp:term":[{"taxonomy":"category","embeddable":true,"href":"https:\/\/infoecos.com.ar\/index.php\/wp-json\/wp\/v2\/categories?post=79175"},{"taxonomy":"post_tag","embeddable":true,"href":"https:\/\/infoecos.com.ar\/index.php\/wp-json\/wp\/v2\/tags?post=79175"}],"curies":[{"name":"wp","href":"https:\/\/api.w.org\/{rel}","templated":true}]}}