{"id":79230,"date":"2021-06-04T17:53:07","date_gmt":"2021-06-04T20:53:07","guid":{"rendered":"http:\/\/infoecos.com.ar\/?p=79230"},"modified":"2021-06-04T17:53:32","modified_gmt":"2021-06-04T20:53:32","slug":"las-personas-mayores-de-70-anos-podran-presentarse-desde-este-sabado-en-cualquier-vacunatorio-de-la-provincia","status":"publish","type":"post","link":"https:\/\/infoecos.com.ar\/index.php\/las-personas-mayores-de-70-anos-podran-presentarse-desde-este-sabado-en-cualquier-vacunatorio-de-la-provincia\/","title":{"rendered":"Las personas mayores de 70 a\u00f1os podr\u00e1n presentarse, desde este s\u00e1bado, en cualquier vacunatorio de la provincia"},"content":{"rendered":"\n<p class=\"wp-block-paragraph\">La subsecretar\u00eda de Salud municipal de Trenque Lauquen, a trav\u00e9s del \u00e1rea de Vacunaci\u00f3n, informa que las personas mayores de 70 a\u00f1os que no hayan recibido la primera dosis de la vacuna contra el Covid-19 y no tengan turno o no est\u00e9n inscriptos en la p\u00e1gina Web Vacunate, podr\u00e1n presentarse a partir de este s\u00e1bado en cualquier vacunatorio de la provincia de Buenos Aires.<\/p>\n\n\n\n<div class=\"wp-block-image\"><figure class=\"aligncenter size-medium\"><img loading=\"lazy\" decoding=\"async\" width=\"306\" height=\"460\" src=\"http:\/\/infoecos.com.ar\/wp-content\/uploads\/2021\/02\/210220-Vacuna-Ensenada_1100-306x460.jpg\" alt=\"\" class=\"wp-image-74637\" srcset=\"https:\/\/infoecos.com.ar\/wp-content\/uploads\/2021\/02\/210220-Vacuna-Ensenada_1100-306x460.jpg 306w, https:\/\/infoecos.com.ar\/wp-content\/uploads\/2021\/02\/210220-Vacuna-Ensenada_1100-612x920.jpg 612w, https:\/\/infoecos.com.ar\/wp-content\/uploads\/2021\/02\/210220-Vacuna-Ensenada_1100-768x1154.jpg 768w, https:\/\/infoecos.com.ar\/wp-content\/uploads\/2021\/02\/210220-Vacuna-Ensenada_1100-1022x1536.jpg 1022w, https:\/\/infoecos.com.ar\/wp-content\/uploads\/2021\/02\/210220-Vacuna-Ensenada_1100-1363x2048.jpg 1363w, https:\/\/infoecos.com.ar\/wp-content\/uploads\/2021\/02\/210220-Vacuna-Ensenada_1100-1024x1539.jpg 1024w, https:\/\/infoecos.com.ar\/wp-content\/uploads\/2021\/02\/210220-Vacuna-Ensenada_1100-scaled.jpg 1703w\" sizes=\"auto, (max-width: 306px) 100vw, 306px\" \/><\/figure><\/div>\n\n\n\n<p class=\"wp-block-paragraph\">La decisi\u00f3n fue adoptada por las autoridades sanitarias provinciales e informada al Municipio desde Regi\u00f3n Sanitaria II y apunta a reforzar la campa\u00f1a de vacunaci\u00f3n en todo el territorio provincial.<\/p>\n\n\n\n<p class=\"wp-block-paragraph\">De esta forma los adultos mayores de 70 a\u00f1os podr\u00e1n presentarse, sin turno previo, solamente con el DNI para recibir la primera dosis de la vacuna contra el Covid-19.<\/p>\n\n\n\n<p class=\"wp-block-paragraph\">En Trenque Lauquen, recordamos, hay dos postas de vacunaci\u00f3n en funcionamiento: en el SUM de Atilra (Gobernador Irigoyen 1256) y en instalaciones del Club Monumental (Castelli 716).<\/p>\n\n\n\n<p class=\"wp-block-paragraph\">En cada posta, las personas encargadas de la log\u00edstica, proceder\u00e1n a verificar la identidad del vecino o vecina con su documentaci\u00f3n, si la persona se encuentra inscripta y si posee o no la primera dosis. En el caso de no figurar en los listados, se inscribir\u00e1 a la persona desde el portal web: https:\/\/vacunate.ms.gba.gov.ar\/, y una vez validados, se proceder\u00e1 a vacunar a la persona por \u201cdemanda espont\u00e1nea\u201d.<\/p>\n","protected":false},"excerpt":{"rendered":"<p>La decisi\u00f3n fue adoptada por las autoridades sanitarias provinciales e informada al Municipio desde Regi\u00f3n Sanitaria II<\/p>\n","protected":false},"author":2,"featured_media":74637,"comment_status":"closed","ping_status":"open","sticky":false,"template":"","format":"standard","meta":{"footnotes":""},"categories":[28],"tags":[3845],"class_list":["post-79230","post","type-post","status-publish","format-standard","has-post-thumbnail","hentry","category-c1nota1","tag-que-no-hayan-recibido-la-primera-dosis"],"featured_image_urls":{"full":["https:\/\/infoecos.com.ar\/wp-content\/uploads\/2021\/02\/210220-Vacuna-Ensenada_1100-scaled.jpg",1703,2560,false],"thumbnail":["https:\/\/infoecos.com.ar\/wp-content\/uploads\/2021\/02\/210220-Vacuna-Ensenada_1100-150x150.jpg",150,150,true],"medium":["https:\/\/infoecos.com.ar\/wp-content\/uploads\/2021\/02\/210220-Vacuna-Ensenada_1100-306x460.jpg",306,460,true],"medium_large":["https:\/\/infoecos.com.ar\/wp-content\/uploads\/2021\/02\/210220-Vacuna-Ensenada_1100-768x1154.jpg",640,962,true],"large":["https:\/\/infoecos.com.ar\/wp-content\/uploads\/2021\/02\/210220-Vacuna-Ensenada_1100-612x920.jpg",612,920,true],"1536x1536":["https:\/\/infoecos.com.ar\/wp-content\/uploads\/2021\/02\/210220-Vacuna-Ensenada_1100-1022x1536.jpg",1022,1536,true],"2048x2048":["https:\/\/infoecos.com.ar\/wp-content\/uploads\/2021\/02\/210220-Vacuna-Ensenada_1100-1363x2048.jpg",1363,2048,true],"covernews-slider-full":["https:\/\/infoecos.com.ar\/wp-content\/uploads\/2021\/02\/210220-Vacuna-Ensenada_1100-1536x1020.jpg",1077,715,true],"covernews-slider-center":["https:\/\/infoecos.com.ar\/wp-content\/uploads\/2021\/02\/210220-Vacuna-Ensenada_1100-936x897.jpg",522,500,true],"covernews-featured":["https:\/\/infoecos.com.ar\/wp-content\/uploads\/2021\/02\/210220-Vacuna-Ensenada_1100-1024x1539.jpg",1024,1539,true],"covernews-medium":["https:\/\/infoecos.com.ar\/wp-content\/uploads\/2021\/02\/210220-Vacuna-Ensenada_1100-720x380.jpg",540,285,true],"covernews-medium-square":["https:\/\/infoecos.com.ar\/wp-content\/uploads\/2021\/02\/210220-Vacuna-Ensenada_1100-675x450.jpg",375,250,true]},"author_info":{"info":["Jorge Matheus"]},"category_info":"<a href=\"https:\/\/infoecos.com.ar\/index.php\/category\/c1nota1\/\" rel=\"category tag\">C1 N1<\/a>","tag_info":"C1 N1","comment_count":"0","_links":{"self":[{"href":"https:\/\/infoecos.com.ar\/index.php\/wp-json\/wp\/v2\/posts\/79230","targetHints":{"allow":["GET"]}}],"collection":[{"href":"https:\/\/infoecos.com.ar\/index.php\/wp-json\/wp\/v2\/posts"}],"about":[{"href":"https:\/\/infoecos.com.ar\/index.php\/wp-json\/wp\/v2\/types\/post"}],"author":[{"embeddable":true,"href":"https:\/\/infoecos.com.ar\/index.php\/wp-json\/wp\/v2\/users\/2"}],"replies":[{"embeddable":true,"href":"https:\/\/infoecos.com.ar\/index.php\/wp-json\/wp\/v2\/comments?post=79230"}],"version-history":[{"count":1,"href":"https:\/\/infoecos.com.ar\/index.php\/wp-json\/wp\/v2\/posts\/79230\/revisions"}],"predecessor-version":[{"id":79231,"href":"https:\/\/infoecos.com.ar\/index.php\/wp-json\/wp\/v2\/posts\/79230\/revisions\/79231"}],"wp:featuredmedia":[{"embeddable":true,"href":"https:\/\/infoecos.com.ar\/index.php\/wp-json\/wp\/v2\/media\/74637"}],"wp:attachment":[{"href":"https:\/\/infoecos.com.ar\/index.php\/wp-json\/wp\/v2\/media?parent=79230"}],"wp:term":[{"taxonomy":"category","embeddable":true,"href":"https:\/\/infoecos.com.ar\/index.php\/wp-json\/wp\/v2\/categories?post=79230"},{"taxonomy":"post_tag","embeddable":true,"href":"https:\/\/infoecos.com.ar\/index.php\/wp-json\/wp\/v2\/tags?post=79230"}],"curies":[{"name":"wp","href":"https:\/\/api.w.org\/{rel}","templated":true}]}}