{"id":79244,"date":"2021-06-05T01:01:35","date_gmt":"2021-06-05T04:01:35","guid":{"rendered":"http:\/\/infoecos.com.ar\/?p=79244"},"modified":"2021-06-10T01:36:54","modified_gmt":"2021-06-10T04:36:54","slug":"el-centro-de-esterilizacion-del-hospital-de-trenque-lauquen-lleva-el-nombre-de-raul-horacio-failla","status":"publish","type":"post","link":"https:\/\/infoecos.com.ar\/index.php\/el-centro-de-esterilizacion-del-hospital-de-trenque-lauquen-lleva-el-nombre-de-raul-horacio-failla\/","title":{"rendered":"El Centro de Esterilizaci\u00f3n del Hospital de Trenque Lauquen lleva el nombre de Ra\u00fal Horacio Faill\u00e1"},"content":{"rendered":"\n<p>El Intendente municipal, Miguel Fern\u00e1ndez, promulg\u00f3 la Ordenanza n\u00b0 5148\/2021, sancionada por el Concejo Deliberante de Trenque Lauquen, el 21 de mayo del corriente, que impone el nombre de Ra\u00fal Horacio Faill\u00e1 al Centro de Esterilizaci\u00f3n del Hospital Municipal Dr. Pedro T. Orellana.<\/p>\n\n\n\n<div class=\"wp-block-image\"><figure class=\"aligncenter size-medium\"><img decoding=\"async\" src=\"http:\/\/infoecos.com.ar\/wp-content\/uploads\/FAILLA-PDTE-COOPERATIVA-460x305.jpg\" alt=\"\" class=\"wp-image-27029\"\/><figcaption>Faill\u00e1 <\/figcaption><\/figure><\/div>\n\n\n\n<p>La iniciativa tiene como objetivo homenajear a quien fuera presidente del Consejo de Administraci\u00f3n de la Cooperativa de Electricidad desde el a\u00f1o 2014 hasta el d\u00eda de su fallecimiento, el 8 de junio de 2020, y \u201cun ferviente impulsor de significativos aportes en materia de salud en el partido de Trenque Lauquen\u201d.<\/p>\n\n\n\n<p>El Centro de Esterilizaci\u00f3n que funciona en el Hospital Municipal es la unidad destinada a la recepci\u00f3n, lavado, acondicionamiento, desinfecci\u00f3n y\/o esterilizaci\u00f3n, control, almacenamiento transitorio y dispensa de los productos m\u00e9dicos y textiles, a fin de garantizar la calidad prestacional, seguridad en el uso de pacientes y personal de la salud y preservaci\u00f3n de la eficacia de los mismos.<\/p>\n\n\n\n<p>En los fundamentos de la iniciativa, que fue impulsada por un grupo de vecinos de la comunidad, aprobada por el HCD y promulgada por el Departamento Ejecutivo, se destaca que Ra\u00fal Faill\u00e1 cuenta en su haber con una profunda trayectoria en beneficio de la comunidad del partido de Trenque Lauquen y se pone de manifiesto que \u201csus fuertes convicciones solidarias lo consolidan como un consejero activo, llegando a la vicepresidencia de la mencionada Cooperativa de Electricidad en los per\u00edodos 2005-2006\/2007-2008 y 2013-2014 y sobre finales de 2014, reemplaz\u00f3 a Manuel Antonio Alvo en la presidencia del Consejo de Administraci\u00f3n hasta el d\u00eda de su fallecimiento, el 8 de junio de 2020\u201d.<\/p>\n","protected":false},"excerpt":{"rendered":"<p>El Intendente municipal, Miguel Fern\u00e1ndez, promulg\u00f3 la Ordenanza n\u00b0 5148\/2021, sancionada por el Concejo Deliberante de Trenque Lauquen, el 21 de mayo del corriente<\/p>\n","protected":false},"author":2,"featured_media":27029,"comment_status":"closed","ping_status":"open","sticky":false,"template":"","format":"standard","meta":{"footnotes":""},"categories":[26],"tags":[3850],"class_list":["post-79244","post","type-post","status-publish","format-standard","has-post-thumbnail","hentry","category-inferior6","tag-reconocimiento-comunitario-y-gubernamental"],"yoast_head":"<!-- This site is optimized with the Yoast SEO plugin v23.4 - https:\/\/yoast.com\/wordpress\/plugins\/seo\/ -->\n<title>El Centro de Esterilizaci\u00f3n del Hospital de Trenque Lauquen lleva el nombre de Ra\u00fal Horacio Faill\u00e1 - Infoecos<\/title>\n<meta name=\"robots\" content=\"index, follow, max-snippet:-1, max-image-preview:large, max-video-preview:-1\" \/>\n<link rel=\"canonical\" href=\"https:\/\/infoecos.com.ar\/index.php\/el-centro-de-esterilizacion-del-hospital-de-trenque-lauquen-lleva-el-nombre-de-raul-horacio-failla\/\" \/>\n<meta property=\"og:locale\" content=\"es_ES\" \/>\n<meta property=\"og:type\" content=\"article\" \/>\n<meta property=\"og:title\" content=\"El Centro de Esterilizaci\u00f3n del Hospital de Trenque Lauquen lleva el nombre de Ra\u00fal Horacio Faill\u00e1 - Infoecos\" \/>\n<meta property=\"og:description\" content=\"El Intendente municipal, Miguel Fern\u00e1ndez, promulg\u00f3 la Ordenanza n\u00b0 5148\/2021, sancionada por el Concejo Deliberante de Trenque Lauquen, el 21 de mayo del corriente\" \/>\n<meta property=\"og:url\" content=\"https:\/\/infoecos.com.ar\/index.php\/el-centro-de-esterilizacion-del-hospital-de-trenque-lauquen-lleva-el-nombre-de-raul-horacio-failla\/\" \/>\n<meta property=\"og:site_name\" content=\"Infoecos\" \/>\n<meta property=\"article:publisher\" content=\"https:\/\/www.facebook.com\/profile.php?id=100063200290284\" \/>\n<meta property=\"article:published_time\" content=\"2021-06-05T04:01:35+00:00\" \/>\n<meta property=\"article:modified_time\" content=\"2021-06-10T04:36:54+00:00\" \/>\n<meta property=\"og:image\" content=\"https:\/\/infoecos.com.ar\/wp-content\/uploads\/FAILLA-PDTE-COOPERATIVA.jpg\" \/>\n\t<meta property=\"og:image:width\" content=\"1246\" \/>\n\t<meta property=\"og:image:height\" content=\"827\" \/>\n\t<meta property=\"og:image:type\" content=\"image\/jpeg\" \/>\n<meta name=\"author\" content=\"Jorge Matheus\" \/>\n<meta name=\"twitter:card\" content=\"summary_large_image\" \/>\n<meta name=\"twitter:creator\" content=\"@infoecos\" \/>\n<meta name=\"twitter:site\" content=\"@infoecos\" \/>\n<meta name=\"twitter:label1\" content=\"Escrito por\" \/>\n\t<meta name=\"twitter:data1\" content=\"Jorge Matheus\" \/>\n\t<meta name=\"twitter:label2\" content=\"Tiempo de lectura\" \/>\n\t<meta name=\"twitter:data2\" content=\"1 minuto\" \/>\n<script type=\"application\/ld+json\" class=\"yoast-schema-graph\">{\"@context\":\"https:\/\/schema.org\",\"@graph\":[{\"@type\":\"Article\",\"@id\":\"https:\/\/infoecos.com.ar\/index.php\/el-centro-de-esterilizacion-del-hospital-de-trenque-lauquen-lleva-el-nombre-de-raul-horacio-failla\/#article\",\"isPartOf\":{\"@id\":\"https:\/\/infoecos.com.ar\/index.php\/el-centro-de-esterilizacion-del-hospital-de-trenque-lauquen-lleva-el-nombre-de-raul-horacio-failla\/\"},\"author\":{\"name\":\"Jorge Matheus\",\"@id\":\"https:\/\/infoecos.com.ar\/#\/schema\/person\/8f5ace5ce73b4b4aac4b7245aee6f191\"},\"headline\":\"El Centro de Esterilizaci\u00f3n del Hospital de Trenque Lauquen lleva el nombre de Ra\u00fal Horacio Faill\u00e1\",\"datePublished\":\"2021-06-05T04:01:35+00:00\",\"dateModified\":\"2021-06-10T04:36:54+00:00\",\"mainEntityOfPage\":{\"@id\":\"https:\/\/infoecos.com.ar\/index.php\/el-centro-de-esterilizacion-del-hospital-de-trenque-lauquen-lleva-el-nombre-de-raul-horacio-failla\/\"},\"wordCount\":294,\"publisher\":{\"@id\":\"https:\/\/infoecos.com.ar\/#organization\"},\"image\":{\"@id\":\"https:\/\/infoecos.com.ar\/index.php\/el-centro-de-esterilizacion-del-hospital-de-trenque-lauquen-lleva-el-nombre-de-raul-horacio-failla\/#primaryimage\"},\"thumbnailUrl\":\"\",\"keywords\":[\"RECONOCIMIENTO COMUNITARIO Y GUBERNAMENTAL\"],\"articleSection\":[\"Bloque inferior - 6\"],\"inLanguage\":\"es\"},{\"@type\":\"WebPage\",\"@id\":\"https:\/\/infoecos.com.ar\/index.php\/el-centro-de-esterilizacion-del-hospital-de-trenque-lauquen-lleva-el-nombre-de-raul-horacio-failla\/\",\"url\":\"https:\/\/infoecos.com.ar\/index.php\/el-centro-de-esterilizacion-del-hospital-de-trenque-lauquen-lleva-el-nombre-de-raul-horacio-failla\/\",\"name\":\"El Centro de Esterilizaci\u00f3n del Hospital de Trenque Lauquen lleva el nombre de Ra\u00fal Horacio Faill\u00e1 - Infoecos\",\"isPartOf\":{\"@id\":\"https:\/\/infoecos.com.ar\/#website\"},\"primaryImageOfPage\":{\"@id\":\"https:\/\/infoecos.com.ar\/index.php\/el-centro-de-esterilizacion-del-hospital-de-trenque-lauquen-lleva-el-nombre-de-raul-horacio-failla\/#primaryimage\"},\"image\":{\"@id\":\"https:\/\/infoecos.com.ar\/index.php\/el-centro-de-esterilizacion-del-hospital-de-trenque-lauquen-lleva-el-nombre-de-raul-horacio-failla\/#primaryimage\"},\"thumbnailUrl\":\"\",\"datePublished\":\"2021-06-05T04:01:35+00:00\",\"dateModified\":\"2021-06-10T04:36:54+00:00\",\"breadcrumb\":{\"@id\":\"https:\/\/infoecos.com.ar\/index.php\/el-centro-de-esterilizacion-del-hospital-de-trenque-lauquen-lleva-el-nombre-de-raul-horacio-failla\/#breadcrumb\"},\"inLanguage\":\"es\",\"potentialAction\":[{\"@type\":\"ReadAction\",\"target\":[\"https:\/\/infoecos.com.ar\/index.php\/el-centro-de-esterilizacion-del-hospital-de-trenque-lauquen-lleva-el-nombre-de-raul-horacio-failla\/\"]}]},{\"@type\":\"ImageObject\",\"inLanguage\":\"es\",\"@id\":\"https:\/\/infoecos.com.ar\/index.php\/el-centro-de-esterilizacion-del-hospital-de-trenque-lauquen-lleva-el-nombre-de-raul-horacio-failla\/#primaryimage\",\"url\":\"\",\"contentUrl\":\"\"},{\"@type\":\"BreadcrumbList\",\"@id\":\"https:\/\/infoecos.com.ar\/index.php\/el-centro-de-esterilizacion-del-hospital-de-trenque-lauquen-lleva-el-nombre-de-raul-horacio-failla\/#breadcrumb\",\"itemListElement\":[{\"@type\":\"ListItem\",\"position\":1,\"name\":\"Portada\",\"item\":\"https:\/\/infoecos.com.ar\/\"},{\"@type\":\"ListItem\",\"position\":2,\"name\":\"El Centro de Esterilizaci\u00f3n del Hospital de Trenque Lauquen lleva el nombre de Ra\u00fal Horacio Faill\u00e1\"}]},{\"@type\":\"WebSite\",\"@id\":\"https:\/\/infoecos.com.ar\/#website\",\"url\":\"https:\/\/infoecos.com.ar\/\",\"name\":\"Infoecos\",\"description\":\"Noticias de trenque lauquen y la zona\",\"publisher\":{\"@id\":\"https:\/\/infoecos.com.ar\/#organization\"},\"alternateName\":\"Noticias\",\"potentialAction\":[{\"@type\":\"SearchAction\",\"target\":{\"@type\":\"EntryPoint\",\"urlTemplate\":\"https:\/\/infoecos.com.ar\/?s={search_term_string}\"},\"query-input\":{\"@type\":\"PropertyValueSpecification\",\"valueRequired\":true,\"valueName\":\"search_term_string\"}}],\"inLanguage\":\"es\"},{\"@type\":\"Organization\",\"@id\":\"https:\/\/infoecos.com.ar\/#organization\",\"name\":\"Infoecos\",\"alternateName\":\"Noticias\",\"url\":\"https:\/\/infoecos.com.ar\/\",\"logo\":{\"@type\":\"ImageObject\",\"inLanguage\":\"es\",\"@id\":\"https:\/\/infoecos.com.ar\/#\/schema\/logo\/image\/\",\"url\":\"https:\/\/infoecos.com.ar\/wp-content\/uploads\/2024\/03\/cropped-logo.png\",\"contentUrl\":\"https:\/\/infoecos.com.ar\/wp-content\/uploads\/2024\/03\/cropped-logo.png\",\"width\":374,\"height\":90,\"caption\":\"Infoecos\"},\"image\":{\"@id\":\"https:\/\/infoecos.com.ar\/#\/schema\/logo\/image\/\"},\"sameAs\":[\"https:\/\/www.facebook.com\/profile.php?id=100063200290284\",\"https:\/\/x.com\/infoecos\"]},{\"@type\":\"Person\",\"@id\":\"https:\/\/infoecos.com.ar\/#\/schema\/person\/8f5ace5ce73b4b4aac4b7245aee6f191\",\"name\":\"Jorge Matheus\",\"url\":\"https:\/\/infoecos.com.ar\/index.php\/author\/jomatheus\/\"}]}<\/script>\n<!-- \/ Yoast SEO plugin. -->","yoast_head_json":{"title":"El Centro de Esterilizaci\u00f3n del Hospital de Trenque Lauquen lleva el nombre de Ra\u00fal Horacio Faill\u00e1 - Infoecos","robots":{"index":"index","follow":"follow","max-snippet":"max-snippet:-1","max-image-preview":"max-image-preview:large","max-video-preview":"max-video-preview:-1"},"canonical":"https:\/\/infoecos.com.ar\/index.php\/el-centro-de-esterilizacion-del-hospital-de-trenque-lauquen-lleva-el-nombre-de-raul-horacio-failla\/","og_locale":"es_ES","og_type":"article","og_title":"El Centro de Esterilizaci\u00f3n del Hospital de Trenque Lauquen lleva el nombre de Ra\u00fal Horacio Faill\u00e1 - Infoecos","og_description":"El Intendente municipal, Miguel Fern\u00e1ndez, promulg\u00f3 la Ordenanza n\u00b0 5148\/2021, sancionada por el Concejo Deliberante de Trenque Lauquen, el 21 de mayo del corriente","og_url":"https:\/\/infoecos.com.ar\/index.php\/el-centro-de-esterilizacion-del-hospital-de-trenque-lauquen-lleva-el-nombre-de-raul-horacio-failla\/","og_site_name":"Infoecos","article_publisher":"https:\/\/www.facebook.com\/profile.php?id=100063200290284","article_published_time":"2021-06-05T04:01:35+00:00","article_modified_time":"2021-06-10T04:36:54+00:00","og_image":[{"width":1246,"height":827,"url":"https:\/\/infoecos.com.ar\/wp-content\/uploads\/FAILLA-PDTE-COOPERATIVA.jpg","type":"image\/jpeg"}],"author":"Jorge Matheus","twitter_card":"summary_large_image","twitter_creator":"@infoecos","twitter_site":"@infoecos","twitter_misc":{"Escrito por":"Jorge Matheus","Tiempo de lectura":"1 minuto"},"schema":{"@context":"https:\/\/schema.org","@graph":[{"@type":"Article","@id":"https:\/\/infoecos.com.ar\/index.php\/el-centro-de-esterilizacion-del-hospital-de-trenque-lauquen-lleva-el-nombre-de-raul-horacio-failla\/#article","isPartOf":{"@id":"https:\/\/infoecos.com.ar\/index.php\/el-centro-de-esterilizacion-del-hospital-de-trenque-lauquen-lleva-el-nombre-de-raul-horacio-failla\/"},"author":{"name":"Jorge Matheus","@id":"https:\/\/infoecos.com.ar\/#\/schema\/person\/8f5ace5ce73b4b4aac4b7245aee6f191"},"headline":"El Centro de Esterilizaci\u00f3n del Hospital de Trenque Lauquen lleva el nombre de Ra\u00fal Horacio Faill\u00e1","datePublished":"2021-06-05T04:01:35+00:00","dateModified":"2021-06-10T04:36:54+00:00","mainEntityOfPage":{"@id":"https:\/\/infoecos.com.ar\/index.php\/el-centro-de-esterilizacion-del-hospital-de-trenque-lauquen-lleva-el-nombre-de-raul-horacio-failla\/"},"wordCount":294,"publisher":{"@id":"https:\/\/infoecos.com.ar\/#organization"},"image":{"@id":"https:\/\/infoecos.com.ar\/index.php\/el-centro-de-esterilizacion-del-hospital-de-trenque-lauquen-lleva-el-nombre-de-raul-horacio-failla\/#primaryimage"},"thumbnailUrl":"","keywords":["RECONOCIMIENTO COMUNITARIO Y GUBERNAMENTAL"],"articleSection":["Bloque inferior - 6"],"inLanguage":"es"},{"@type":"WebPage","@id":"https:\/\/infoecos.com.ar\/index.php\/el-centro-de-esterilizacion-del-hospital-de-trenque-lauquen-lleva-el-nombre-de-raul-horacio-failla\/","url":"https:\/\/infoecos.com.ar\/index.php\/el-centro-de-esterilizacion-del-hospital-de-trenque-lauquen-lleva-el-nombre-de-raul-horacio-failla\/","name":"El Centro de Esterilizaci\u00f3n del Hospital de Trenque Lauquen lleva el nombre de Ra\u00fal Horacio Faill\u00e1 - Infoecos","isPartOf":{"@id":"https:\/\/infoecos.com.ar\/#website"},"primaryImageOfPage":{"@id":"https:\/\/infoecos.com.ar\/index.php\/el-centro-de-esterilizacion-del-hospital-de-trenque-lauquen-lleva-el-nombre-de-raul-horacio-failla\/#primaryimage"},"image":{"@id":"https:\/\/infoecos.com.ar\/index.php\/el-centro-de-esterilizacion-del-hospital-de-trenque-lauquen-lleva-el-nombre-de-raul-horacio-failla\/#primaryimage"},"thumbnailUrl":"","datePublished":"2021-06-05T04:01:35+00:00","dateModified":"2021-06-10T04:36:54+00:00","breadcrumb":{"@id":"https:\/\/infoecos.com.ar\/index.php\/el-centro-de-esterilizacion-del-hospital-de-trenque-lauquen-lleva-el-nombre-de-raul-horacio-failla\/#breadcrumb"},"inLanguage":"es","potentialAction":[{"@type":"ReadAction","target":["https:\/\/infoecos.com.ar\/index.php\/el-centro-de-esterilizacion-del-hospital-de-trenque-lauquen-lleva-el-nombre-de-raul-horacio-failla\/"]}]},{"@type":"ImageObject","inLanguage":"es","@id":"https:\/\/infoecos.com.ar\/index.php\/el-centro-de-esterilizacion-del-hospital-de-trenque-lauquen-lleva-el-nombre-de-raul-horacio-failla\/#primaryimage","url":"","contentUrl":""},{"@type":"BreadcrumbList","@id":"https:\/\/infoecos.com.ar\/index.php\/el-centro-de-esterilizacion-del-hospital-de-trenque-lauquen-lleva-el-nombre-de-raul-horacio-failla\/#breadcrumb","itemListElement":[{"@type":"ListItem","position":1,"name":"Portada","item":"https:\/\/infoecos.com.ar\/"},{"@type":"ListItem","position":2,"name":"El Centro de Esterilizaci\u00f3n del Hospital de Trenque Lauquen lleva el nombre de Ra\u00fal Horacio Faill\u00e1"}]},{"@type":"WebSite","@id":"https:\/\/infoecos.com.ar\/#website","url":"https:\/\/infoecos.com.ar\/","name":"Infoecos","description":"Noticias de trenque lauquen y la zona","publisher":{"@id":"https:\/\/infoecos.com.ar\/#organization"},"alternateName":"Noticias","potentialAction":[{"@type":"SearchAction","target":{"@type":"EntryPoint","urlTemplate":"https:\/\/infoecos.com.ar\/?s={search_term_string}"},"query-input":{"@type":"PropertyValueSpecification","valueRequired":true,"valueName":"search_term_string"}}],"inLanguage":"es"},{"@type":"Organization","@id":"https:\/\/infoecos.com.ar\/#organization","name":"Infoecos","alternateName":"Noticias","url":"https:\/\/infoecos.com.ar\/","logo":{"@type":"ImageObject","inLanguage":"es","@id":"https:\/\/infoecos.com.ar\/#\/schema\/logo\/image\/","url":"https:\/\/infoecos.com.ar\/wp-content\/uploads\/2024\/03\/cropped-logo.png","contentUrl":"https:\/\/infoecos.com.ar\/wp-content\/uploads\/2024\/03\/cropped-logo.png","width":374,"height":90,"caption":"Infoecos"},"image":{"@id":"https:\/\/infoecos.com.ar\/#\/schema\/logo\/image\/"},"sameAs":["https:\/\/www.facebook.com\/profile.php?id=100063200290284","https:\/\/x.com\/infoecos"]},{"@type":"Person","@id":"https:\/\/infoecos.com.ar\/#\/schema\/person\/8f5ace5ce73b4b4aac4b7245aee6f191","name":"Jorge Matheus","url":"https:\/\/infoecos.com.ar\/index.php\/author\/jomatheus\/"}]}},"featured_image_urls":{"full":"","thumbnail":"","medium":"","medium_large":"","large":"","1536x1536":"","2048x2048":"","covernews-slider-full":"","covernews-slider-center":"","covernews-featured":"","covernews-medium":"","covernews-medium-square":""},"author_info":{"info":["Jorge Matheus"]},"category_info":"<a href=\"https:\/\/infoecos.com.ar\/index.php\/category\/inferior6\/\" rel=\"category tag\">Bloque inferior - 6<\/a>","tag_info":"Bloque inferior - 6","comment_count":"0","_links":{"self":[{"href":"https:\/\/infoecos.com.ar\/index.php\/wp-json\/wp\/v2\/posts\/79244"}],"collection":[{"href":"https:\/\/infoecos.com.ar\/index.php\/wp-json\/wp\/v2\/posts"}],"about":[{"href":"https:\/\/infoecos.com.ar\/index.php\/wp-json\/wp\/v2\/types\/post"}],"author":[{"embeddable":true,"href":"https:\/\/infoecos.com.ar\/index.php\/wp-json\/wp\/v2\/users\/2"}],"replies":[{"embeddable":true,"href":"https:\/\/infoecos.com.ar\/index.php\/wp-json\/wp\/v2\/comments?post=79244"}],"version-history":[{"count":1,"href":"https:\/\/infoecos.com.ar\/index.php\/wp-json\/wp\/v2\/posts\/79244\/revisions"}],"predecessor-version":[{"id":79245,"href":"https:\/\/infoecos.com.ar\/index.php\/wp-json\/wp\/v2\/posts\/79244\/revisions\/79245"}],"wp:featuredmedia":[{"embeddable":true,"href":"https:\/\/infoecos.com.ar\/index.php\/wp-json\/"}],"wp:attachment":[{"href":"https:\/\/infoecos.com.ar\/index.php\/wp-json\/wp\/v2\/media?parent=79244"}],"wp:term":[{"taxonomy":"category","embeddable":true,"href":"https:\/\/infoecos.com.ar\/index.php\/wp-json\/wp\/v2\/categories?post=79244"},{"taxonomy":"post_tag","embeddable":true,"href":"https:\/\/infoecos.com.ar\/index.php\/wp-json\/wp\/v2\/tags?post=79244"}],"curies":[{"name":"wp","href":"https:\/\/api.w.org\/{rel}","templated":true}]}}