{"id":79254,"date":"2021-06-05T01:25:06","date_gmt":"2021-06-05T04:25:06","guid":{"rendered":"http:\/\/infoecos.com.ar\/?p=79254"},"modified":"2021-06-10T01:43:32","modified_gmt":"2021-06-10T04:43:32","slug":"murio-roberto-depietri-ex-futbolista-de-olimpo-de-bahia-blanca-por-coronavirus","status":"publish","type":"post","link":"https:\/\/infoecos.com.ar\/index.php\/murio-roberto-depietri-ex-futbolista-de-olimpo-de-bahia-blanca-por-coronavirus\/","title":{"rendered":"Muri\u00f3 Roberto Depietri, ex futbolista de Olimpo de Bah\u00eda Blanca, por coronavirus"},"content":{"rendered":"\n<p>A los 55 a\u00f1os y v\u00edctima de Covid-19 muri\u00f3 Roberto Depietri, ex futbolista que brill\u00f3 en Olimpo de Bah\u00eda Blanca durante la d\u00e9cada del 80 y se forj\u00f3 una exitosa carrera en M\u00e9xico.<\/p>\n\n\n\n<p>Depietri llevaba varios d\u00edas internado en la terapia intensiva del Hospital Espa\u00f1ol y, si bien hab\u00eda mostrado una cierta evoluci\u00f3n en el cuadro, su salud empeor\u00f3 hasta el lamentable deceso que se produjo ayer a la tarde.<\/p>\n\n\n\n<div class=\"wp-block-image\"><figure class=\"aligncenter size-medium\"><img loading=\"lazy\" decoding=\"async\" width=\"460\" height=\"276\" src=\"http:\/\/infoecos.com.ar\/wp-content\/uploads\/2021\/06\/depietri-2-460x276.jpg\" alt=\"\" class=\"wp-image-79255\" srcset=\"https:\/\/infoecos.com.ar\/wp-content\/uploads\/2021\/06\/depietri-2-460x276.jpg 460w, https:\/\/infoecos.com.ar\/wp-content\/uploads\/2021\/06\/depietri-2-920x552.jpg 920w, https:\/\/infoecos.com.ar\/wp-content\/uploads\/2021\/06\/depietri-2-768x461.jpg 768w, https:\/\/infoecos.com.ar\/wp-content\/uploads\/2021\/06\/depietri-2-1024x614.jpg 1024w, https:\/\/infoecos.com.ar\/wp-content\/uploads\/2021\/06\/depietri-2.jpg 1200w\" sizes=\"(max-width: 460px) 100vw, 460px\" \/><\/figure><\/div>\n\n\n\n<p>Una vez retirado, se dedic\u00f3 a la representaci\u00f3n de jugadores, siendo quien manej\u00f3 los destinos durante a\u00f1os de Rodrigo Palacio. Nacido en Darwin, hace algo m\u00e1s de dos a\u00f1os trabaj\u00f3 en la secretar\u00eda t\u00e9cnica de Gimnasia de La Plata.<\/p>\n\n\n\n<p>All\u00ed debut\u00f3 con apenas 16 a\u00f1os en la Primera del \u00abaurinegro\u00bb en el Regional de 1982. Incluso, cuatro a\u00f1os m\u00e1s tarde, el enganche fue parte del equipo que enfrent\u00f3 a Boca por la Liguilla Pre Libertadores, consigui\u00f3 el ascenso a la Primera B Nacional en la temporada 1988\/89.<\/p>\n\n\n\n<p>Su desempe\u00f1o lo llev\u00f3 a vestir las camisetas del \u00abLobo\u00bb, Toluca, Talleres de C\u00f3rdoba, Pumas de UNAM, Uni\u00f3n de Santa Fe, para retirarse en Olimpo en 1997.<\/p>\n\n\n\n<p><strong>Depietri integr\u00f3 el equipo de Olimpo de Bah\u00eda Blanca que por los campeonatos regionales enfrent\u00f3 a Ferro Carril Oeste de Trenque Lauquen en la d\u00e9cada del 80.<\/strong><\/p>\n\n\n\n<p>Fuente: la brujula24.com<\/p>\n","protected":false},"excerpt":{"rendered":"<p>Depietri integr\u00f3 el equipo de Olimpo de Bah\u00eda Blanca que por los campeonatos regionales enfrent\u00f3 a Ferro Carril Oeste de Trenque Lauquen en la d\u00e9cada del 80<\/p>\n","protected":false},"author":2,"featured_media":79255,"comment_status":"closed","ping_status":"open","sticky":false,"template":"","format":"standard","meta":{"footnotes":""},"categories":[1643],"tags":[3853],"class_list":["post-79254","post","type-post","status-publish","format-standard","has-post-thumbnail","hentry","category-inferior16","tag-se-destaco-a-nivel-regional-nacional-e-internacional"],"yoast_head":"<!-- This site is optimized with the Yoast SEO plugin v23.4 - https:\/\/yoast.com\/wordpress\/plugins\/seo\/ -->\n<title>Muri\u00f3 Roberto Depietri, ex futbolista de Olimpo de Bah\u00eda Blanca, por coronavirus - Infoecos<\/title>\n<meta name=\"robots\" content=\"index, follow, max-snippet:-1, max-image-preview:large, max-video-preview:-1\" \/>\n<link rel=\"canonical\" href=\"https:\/\/infoecos.com.ar\/index.php\/murio-roberto-depietri-ex-futbolista-de-olimpo-de-bahia-blanca-por-coronavirus\/\" \/>\n<meta property=\"og:locale\" content=\"es_ES\" \/>\n<meta property=\"og:type\" content=\"article\" \/>\n<meta property=\"og:title\" content=\"Muri\u00f3 Roberto Depietri, ex futbolista de Olimpo de Bah\u00eda Blanca, por coronavirus - Infoecos\" \/>\n<meta property=\"og:description\" content=\"Depietri integr\u00f3 el equipo de Olimpo de Bah\u00eda Blanca que por los campeonatos regionales enfrent\u00f3 a Ferro Carril Oeste de Trenque Lauquen en la d\u00e9cada del 80\" \/>\n<meta property=\"og:url\" content=\"https:\/\/infoecos.com.ar\/index.php\/murio-roberto-depietri-ex-futbolista-de-olimpo-de-bahia-blanca-por-coronavirus\/\" \/>\n<meta property=\"og:site_name\" content=\"Infoecos\" \/>\n<meta property=\"article:publisher\" content=\"https:\/\/www.facebook.com\/profile.php?id=100063200290284\" \/>\n<meta property=\"article:published_time\" content=\"2021-06-05T04:25:06+00:00\" \/>\n<meta property=\"article:modified_time\" content=\"2021-06-10T04:43:32+00:00\" \/>\n<meta property=\"og:image\" content=\"https:\/\/infoecos.com.ar\/wp-content\/uploads\/2021\/06\/depietri-2.jpg\" \/>\n\t<meta property=\"og:image:width\" content=\"1200\" \/>\n\t<meta property=\"og:image:height\" content=\"720\" \/>\n\t<meta property=\"og:image:type\" content=\"image\/jpeg\" \/>\n<meta name=\"author\" content=\"Jorge Matheus\" \/>\n<meta name=\"twitter:card\" content=\"summary_large_image\" \/>\n<meta name=\"twitter:creator\" content=\"@infoecos\" \/>\n<meta name=\"twitter:site\" content=\"@infoecos\" \/>\n<meta name=\"twitter:label1\" content=\"Escrito por\" \/>\n\t<meta name=\"twitter:data1\" content=\"Jorge Matheus\" \/>\n\t<meta name=\"twitter:label2\" content=\"Tiempo de lectura\" \/>\n\t<meta name=\"twitter:data2\" content=\"1 minuto\" \/>\n<script type=\"application\/ld+json\" class=\"yoast-schema-graph\">{\"@context\":\"https:\/\/schema.org\",\"@graph\":[{\"@type\":\"Article\",\"@id\":\"https:\/\/infoecos.com.ar\/index.php\/murio-roberto-depietri-ex-futbolista-de-olimpo-de-bahia-blanca-por-coronavirus\/#article\",\"isPartOf\":{\"@id\":\"https:\/\/infoecos.com.ar\/index.php\/murio-roberto-depietri-ex-futbolista-de-olimpo-de-bahia-blanca-por-coronavirus\/\"},\"author\":{\"name\":\"Jorge Matheus\",\"@id\":\"https:\/\/infoecos.com.ar\/#\/schema\/person\/8f5ace5ce73b4b4aac4b7245aee6f191\"},\"headline\":\"Muri\u00f3 Roberto Depietri, ex futbolista de Olimpo de Bah\u00eda Blanca, por coronavirus\",\"datePublished\":\"2021-06-05T04:25:06+00:00\",\"dateModified\":\"2021-06-10T04:43:32+00:00\",\"mainEntityOfPage\":{\"@id\":\"https:\/\/infoecos.com.ar\/index.php\/murio-roberto-depietri-ex-futbolista-de-olimpo-de-bahia-blanca-por-coronavirus\/\"},\"wordCount\":244,\"publisher\":{\"@id\":\"https:\/\/infoecos.com.ar\/#organization\"},\"image\":{\"@id\":\"https:\/\/infoecos.com.ar\/index.php\/murio-roberto-depietri-ex-futbolista-de-olimpo-de-bahia-blanca-por-coronavirus\/#primaryimage\"},\"thumbnailUrl\":\"https:\/\/infoecos.com.ar\/wp-content\/uploads\/2021\/06\/depietri-2.jpg\",\"keywords\":[\"SE DESTAC\u00d3 A NIVEL REGIONAL-NACIONAL E INTERNACIONAL\"],\"articleSection\":[\"Bloque inferior - 16\"],\"inLanguage\":\"es\"},{\"@type\":\"WebPage\",\"@id\":\"https:\/\/infoecos.com.ar\/index.php\/murio-roberto-depietri-ex-futbolista-de-olimpo-de-bahia-blanca-por-coronavirus\/\",\"url\":\"https:\/\/infoecos.com.ar\/index.php\/murio-roberto-depietri-ex-futbolista-de-olimpo-de-bahia-blanca-por-coronavirus\/\",\"name\":\"Muri\u00f3 Roberto Depietri, ex futbolista de Olimpo de Bah\u00eda Blanca, por coronavirus - Infoecos\",\"isPartOf\":{\"@id\":\"https:\/\/infoecos.com.ar\/#website\"},\"primaryImageOfPage\":{\"@id\":\"https:\/\/infoecos.com.ar\/index.php\/murio-roberto-depietri-ex-futbolista-de-olimpo-de-bahia-blanca-por-coronavirus\/#primaryimage\"},\"image\":{\"@id\":\"https:\/\/infoecos.com.ar\/index.php\/murio-roberto-depietri-ex-futbolista-de-olimpo-de-bahia-blanca-por-coronavirus\/#primaryimage\"},\"thumbnailUrl\":\"https:\/\/infoecos.com.ar\/wp-content\/uploads\/2021\/06\/depietri-2.jpg\",\"datePublished\":\"2021-06-05T04:25:06+00:00\",\"dateModified\":\"2021-06-10T04:43:32+00:00\",\"breadcrumb\":{\"@id\":\"https:\/\/infoecos.com.ar\/index.php\/murio-roberto-depietri-ex-futbolista-de-olimpo-de-bahia-blanca-por-coronavirus\/#breadcrumb\"},\"inLanguage\":\"es\",\"potentialAction\":[{\"@type\":\"ReadAction\",\"target\":[\"https:\/\/infoecos.com.ar\/index.php\/murio-roberto-depietri-ex-futbolista-de-olimpo-de-bahia-blanca-por-coronavirus\/\"]}]},{\"@type\":\"ImageObject\",\"inLanguage\":\"es\",\"@id\":\"https:\/\/infoecos.com.ar\/index.php\/murio-roberto-depietri-ex-futbolista-de-olimpo-de-bahia-blanca-por-coronavirus\/#primaryimage\",\"url\":\"https:\/\/infoecos.com.ar\/wp-content\/uploads\/2021\/06\/depietri-2.jpg\",\"contentUrl\":\"https:\/\/infoecos.com.ar\/wp-content\/uploads\/2021\/06\/depietri-2.jpg\",\"width\":1200,\"height\":720},{\"@type\":\"BreadcrumbList\",\"@id\":\"https:\/\/infoecos.com.ar\/index.php\/murio-roberto-depietri-ex-futbolista-de-olimpo-de-bahia-blanca-por-coronavirus\/#breadcrumb\",\"itemListElement\":[{\"@type\":\"ListItem\",\"position\":1,\"name\":\"Portada\",\"item\":\"https:\/\/infoecos.com.ar\/\"},{\"@type\":\"ListItem\",\"position\":2,\"name\":\"Muri\u00f3 Roberto Depietri, ex futbolista de Olimpo de Bah\u00eda Blanca, por coronavirus\"}]},{\"@type\":\"WebSite\",\"@id\":\"https:\/\/infoecos.com.ar\/#website\",\"url\":\"https:\/\/infoecos.com.ar\/\",\"name\":\"Infoecos\",\"description\":\"Noticias de trenque lauquen y la zona\",\"publisher\":{\"@id\":\"https:\/\/infoecos.com.ar\/#organization\"},\"alternateName\":\"Noticias\",\"potentialAction\":[{\"@type\":\"SearchAction\",\"target\":{\"@type\":\"EntryPoint\",\"urlTemplate\":\"https:\/\/infoecos.com.ar\/?s={search_term_string}\"},\"query-input\":{\"@type\":\"PropertyValueSpecification\",\"valueRequired\":true,\"valueName\":\"search_term_string\"}}],\"inLanguage\":\"es\"},{\"@type\":\"Organization\",\"@id\":\"https:\/\/infoecos.com.ar\/#organization\",\"name\":\"Infoecos\",\"alternateName\":\"Noticias\",\"url\":\"https:\/\/infoecos.com.ar\/\",\"logo\":{\"@type\":\"ImageObject\",\"inLanguage\":\"es\",\"@id\":\"https:\/\/infoecos.com.ar\/#\/schema\/logo\/image\/\",\"url\":\"https:\/\/infoecos.com.ar\/wp-content\/uploads\/2024\/03\/cropped-logo.png\",\"contentUrl\":\"https:\/\/infoecos.com.ar\/wp-content\/uploads\/2024\/03\/cropped-logo.png\",\"width\":374,\"height\":90,\"caption\":\"Infoecos\"},\"image\":{\"@id\":\"https:\/\/infoecos.com.ar\/#\/schema\/logo\/image\/\"},\"sameAs\":[\"https:\/\/www.facebook.com\/profile.php?id=100063200290284\",\"https:\/\/x.com\/infoecos\"]},{\"@type\":\"Person\",\"@id\":\"https:\/\/infoecos.com.ar\/#\/schema\/person\/8f5ace5ce73b4b4aac4b7245aee6f191\",\"name\":\"Jorge Matheus\",\"url\":\"https:\/\/infoecos.com.ar\/index.php\/author\/jomatheus\/\"}]}<\/script>\n<!-- \/ Yoast SEO plugin. -->","yoast_head_json":{"title":"Muri\u00f3 Roberto Depietri, ex futbolista de Olimpo de Bah\u00eda Blanca, por coronavirus - Infoecos","robots":{"index":"index","follow":"follow","max-snippet":"max-snippet:-1","max-image-preview":"max-image-preview:large","max-video-preview":"max-video-preview:-1"},"canonical":"https:\/\/infoecos.com.ar\/index.php\/murio-roberto-depietri-ex-futbolista-de-olimpo-de-bahia-blanca-por-coronavirus\/","og_locale":"es_ES","og_type":"article","og_title":"Muri\u00f3 Roberto Depietri, ex futbolista de Olimpo de Bah\u00eda Blanca, por coronavirus - Infoecos","og_description":"Depietri integr\u00f3 el equipo de Olimpo de Bah\u00eda Blanca que por los campeonatos regionales enfrent\u00f3 a Ferro Carril Oeste de Trenque Lauquen en la d\u00e9cada del 80","og_url":"https:\/\/infoecos.com.ar\/index.php\/murio-roberto-depietri-ex-futbolista-de-olimpo-de-bahia-blanca-por-coronavirus\/","og_site_name":"Infoecos","article_publisher":"https:\/\/www.facebook.com\/profile.php?id=100063200290284","article_published_time":"2021-06-05T04:25:06+00:00","article_modified_time":"2021-06-10T04:43:32+00:00","og_image":[{"width":1200,"height":720,"url":"https:\/\/infoecos.com.ar\/wp-content\/uploads\/2021\/06\/depietri-2.jpg","type":"image\/jpeg"}],"author":"Jorge Matheus","twitter_card":"summary_large_image","twitter_creator":"@infoecos","twitter_site":"@infoecos","twitter_misc":{"Escrito por":"Jorge Matheus","Tiempo de lectura":"1 minuto"},"schema":{"@context":"https:\/\/schema.org","@graph":[{"@type":"Article","@id":"https:\/\/infoecos.com.ar\/index.php\/murio-roberto-depietri-ex-futbolista-de-olimpo-de-bahia-blanca-por-coronavirus\/#article","isPartOf":{"@id":"https:\/\/infoecos.com.ar\/index.php\/murio-roberto-depietri-ex-futbolista-de-olimpo-de-bahia-blanca-por-coronavirus\/"},"author":{"name":"Jorge Matheus","@id":"https:\/\/infoecos.com.ar\/#\/schema\/person\/8f5ace5ce73b4b4aac4b7245aee6f191"},"headline":"Muri\u00f3 Roberto Depietri, ex futbolista de Olimpo de Bah\u00eda Blanca, por coronavirus","datePublished":"2021-06-05T04:25:06+00:00","dateModified":"2021-06-10T04:43:32+00:00","mainEntityOfPage":{"@id":"https:\/\/infoecos.com.ar\/index.php\/murio-roberto-depietri-ex-futbolista-de-olimpo-de-bahia-blanca-por-coronavirus\/"},"wordCount":244,"publisher":{"@id":"https:\/\/infoecos.com.ar\/#organization"},"image":{"@id":"https:\/\/infoecos.com.ar\/index.php\/murio-roberto-depietri-ex-futbolista-de-olimpo-de-bahia-blanca-por-coronavirus\/#primaryimage"},"thumbnailUrl":"https:\/\/infoecos.com.ar\/wp-content\/uploads\/2021\/06\/depietri-2.jpg","keywords":["SE DESTAC\u00d3 A NIVEL REGIONAL-NACIONAL E INTERNACIONAL"],"articleSection":["Bloque inferior - 16"],"inLanguage":"es"},{"@type":"WebPage","@id":"https:\/\/infoecos.com.ar\/index.php\/murio-roberto-depietri-ex-futbolista-de-olimpo-de-bahia-blanca-por-coronavirus\/","url":"https:\/\/infoecos.com.ar\/index.php\/murio-roberto-depietri-ex-futbolista-de-olimpo-de-bahia-blanca-por-coronavirus\/","name":"Muri\u00f3 Roberto Depietri, ex futbolista de Olimpo de Bah\u00eda Blanca, por coronavirus - Infoecos","isPartOf":{"@id":"https:\/\/infoecos.com.ar\/#website"},"primaryImageOfPage":{"@id":"https:\/\/infoecos.com.ar\/index.php\/murio-roberto-depietri-ex-futbolista-de-olimpo-de-bahia-blanca-por-coronavirus\/#primaryimage"},"image":{"@id":"https:\/\/infoecos.com.ar\/index.php\/murio-roberto-depietri-ex-futbolista-de-olimpo-de-bahia-blanca-por-coronavirus\/#primaryimage"},"thumbnailUrl":"https:\/\/infoecos.com.ar\/wp-content\/uploads\/2021\/06\/depietri-2.jpg","datePublished":"2021-06-05T04:25:06+00:00","dateModified":"2021-06-10T04:43:32+00:00","breadcrumb":{"@id":"https:\/\/infoecos.com.ar\/index.php\/murio-roberto-depietri-ex-futbolista-de-olimpo-de-bahia-blanca-por-coronavirus\/#breadcrumb"},"inLanguage":"es","potentialAction":[{"@type":"ReadAction","target":["https:\/\/infoecos.com.ar\/index.php\/murio-roberto-depietri-ex-futbolista-de-olimpo-de-bahia-blanca-por-coronavirus\/"]}]},{"@type":"ImageObject","inLanguage":"es","@id":"https:\/\/infoecos.com.ar\/index.php\/murio-roberto-depietri-ex-futbolista-de-olimpo-de-bahia-blanca-por-coronavirus\/#primaryimage","url":"https:\/\/infoecos.com.ar\/wp-content\/uploads\/2021\/06\/depietri-2.jpg","contentUrl":"https:\/\/infoecos.com.ar\/wp-content\/uploads\/2021\/06\/depietri-2.jpg","width":1200,"height":720},{"@type":"BreadcrumbList","@id":"https:\/\/infoecos.com.ar\/index.php\/murio-roberto-depietri-ex-futbolista-de-olimpo-de-bahia-blanca-por-coronavirus\/#breadcrumb","itemListElement":[{"@type":"ListItem","position":1,"name":"Portada","item":"https:\/\/infoecos.com.ar\/"},{"@type":"ListItem","position":2,"name":"Muri\u00f3 Roberto Depietri, ex futbolista de Olimpo de Bah\u00eda Blanca, por coronavirus"}]},{"@type":"WebSite","@id":"https:\/\/infoecos.com.ar\/#website","url":"https:\/\/infoecos.com.ar\/","name":"Infoecos","description":"Noticias de trenque lauquen y la zona","publisher":{"@id":"https:\/\/infoecos.com.ar\/#organization"},"alternateName":"Noticias","potentialAction":[{"@type":"SearchAction","target":{"@type":"EntryPoint","urlTemplate":"https:\/\/infoecos.com.ar\/?s={search_term_string}"},"query-input":{"@type":"PropertyValueSpecification","valueRequired":true,"valueName":"search_term_string"}}],"inLanguage":"es"},{"@type":"Organization","@id":"https:\/\/infoecos.com.ar\/#organization","name":"Infoecos","alternateName":"Noticias","url":"https:\/\/infoecos.com.ar\/","logo":{"@type":"ImageObject","inLanguage":"es","@id":"https:\/\/infoecos.com.ar\/#\/schema\/logo\/image\/","url":"https:\/\/infoecos.com.ar\/wp-content\/uploads\/2024\/03\/cropped-logo.png","contentUrl":"https:\/\/infoecos.com.ar\/wp-content\/uploads\/2024\/03\/cropped-logo.png","width":374,"height":90,"caption":"Infoecos"},"image":{"@id":"https:\/\/infoecos.com.ar\/#\/schema\/logo\/image\/"},"sameAs":["https:\/\/www.facebook.com\/profile.php?id=100063200290284","https:\/\/x.com\/infoecos"]},{"@type":"Person","@id":"https:\/\/infoecos.com.ar\/#\/schema\/person\/8f5ace5ce73b4b4aac4b7245aee6f191","name":"Jorge Matheus","url":"https:\/\/infoecos.com.ar\/index.php\/author\/jomatheus\/"}]}},"featured_image_urls":{"full":["https:\/\/infoecos.com.ar\/wp-content\/uploads\/2021\/06\/depietri-2.jpg",1200,720,false],"thumbnail":["https:\/\/infoecos.com.ar\/wp-content\/uploads\/2021\/06\/depietri-2-150x150.jpg",150,150,true],"medium":["https:\/\/infoecos.com.ar\/wp-content\/uploads\/2021\/06\/depietri-2-460x276.jpg",460,276,true],"medium_large":["https:\/\/infoecos.com.ar\/wp-content\/uploads\/2021\/06\/depietri-2-768x461.jpg",640,384,true],"large":["https:\/\/infoecos.com.ar\/wp-content\/uploads\/2021\/06\/depietri-2-920x552.jpg",640,384,true],"1536x1536":["https:\/\/infoecos.com.ar\/wp-content\/uploads\/2021\/06\/depietri-2.jpg",1200,720,false],"2048x2048":["https:\/\/infoecos.com.ar\/wp-content\/uploads\/2021\/06\/depietri-2.jpg",1200,720,false],"covernews-slider-full":["https:\/\/infoecos.com.ar\/wp-content\/uploads\/2021\/06\/depietri-2.jpg",1115,669,false],"covernews-slider-center":["https:\/\/infoecos.com.ar\/wp-content\/uploads\/2021\/06\/depietri-2-936x720.jpg",650,500,true],"covernews-featured":["https:\/\/infoecos.com.ar\/wp-content\/uploads\/2021\/06\/depietri-2-1024x614.jpg",1024,614,true],"covernews-medium":["https:\/\/infoecos.com.ar\/wp-content\/uploads\/2021\/06\/depietri-2-720x380.jpg",540,285,true],"covernews-medium-square":["https:\/\/infoecos.com.ar\/wp-content\/uploads\/2021\/06\/depietri-2-675x450.jpg",375,250,true]},"author_info":{"info":["Jorge Matheus"]},"category_info":"<a href=\"https:\/\/infoecos.com.ar\/index.php\/category\/inferior16\/\" rel=\"category tag\">Bloque inferior - 16<\/a>","tag_info":"Bloque inferior - 16","comment_count":"0","_links":{"self":[{"href":"https:\/\/infoecos.com.ar\/index.php\/wp-json\/wp\/v2\/posts\/79254"}],"collection":[{"href":"https:\/\/infoecos.com.ar\/index.php\/wp-json\/wp\/v2\/posts"}],"about":[{"href":"https:\/\/infoecos.com.ar\/index.php\/wp-json\/wp\/v2\/types\/post"}],"author":[{"embeddable":true,"href":"https:\/\/infoecos.com.ar\/index.php\/wp-json\/wp\/v2\/users\/2"}],"replies":[{"embeddable":true,"href":"https:\/\/infoecos.com.ar\/index.php\/wp-json\/wp\/v2\/comments?post=79254"}],"version-history":[{"count":1,"href":"https:\/\/infoecos.com.ar\/index.php\/wp-json\/wp\/v2\/posts\/79254\/revisions"}],"predecessor-version":[{"id":79256,"href":"https:\/\/infoecos.com.ar\/index.php\/wp-json\/wp\/v2\/posts\/79254\/revisions\/79256"}],"wp:featuredmedia":[{"embeddable":true,"href":"https:\/\/infoecos.com.ar\/index.php\/wp-json\/wp\/v2\/media\/79255"}],"wp:attachment":[{"href":"https:\/\/infoecos.com.ar\/index.php\/wp-json\/wp\/v2\/media?parent=79254"}],"wp:term":[{"taxonomy":"category","embeddable":true,"href":"https:\/\/infoecos.com.ar\/index.php\/wp-json\/wp\/v2\/categories?post=79254"},{"taxonomy":"post_tag","embeddable":true,"href":"https:\/\/infoecos.com.ar\/index.php\/wp-json\/wp\/v2\/tags?post=79254"}],"curies":[{"name":"wp","href":"https:\/\/api.w.org\/{rel}","templated":true}]}}