{"id":79262,"date":"2021-06-05T01:50:44","date_gmt":"2021-06-05T04:50:44","guid":{"rendered":"http:\/\/infoecos.com.ar\/?p=79262"},"modified":"2021-06-10T01:36:26","modified_gmt":"2021-06-10T04:36:26","slug":"la-anses-realizo-en-mayo-464-080-tramites-entre-jubilaciones-pensiones-asignaciones-universales-y-familiares-y-otros-beneficios","status":"publish","type":"post","link":"https:\/\/infoecos.com.ar\/index.php\/la-anses-realizo-en-mayo-464-080-tramites-entre-jubilaciones-pensiones-asignaciones-universales-y-familiares-y-otros-beneficios\/","title":{"rendered":"La ANSES realiz\u00f3 en mayo 464.080 tr\u00e1mites entre jubilaciones, pensiones, Asignaciones Universales y Familiares y otros beneficios"},"content":{"rendered":"\n<p class=\"wp-block-paragraph\">En la provincia de Buenos Aires y mediante los distintos canales de atenci\u00f3n que posee, -presencial y virtual-, la ANSES realiz\u00f3 en mayo&nbsp;<strong>464.080 tr\u00e1mites<\/strong>&nbsp;entre jubilaciones, pensiones, Asignaciones Universales y Familiares y otros beneficios. As\u00ed, el organismo resolvi\u00f3&nbsp;<strong>21.824<\/strong>&nbsp;expedientes previsionales, de los cuales&nbsp;<strong>16.882<\/strong>&nbsp;corresponden a nuevas jubilaciones y pensiones que se incorporan al sistema integral en el mencionado mes.<\/p>\n\n\n\n<div class=\"wp-block-image\"><figure class=\"aligncenter size-medium\"><img loading=\"lazy\" decoding=\"async\" width=\"460\" height=\"306\" src=\"http:\/\/infoecos.com.ar\/wp-content\/uploads\/2021\/06\/Fernanda-Raverta_ANSES-460x306.jpeg\" alt=\"\" class=\"wp-image-79263\" srcset=\"https:\/\/infoecos.com.ar\/wp-content\/uploads\/2021\/06\/Fernanda-Raverta_ANSES-460x306.jpeg 460w, https:\/\/infoecos.com.ar\/wp-content\/uploads\/2021\/06\/Fernanda-Raverta_ANSES-920x613.jpeg 920w, https:\/\/infoecos.com.ar\/wp-content\/uploads\/2021\/06\/Fernanda-Raverta_ANSES-768x512.jpeg 768w, https:\/\/infoecos.com.ar\/wp-content\/uploads\/2021\/06\/Fernanda-Raverta_ANSES-675x450.jpeg 675w, https:\/\/infoecos.com.ar\/wp-content\/uploads\/2021\/06\/Fernanda-Raverta_ANSES.jpeg 1024w\" sizes=\"auto, (max-width: 460px) 100vw, 460px\" \/><\/figure><\/div>\n\n\n\n<p class=\"wp-block-paragraph\">Al respecto, la directora ejecutiva,&nbsp;<strong>Fernanda Raverta<\/strong>, afirm\u00f3: <strong>\u201cPara nosotros es un gran orgullo haber llegado al mill\u00f3n de tr\u00e1mites resueltos en todo el pa\u00eds y a m\u00e1s de 464 mil en Buenos Aires, porque quiere decir que m\u00e1s argentinos y argentinas fueron alcanzados por la Seguridad Social. En este contexto, m\u00e1s que nunca, es vital que la ANSES acompa\u00f1e a cada persona que lo necesite y que lo haga de manera eficiente y emp\u00e1tica\u201d.<\/strong><\/p>\n\n\n\n<p class=\"wp-block-paragraph\">En la modalidad presencial, el organismo recibi\u00f3 en sus delegaciones bonaerenses a&nbsp;<strong>277.733<\/strong>&nbsp;personas, quienes realizaron&nbsp;<strong>344.757&nbsp;<\/strong>tr\u00e1mites de tipo integrales y previsionales.<\/p>\n\n\n\n<p class=\"wp-block-paragraph\">Por su parte, el canal de&nbsp;<em>Atenci\u00f3n Virtual<\/em>&nbsp;que funciona en&nbsp;<a rel=\"noreferrer noopener\" href=\"http:\/\/www.anses.gob.ar\/informacion\/atencion-virtual\" target=\"_blank\">www.anses.gob.ar\/informacion\/atencion-virtual<\/a>&nbsp;con la Clave de la Seguridad Social resolvi\u00f3&nbsp;<strong>119.323<\/strong>&nbsp;gestiones.<\/p>\n","protected":false},"excerpt":{"rendered":"<p>La directora ejecutiva, Fernanda Raverta, afirm\u00f3: \u201cPara nosotros es un gran orgullo haber llegado al mill\u00f3n de tr\u00e1mites resueltos en todo el pa\u00eds y a m\u00e1s de 464 mil en Buenos Aires<\/p>\n","protected":false},"author":2,"featured_media":79263,"comment_status":"closed","ping_status":"open","sticky":false,"template":"","format":"standard","meta":{"footnotes":""},"categories":[44],"tags":[2775],"class_list":["post-79262","post","type-post","status-publish","format-standard","has-post-thumbnail","hentry","category-inferior5","tag-en-provincia-de-buenos-aires"],"featured_image_urls":{"full":["https:\/\/infoecos.com.ar\/wp-content\/uploads\/2021\/06\/Fernanda-Raverta_ANSES.jpeg",1024,682,false],"thumbnail":["https:\/\/infoecos.com.ar\/wp-content\/uploads\/2021\/06\/Fernanda-Raverta_ANSES-150x150.jpeg",150,150,true],"medium":["https:\/\/infoecos.com.ar\/wp-content\/uploads\/2021\/06\/Fernanda-Raverta_ANSES-460x306.jpeg",460,306,true],"medium_large":["https:\/\/infoecos.com.ar\/wp-content\/uploads\/2021\/06\/Fernanda-Raverta_ANSES-768x512.jpeg",640,427,true],"large":["https:\/\/infoecos.com.ar\/wp-content\/uploads\/2021\/06\/Fernanda-Raverta_ANSES-920x613.jpeg",640,426,true],"1536x1536":["https:\/\/infoecos.com.ar\/wp-content\/uploads\/2021\/06\/Fernanda-Raverta_ANSES.jpeg",1024,682,false],"2048x2048":["https:\/\/infoecos.com.ar\/wp-content\/uploads\/2021\/06\/Fernanda-Raverta_ANSES.jpeg",1024,682,false],"covernews-slider-full":["https:\/\/infoecos.com.ar\/wp-content\/uploads\/2021\/06\/Fernanda-Raverta_ANSES.jpeg",1024,682,false],"covernews-slider-center":["https:\/\/infoecos.com.ar\/wp-content\/uploads\/2021\/06\/Fernanda-Raverta_ANSES-936x682.jpeg",686,500,true],"covernews-featured":["https:\/\/infoecos.com.ar\/wp-content\/uploads\/2021\/06\/Fernanda-Raverta_ANSES.jpeg",1024,682,false],"covernews-medium":["https:\/\/infoecos.com.ar\/wp-content\/uploads\/2021\/06\/Fernanda-Raverta_ANSES-720x380.jpeg",540,285,true],"covernews-medium-square":["https:\/\/infoecos.com.ar\/wp-content\/uploads\/2021\/06\/Fernanda-Raverta_ANSES-675x450.jpeg",375,250,true]},"author_info":{"info":["Jorge Matheus"]},"category_info":"<a href=\"https:\/\/infoecos.com.ar\/index.php\/category\/inferior5\/\" rel=\"category tag\">Bloque inferior - 5<\/a>","tag_info":"Bloque inferior - 5","comment_count":"0","_links":{"self":[{"href":"https:\/\/infoecos.com.ar\/index.php\/wp-json\/wp\/v2\/posts\/79262","targetHints":{"allow":["GET"]}}],"collection":[{"href":"https:\/\/infoecos.com.ar\/index.php\/wp-json\/wp\/v2\/posts"}],"about":[{"href":"https:\/\/infoecos.com.ar\/index.php\/wp-json\/wp\/v2\/types\/post"}],"author":[{"embeddable":true,"href":"https:\/\/infoecos.com.ar\/index.php\/wp-json\/wp\/v2\/users\/2"}],"replies":[{"embeddable":true,"href":"https:\/\/infoecos.com.ar\/index.php\/wp-json\/wp\/v2\/comments?post=79262"}],"version-history":[{"count":2,"href":"https:\/\/infoecos.com.ar\/index.php\/wp-json\/wp\/v2\/posts\/79262\/revisions"}],"predecessor-version":[{"id":79265,"href":"https:\/\/infoecos.com.ar\/index.php\/wp-json\/wp\/v2\/posts\/79262\/revisions\/79265"}],"wp:featuredmedia":[{"embeddable":true,"href":"https:\/\/infoecos.com.ar\/index.php\/wp-json\/wp\/v2\/media\/79263"}],"wp:attachment":[{"href":"https:\/\/infoecos.com.ar\/index.php\/wp-json\/wp\/v2\/media?parent=79262"}],"wp:term":[{"taxonomy":"category","embeddable":true,"href":"https:\/\/infoecos.com.ar\/index.php\/wp-json\/wp\/v2\/categories?post=79262"},{"taxonomy":"post_tag","embeddable":true,"href":"https:\/\/infoecos.com.ar\/index.php\/wp-json\/wp\/v2\/tags?post=79262"}],"curies":[{"name":"wp","href":"https:\/\/api.w.org\/{rel}","templated":true}]}}