{"id":79291,"date":"2021-06-06T01:29:18","date_gmt":"2021-06-06T04:29:18","guid":{"rendered":"http:\/\/infoecos.com.ar\/?p=79291"},"modified":"2021-06-10T01:34:55","modified_gmt":"2021-06-10T04:34:55","slug":"se-terminaron-las-insinuaciones-monzo-quiere-ser-gobernador-de-buenos-aires","status":"publish","type":"post","link":"https:\/\/infoecos.com.ar\/index.php\/se-terminaron-las-insinuaciones-monzo-quiere-ser-gobernador-de-buenos-aires\/","title":{"rendered":"Se terminaron las insinuaciones: Monz\u00f3 quiere ser gobernador de Buenos Aires"},"content":{"rendered":"\n<p>El ex presidente de la C\u00e1mara de Diputados,&nbsp;<strong>Emilio Monz\u00f3<\/strong>, lanz\u00f3 cr\u00edticas contra la gesti\u00f3n de&nbsp;<strong>Axel Kicillof<\/strong>&nbsp;y asegur\u00f3 que buscar\u00e1 ser gobernador de la provincia de Buenos Aires para realizar \u00ablas transformaciones que hacen falta\u00bb en el Estado bonaerense.<\/p>\n\n\n\n<p>\u00abQuiero ser gobernador de la Provincia. Se qu\u00e9 hay mucho para cambiar y nuestro principal objetivo tiene que ser convertirnos en una alternativa de gobierno\u00bb dijo el ex diputado en un programa televisivo y resalt\u00f3:&nbsp;\u00abConozco la Provincia, la siento, la quiero y estoy convencido de que puedo hacer una transformaci\u00f3n\u00bb.<\/p>\n\n\n\n<figure class=\"wp-block-embed is-type-rich is-provider-twitter wp-block-embed-twitter\"><div class=\"wp-block-embed__wrapper\">\nhttps:\/\/twitter.com\/monzoemilio\/status\/1401363995378978818\n<\/div><\/figure>\n\n\n\n<p>\u00abKicillof tiene el mismo problema de todos los gobernadores que hemos tenido, que es el no ser de la Provincia. Todos vienen de la Ciudad de Buenos Aires, y el desconocimiento hace que surfeen la realidad\u00bb, dijo Monz\u00f3.<\/p>\n\n\n\n<p>Adem\u00e1s ratific\u00f3 su pertenencia a Juntos por el Cambio y se asegur\u00f3 que \u00abno hicimos las reformas estructurales cuando fuimos gobierno. Nos equivocamos con el gradualismo. Los gobernadores peronistas estaban pintados de amarillo y podr\u00edamos haber hecho los cambios\u00bb, sentenci\u00f3.<\/p>\n\n\n\n<p>En paralelo, varios Totems publicitarios de CABA amanecieron este s\u00e1bado con carteler\u00eda de campa\u00f1a promocionando la figura del ex Legislador, que llamativamente critic\u00f3 el origen porte\u00f1o de algunos gobernadores de la provincia, pero inici\u00f3 su campa\u00f1a precisamente en CABA.<\/p>\n","protected":false},"excerpt":{"rendered":"<p>\u00abKicillof tiene el mismo problema de todos los gobernadores que hemos tenido, que es el no ser de la Provincia. Todos vienen de la Ciudad de Buenos Aires, y el desconocimiento hace que surfeen la realidad\u00bb, dijo Monz\u00f3<\/p>\n","protected":false},"author":2,"featured_media":75042,"comment_status":"closed","ping_status":"open","sticky":false,"template":"","format":"standard","meta":{"footnotes":""},"categories":[40],"tags":[1329],"class_list":["post-79291","post","type-post","status-publish","format-standard","has-post-thumbnail","hentry","category-inferior1","tag-politica-electoral"],"yoast_head":"<!-- This site is optimized with the Yoast SEO plugin v23.4 - https:\/\/yoast.com\/wordpress\/plugins\/seo\/ -->\n<title>Se terminaron las insinuaciones: Monz\u00f3 quiere ser gobernador de Buenos Aires - Infoecos<\/title>\n<meta name=\"robots\" content=\"index, follow, max-snippet:-1, max-image-preview:large, max-video-preview:-1\" \/>\n<link rel=\"canonical\" href=\"https:\/\/infoecos.com.ar\/index.php\/se-terminaron-las-insinuaciones-monzo-quiere-ser-gobernador-de-buenos-aires\/\" \/>\n<meta property=\"og:locale\" content=\"es_ES\" \/>\n<meta property=\"og:type\" content=\"article\" \/>\n<meta property=\"og:title\" content=\"Se terminaron las insinuaciones: Monz\u00f3 quiere ser gobernador de Buenos Aires - Infoecos\" \/>\n<meta property=\"og:description\" content=\"&quot;Kicillof tiene el mismo problema de todos los gobernadores que hemos tenido, que es el no ser de la Provincia. Todos vienen de la Ciudad de Buenos Aires, y el desconocimiento hace que surfeen la realidad&quot;, dijo Monz\u00f3\" \/>\n<meta property=\"og:url\" content=\"https:\/\/infoecos.com.ar\/index.php\/se-terminaron-las-insinuaciones-monzo-quiere-ser-gobernador-de-buenos-aires\/\" \/>\n<meta property=\"og:site_name\" content=\"Infoecos\" \/>\n<meta property=\"article:publisher\" content=\"https:\/\/www.facebook.com\/profile.php?id=100063200290284\" \/>\n<meta property=\"article:published_time\" content=\"2021-06-06T04:29:18+00:00\" \/>\n<meta property=\"article:modified_time\" content=\"2021-06-10T04:34:55+00:00\" \/>\n<meta property=\"og:image\" content=\"https:\/\/infoecos.com.ar\/wp-content\/uploads\/2021\/02\/monzoemilioalberti.jpg\" \/>\n\t<meta property=\"og:image:width\" content=\"960\" \/>\n\t<meta property=\"og:image:height\" content=\"700\" \/>\n\t<meta property=\"og:image:type\" content=\"image\/jpeg\" \/>\n<meta name=\"author\" content=\"Jorge Matheus\" \/>\n<meta name=\"twitter:card\" content=\"summary_large_image\" \/>\n<meta name=\"twitter:creator\" content=\"@infoecos\" \/>\n<meta name=\"twitter:site\" content=\"@infoecos\" \/>\n<meta name=\"twitter:label1\" content=\"Escrito por\" \/>\n\t<meta name=\"twitter:data1\" content=\"Jorge Matheus\" \/>\n\t<meta name=\"twitter:label2\" content=\"Tiempo de lectura\" \/>\n\t<meta name=\"twitter:data2\" content=\"1 minuto\" \/>\n<script type=\"application\/ld+json\" class=\"yoast-schema-graph\">{\"@context\":\"https:\/\/schema.org\",\"@graph\":[{\"@type\":\"Article\",\"@id\":\"https:\/\/infoecos.com.ar\/index.php\/se-terminaron-las-insinuaciones-monzo-quiere-ser-gobernador-de-buenos-aires\/#article\",\"isPartOf\":{\"@id\":\"https:\/\/infoecos.com.ar\/index.php\/se-terminaron-las-insinuaciones-monzo-quiere-ser-gobernador-de-buenos-aires\/\"},\"author\":{\"name\":\"Jorge Matheus\",\"@id\":\"https:\/\/infoecos.com.ar\/#\/schema\/person\/8f5ace5ce73b4b4aac4b7245aee6f191\"},\"headline\":\"Se terminaron las insinuaciones: Monz\u00f3 quiere ser gobernador de Buenos Aires\",\"datePublished\":\"2021-06-06T04:29:18+00:00\",\"dateModified\":\"2021-06-10T04:34:55+00:00\",\"mainEntityOfPage\":{\"@id\":\"https:\/\/infoecos.com.ar\/index.php\/se-terminaron-las-insinuaciones-monzo-quiere-ser-gobernador-de-buenos-aires\/\"},\"wordCount\":240,\"publisher\":{\"@id\":\"https:\/\/infoecos.com.ar\/#organization\"},\"image\":{\"@id\":\"https:\/\/infoecos.com.ar\/index.php\/se-terminaron-las-insinuaciones-monzo-quiere-ser-gobernador-de-buenos-aires\/#primaryimage\"},\"thumbnailUrl\":\"https:\/\/infoecos.com.ar\/wp-content\/uploads\/2021\/02\/monzoemilioalberti.jpg\",\"keywords\":[\"POL\u00cdTICA ELECTORAL\"],\"articleSection\":[\"Bloque inferior - 1\"],\"inLanguage\":\"es\"},{\"@type\":\"WebPage\",\"@id\":\"https:\/\/infoecos.com.ar\/index.php\/se-terminaron-las-insinuaciones-monzo-quiere-ser-gobernador-de-buenos-aires\/\",\"url\":\"https:\/\/infoecos.com.ar\/index.php\/se-terminaron-las-insinuaciones-monzo-quiere-ser-gobernador-de-buenos-aires\/\",\"name\":\"Se terminaron las insinuaciones: Monz\u00f3 quiere ser gobernador de Buenos Aires - Infoecos\",\"isPartOf\":{\"@id\":\"https:\/\/infoecos.com.ar\/#website\"},\"primaryImageOfPage\":{\"@id\":\"https:\/\/infoecos.com.ar\/index.php\/se-terminaron-las-insinuaciones-monzo-quiere-ser-gobernador-de-buenos-aires\/#primaryimage\"},\"image\":{\"@id\":\"https:\/\/infoecos.com.ar\/index.php\/se-terminaron-las-insinuaciones-monzo-quiere-ser-gobernador-de-buenos-aires\/#primaryimage\"},\"thumbnailUrl\":\"https:\/\/infoecos.com.ar\/wp-content\/uploads\/2021\/02\/monzoemilioalberti.jpg\",\"datePublished\":\"2021-06-06T04:29:18+00:00\",\"dateModified\":\"2021-06-10T04:34:55+00:00\",\"breadcrumb\":{\"@id\":\"https:\/\/infoecos.com.ar\/index.php\/se-terminaron-las-insinuaciones-monzo-quiere-ser-gobernador-de-buenos-aires\/#breadcrumb\"},\"inLanguage\":\"es\",\"potentialAction\":[{\"@type\":\"ReadAction\",\"target\":[\"https:\/\/infoecos.com.ar\/index.php\/se-terminaron-las-insinuaciones-monzo-quiere-ser-gobernador-de-buenos-aires\/\"]}]},{\"@type\":\"ImageObject\",\"inLanguage\":\"es\",\"@id\":\"https:\/\/infoecos.com.ar\/index.php\/se-terminaron-las-insinuaciones-monzo-quiere-ser-gobernador-de-buenos-aires\/#primaryimage\",\"url\":\"https:\/\/infoecos.com.ar\/wp-content\/uploads\/2021\/02\/monzoemilioalberti.jpg\",\"contentUrl\":\"https:\/\/infoecos.com.ar\/wp-content\/uploads\/2021\/02\/monzoemilioalberti.jpg\",\"width\":960,\"height\":700},{\"@type\":\"BreadcrumbList\",\"@id\":\"https:\/\/infoecos.com.ar\/index.php\/se-terminaron-las-insinuaciones-monzo-quiere-ser-gobernador-de-buenos-aires\/#breadcrumb\",\"itemListElement\":[{\"@type\":\"ListItem\",\"position\":1,\"name\":\"Portada\",\"item\":\"https:\/\/infoecos.com.ar\/\"},{\"@type\":\"ListItem\",\"position\":2,\"name\":\"Se terminaron las insinuaciones: Monz\u00f3 quiere ser gobernador de Buenos Aires\"}]},{\"@type\":\"WebSite\",\"@id\":\"https:\/\/infoecos.com.ar\/#website\",\"url\":\"https:\/\/infoecos.com.ar\/\",\"name\":\"Infoecos\",\"description\":\"Noticias de trenque lauquen y la zona\",\"publisher\":{\"@id\":\"https:\/\/infoecos.com.ar\/#organization\"},\"alternateName\":\"Noticias\",\"potentialAction\":[{\"@type\":\"SearchAction\",\"target\":{\"@type\":\"EntryPoint\",\"urlTemplate\":\"https:\/\/infoecos.com.ar\/?s={search_term_string}\"},\"query-input\":{\"@type\":\"PropertyValueSpecification\",\"valueRequired\":true,\"valueName\":\"search_term_string\"}}],\"inLanguage\":\"es\"},{\"@type\":\"Organization\",\"@id\":\"https:\/\/infoecos.com.ar\/#organization\",\"name\":\"Infoecos\",\"alternateName\":\"Noticias\",\"url\":\"https:\/\/infoecos.com.ar\/\",\"logo\":{\"@type\":\"ImageObject\",\"inLanguage\":\"es\",\"@id\":\"https:\/\/infoecos.com.ar\/#\/schema\/logo\/image\/\",\"url\":\"https:\/\/infoecos.com.ar\/wp-content\/uploads\/2024\/03\/cropped-logo.png\",\"contentUrl\":\"https:\/\/infoecos.com.ar\/wp-content\/uploads\/2024\/03\/cropped-logo.png\",\"width\":374,\"height\":90,\"caption\":\"Infoecos\"},\"image\":{\"@id\":\"https:\/\/infoecos.com.ar\/#\/schema\/logo\/image\/\"},\"sameAs\":[\"https:\/\/www.facebook.com\/profile.php?id=100063200290284\",\"https:\/\/x.com\/infoecos\"]},{\"@type\":\"Person\",\"@id\":\"https:\/\/infoecos.com.ar\/#\/schema\/person\/8f5ace5ce73b4b4aac4b7245aee6f191\",\"name\":\"Jorge Matheus\",\"url\":\"https:\/\/infoecos.com.ar\/index.php\/author\/jomatheus\/\"}]}<\/script>\n<!-- \/ Yoast SEO plugin. -->","yoast_head_json":{"title":"Se terminaron las insinuaciones: Monz\u00f3 quiere ser gobernador de Buenos Aires - Infoecos","robots":{"index":"index","follow":"follow","max-snippet":"max-snippet:-1","max-image-preview":"max-image-preview:large","max-video-preview":"max-video-preview:-1"},"canonical":"https:\/\/infoecos.com.ar\/index.php\/se-terminaron-las-insinuaciones-monzo-quiere-ser-gobernador-de-buenos-aires\/","og_locale":"es_ES","og_type":"article","og_title":"Se terminaron las insinuaciones: Monz\u00f3 quiere ser gobernador de Buenos Aires - Infoecos","og_description":"\"Kicillof tiene el mismo problema de todos los gobernadores que hemos tenido, que es el no ser de la Provincia. Todos vienen de la Ciudad de Buenos Aires, y el desconocimiento hace que surfeen la realidad\", dijo Monz\u00f3","og_url":"https:\/\/infoecos.com.ar\/index.php\/se-terminaron-las-insinuaciones-monzo-quiere-ser-gobernador-de-buenos-aires\/","og_site_name":"Infoecos","article_publisher":"https:\/\/www.facebook.com\/profile.php?id=100063200290284","article_published_time":"2021-06-06T04:29:18+00:00","article_modified_time":"2021-06-10T04:34:55+00:00","og_image":[{"width":960,"height":700,"url":"https:\/\/infoecos.com.ar\/wp-content\/uploads\/2021\/02\/monzoemilioalberti.jpg","type":"image\/jpeg"}],"author":"Jorge Matheus","twitter_card":"summary_large_image","twitter_creator":"@infoecos","twitter_site":"@infoecos","twitter_misc":{"Escrito por":"Jorge Matheus","Tiempo de lectura":"1 minuto"},"schema":{"@context":"https:\/\/schema.org","@graph":[{"@type":"Article","@id":"https:\/\/infoecos.com.ar\/index.php\/se-terminaron-las-insinuaciones-monzo-quiere-ser-gobernador-de-buenos-aires\/#article","isPartOf":{"@id":"https:\/\/infoecos.com.ar\/index.php\/se-terminaron-las-insinuaciones-monzo-quiere-ser-gobernador-de-buenos-aires\/"},"author":{"name":"Jorge Matheus","@id":"https:\/\/infoecos.com.ar\/#\/schema\/person\/8f5ace5ce73b4b4aac4b7245aee6f191"},"headline":"Se terminaron las insinuaciones: Monz\u00f3 quiere ser gobernador de Buenos Aires","datePublished":"2021-06-06T04:29:18+00:00","dateModified":"2021-06-10T04:34:55+00:00","mainEntityOfPage":{"@id":"https:\/\/infoecos.com.ar\/index.php\/se-terminaron-las-insinuaciones-monzo-quiere-ser-gobernador-de-buenos-aires\/"},"wordCount":240,"publisher":{"@id":"https:\/\/infoecos.com.ar\/#organization"},"image":{"@id":"https:\/\/infoecos.com.ar\/index.php\/se-terminaron-las-insinuaciones-monzo-quiere-ser-gobernador-de-buenos-aires\/#primaryimage"},"thumbnailUrl":"https:\/\/infoecos.com.ar\/wp-content\/uploads\/2021\/02\/monzoemilioalberti.jpg","keywords":["POL\u00cdTICA ELECTORAL"],"articleSection":["Bloque inferior - 1"],"inLanguage":"es"},{"@type":"WebPage","@id":"https:\/\/infoecos.com.ar\/index.php\/se-terminaron-las-insinuaciones-monzo-quiere-ser-gobernador-de-buenos-aires\/","url":"https:\/\/infoecos.com.ar\/index.php\/se-terminaron-las-insinuaciones-monzo-quiere-ser-gobernador-de-buenos-aires\/","name":"Se terminaron las insinuaciones: Monz\u00f3 quiere ser gobernador de Buenos Aires - Infoecos","isPartOf":{"@id":"https:\/\/infoecos.com.ar\/#website"},"primaryImageOfPage":{"@id":"https:\/\/infoecos.com.ar\/index.php\/se-terminaron-las-insinuaciones-monzo-quiere-ser-gobernador-de-buenos-aires\/#primaryimage"},"image":{"@id":"https:\/\/infoecos.com.ar\/index.php\/se-terminaron-las-insinuaciones-monzo-quiere-ser-gobernador-de-buenos-aires\/#primaryimage"},"thumbnailUrl":"https:\/\/infoecos.com.ar\/wp-content\/uploads\/2021\/02\/monzoemilioalberti.jpg","datePublished":"2021-06-06T04:29:18+00:00","dateModified":"2021-06-10T04:34:55+00:00","breadcrumb":{"@id":"https:\/\/infoecos.com.ar\/index.php\/se-terminaron-las-insinuaciones-monzo-quiere-ser-gobernador-de-buenos-aires\/#breadcrumb"},"inLanguage":"es","potentialAction":[{"@type":"ReadAction","target":["https:\/\/infoecos.com.ar\/index.php\/se-terminaron-las-insinuaciones-monzo-quiere-ser-gobernador-de-buenos-aires\/"]}]},{"@type":"ImageObject","inLanguage":"es","@id":"https:\/\/infoecos.com.ar\/index.php\/se-terminaron-las-insinuaciones-monzo-quiere-ser-gobernador-de-buenos-aires\/#primaryimage","url":"https:\/\/infoecos.com.ar\/wp-content\/uploads\/2021\/02\/monzoemilioalberti.jpg","contentUrl":"https:\/\/infoecos.com.ar\/wp-content\/uploads\/2021\/02\/monzoemilioalberti.jpg","width":960,"height":700},{"@type":"BreadcrumbList","@id":"https:\/\/infoecos.com.ar\/index.php\/se-terminaron-las-insinuaciones-monzo-quiere-ser-gobernador-de-buenos-aires\/#breadcrumb","itemListElement":[{"@type":"ListItem","position":1,"name":"Portada","item":"https:\/\/infoecos.com.ar\/"},{"@type":"ListItem","position":2,"name":"Se terminaron las insinuaciones: Monz\u00f3 quiere ser gobernador de Buenos Aires"}]},{"@type":"WebSite","@id":"https:\/\/infoecos.com.ar\/#website","url":"https:\/\/infoecos.com.ar\/","name":"Infoecos","description":"Noticias de trenque lauquen y la zona","publisher":{"@id":"https:\/\/infoecos.com.ar\/#organization"},"alternateName":"Noticias","potentialAction":[{"@type":"SearchAction","target":{"@type":"EntryPoint","urlTemplate":"https:\/\/infoecos.com.ar\/?s={search_term_string}"},"query-input":{"@type":"PropertyValueSpecification","valueRequired":true,"valueName":"search_term_string"}}],"inLanguage":"es"},{"@type":"Organization","@id":"https:\/\/infoecos.com.ar\/#organization","name":"Infoecos","alternateName":"Noticias","url":"https:\/\/infoecos.com.ar\/","logo":{"@type":"ImageObject","inLanguage":"es","@id":"https:\/\/infoecos.com.ar\/#\/schema\/logo\/image\/","url":"https:\/\/infoecos.com.ar\/wp-content\/uploads\/2024\/03\/cropped-logo.png","contentUrl":"https:\/\/infoecos.com.ar\/wp-content\/uploads\/2024\/03\/cropped-logo.png","width":374,"height":90,"caption":"Infoecos"},"image":{"@id":"https:\/\/infoecos.com.ar\/#\/schema\/logo\/image\/"},"sameAs":["https:\/\/www.facebook.com\/profile.php?id=100063200290284","https:\/\/x.com\/infoecos"]},{"@type":"Person","@id":"https:\/\/infoecos.com.ar\/#\/schema\/person\/8f5ace5ce73b4b4aac4b7245aee6f191","name":"Jorge Matheus","url":"https:\/\/infoecos.com.ar\/index.php\/author\/jomatheus\/"}]}},"featured_image_urls":{"full":["https:\/\/infoecos.com.ar\/wp-content\/uploads\/2021\/02\/monzoemilioalberti.jpg",960,700,false],"thumbnail":["https:\/\/infoecos.com.ar\/wp-content\/uploads\/2021\/02\/monzoemilioalberti-150x150.jpg",150,150,true],"medium":["https:\/\/infoecos.com.ar\/wp-content\/uploads\/2021\/02\/monzoemilioalberti-460x335.jpg",460,335,true],"medium_large":["https:\/\/infoecos.com.ar\/wp-content\/uploads\/2021\/02\/monzoemilioalberti-768x560.jpg",640,467,true],"large":["https:\/\/infoecos.com.ar\/wp-content\/uploads\/2021\/02\/monzoemilioalberti-920x671.jpg",640,467,true],"1536x1536":["https:\/\/infoecos.com.ar\/wp-content\/uploads\/2021\/02\/monzoemilioalberti.jpg",960,700,false],"2048x2048":["https:\/\/infoecos.com.ar\/wp-content\/uploads\/2021\/02\/monzoemilioalberti.jpg",960,700,false],"covernews-slider-full":["https:\/\/infoecos.com.ar\/wp-content\/uploads\/2021\/02\/monzoemilioalberti.jpg",960,700,false],"covernews-slider-center":["https:\/\/infoecos.com.ar\/wp-content\/uploads\/2021\/02\/monzoemilioalberti-936x700.jpg",669,500,true],"covernews-featured":["https:\/\/infoecos.com.ar\/wp-content\/uploads\/2021\/02\/monzoemilioalberti.jpg",960,700,false],"covernews-medium":["https:\/\/infoecos.com.ar\/wp-content\/uploads\/2021\/02\/monzoemilioalberti-720x380.jpg",540,285,true],"covernews-medium-square":["https:\/\/infoecos.com.ar\/wp-content\/uploads\/2021\/02\/monzoemilioalberti-675x450.jpg",375,250,true]},"author_info":{"info":["Jorge Matheus"]},"category_info":"<a href=\"https:\/\/infoecos.com.ar\/index.php\/category\/inferior1\/\" rel=\"category tag\">Bloque inferior - 1<\/a>","tag_info":"Bloque inferior - 1","comment_count":"0","_links":{"self":[{"href":"https:\/\/infoecos.com.ar\/index.php\/wp-json\/wp\/v2\/posts\/79291"}],"collection":[{"href":"https:\/\/infoecos.com.ar\/index.php\/wp-json\/wp\/v2\/posts"}],"about":[{"href":"https:\/\/infoecos.com.ar\/index.php\/wp-json\/wp\/v2\/types\/post"}],"author":[{"embeddable":true,"href":"https:\/\/infoecos.com.ar\/index.php\/wp-json\/wp\/v2\/users\/2"}],"replies":[{"embeddable":true,"href":"https:\/\/infoecos.com.ar\/index.php\/wp-json\/wp\/v2\/comments?post=79291"}],"version-history":[{"count":3,"href":"https:\/\/infoecos.com.ar\/index.php\/wp-json\/wp\/v2\/posts\/79291\/revisions"}],"predecessor-version":[{"id":79385,"href":"https:\/\/infoecos.com.ar\/index.php\/wp-json\/wp\/v2\/posts\/79291\/revisions\/79385"}],"wp:featuredmedia":[{"embeddable":true,"href":"https:\/\/infoecos.com.ar\/index.php\/wp-json\/wp\/v2\/media\/75042"}],"wp:attachment":[{"href":"https:\/\/infoecos.com.ar\/index.php\/wp-json\/wp\/v2\/media?parent=79291"}],"wp:term":[{"taxonomy":"category","embeddable":true,"href":"https:\/\/infoecos.com.ar\/index.php\/wp-json\/wp\/v2\/categories?post=79291"},{"taxonomy":"post_tag","embeddable":true,"href":"https:\/\/infoecos.com.ar\/index.php\/wp-json\/wp\/v2\/tags?post=79291"}],"curies":[{"name":"wp","href":"https:\/\/api.w.org\/{rel}","templated":true}]}}