{"id":79294,"date":"2021-06-06T01:41:34","date_gmt":"2021-06-06T04:41:34","guid":{"rendered":"http:\/\/infoecos.com.ar\/?p=79294"},"modified":"2021-06-06T01:41:36","modified_gmt":"2021-06-06T04:41:36","slug":"programa-vacunate-el-ips-inscribira-desde-este-lunes-en-todos-sus-centros-de-atencion","status":"publish","type":"post","link":"https:\/\/infoecos.com.ar\/index.php\/programa-vacunate-el-ips-inscribira-desde-este-lunes-en-todos-sus-centros-de-atencion\/","title":{"rendered":"Programa Vacunate: el IPS inscribir\u00e1 desde este lunes en todos sus centros de atenci\u00f3n"},"content":{"rendered":"\n<p class=\"wp-block-paragraph\">En el marco del programa \u00abVacunate\u00bb, el Instituto de Previsi\u00f3n Social inscribir\u00e1 desde este lunes 7 de junio a ciudadanos de toda la Provincia.&nbsp; Se realizar\u00e1 en forma presencial, en todos los CAP (Centros de Atenci\u00f3n Previsional) habilitados, en el horario de 9 a 12 horas. Los mismos se pueden verificar en&nbsp;https:\/\/www.ips.gba.gob.ar\/oficinas-atencion-CAP.html<\/p>\n\n\n\n<div class=\"wp-block-image\"><figure class=\"aligncenter size-medium\"><img loading=\"lazy\" decoding=\"async\" width=\"460\" height=\"349\" src=\"http:\/\/infoecos.com.ar\/wp-content\/uploads\/2021\/06\/vacunateips-460x349.jpeg\" alt=\"\" class=\"wp-image-79295\" srcset=\"https:\/\/infoecos.com.ar\/wp-content\/uploads\/2021\/06\/vacunateips-460x349.jpeg 460w, https:\/\/infoecos.com.ar\/wp-content\/uploads\/2021\/06\/vacunateips-920x699.jpeg 920w, https:\/\/infoecos.com.ar\/wp-content\/uploads\/2021\/06\/vacunateips-768x583.jpeg 768w, https:\/\/infoecos.com.ar\/wp-content\/uploads\/2021\/06\/vacunateips-1024x778.jpeg 1024w, https:\/\/infoecos.com.ar\/wp-content\/uploads\/2021\/06\/vacunateips.jpeg 1040w\" sizes=\"auto, (max-width: 460px) 100vw, 460px\" \/><\/figure><\/div>\n\n\n\n<p class=\"wp-block-paragraph\">Cabe aclarar que quienes ya se hayan inscripto a trav\u00e9s de la aplicaci\u00f3n o sitio web de \u201cBuenos Aires Vacunate\u201d no es necesario que lo vuelvan a hacer.<\/p>\n\n\n\n<p class=\"wp-block-paragraph\">Esta nueva modalidad apunta a sumar al programa de vacunaci\u00f3n a aquellos que por alg\u00fan motivo no hayan podido realizar la inscripci\u00f3n de forma online.<\/p>\n","protected":false},"excerpt":{"rendered":"<p>Quienes ya se hayan inscripto a trav\u00e9s de la aplicaci\u00f3n o sitio web de \u201cBuenos Aires Vacunate\u201d no es necesario que lo vuelvan a hacer<\/p>\n","protected":false},"author":2,"featured_media":79295,"comment_status":"closed","ping_status":"open","sticky":false,"template":"","format":"standard","meta":{"footnotes":""},"categories":[1614],"tags":[3309],"class_list":["post-79294","post","type-post","status-publish","format-standard","has-post-thumbnail","hentry","category-c2nota7","tag-plan-de-vacunacion-buenos-aires"],"featured_image_urls":{"full":["https:\/\/infoecos.com.ar\/wp-content\/uploads\/2021\/06\/vacunateips.jpeg",1040,790,false],"thumbnail":["https:\/\/infoecos.com.ar\/wp-content\/uploads\/2021\/06\/vacunateips-150x150.jpeg",150,150,true],"medium":["https:\/\/infoecos.com.ar\/wp-content\/uploads\/2021\/06\/vacunateips-460x349.jpeg",460,349,true],"medium_large":["https:\/\/infoecos.com.ar\/wp-content\/uploads\/2021\/06\/vacunateips-768x583.jpeg",640,486,true],"large":["https:\/\/infoecos.com.ar\/wp-content\/uploads\/2021\/06\/vacunateips-920x699.jpeg",640,486,true],"1536x1536":["https:\/\/infoecos.com.ar\/wp-content\/uploads\/2021\/06\/vacunateips.jpeg",1040,790,false],"2048x2048":["https:\/\/infoecos.com.ar\/wp-content\/uploads\/2021\/06\/vacunateips.jpeg",1040,790,false],"covernews-slider-full":["https:\/\/infoecos.com.ar\/wp-content\/uploads\/2021\/06\/vacunateips.jpeg",941,715,false],"covernews-slider-center":["https:\/\/infoecos.com.ar\/wp-content\/uploads\/2021\/06\/vacunateips-936x790.jpeg",592,500,true],"covernews-featured":["https:\/\/infoecos.com.ar\/wp-content\/uploads\/2021\/06\/vacunateips-1024x778.jpeg",1024,778,true],"covernews-medium":["https:\/\/infoecos.com.ar\/wp-content\/uploads\/2021\/06\/vacunateips-720x380.jpeg",540,285,true],"covernews-medium-square":["https:\/\/infoecos.com.ar\/wp-content\/uploads\/2021\/06\/vacunateips-675x450.jpeg",375,250,true]},"author_info":{"info":["Jorge Matheus"]},"category_info":"<a href=\"https:\/\/infoecos.com.ar\/index.php\/category\/c2nota7\/\" rel=\"category tag\">C2 N7<\/a>","tag_info":"C2 N7","comment_count":"0","_links":{"self":[{"href":"https:\/\/infoecos.com.ar\/index.php\/wp-json\/wp\/v2\/posts\/79294","targetHints":{"allow":["GET"]}}],"collection":[{"href":"https:\/\/infoecos.com.ar\/index.php\/wp-json\/wp\/v2\/posts"}],"about":[{"href":"https:\/\/infoecos.com.ar\/index.php\/wp-json\/wp\/v2\/types\/post"}],"author":[{"embeddable":true,"href":"https:\/\/infoecos.com.ar\/index.php\/wp-json\/wp\/v2\/users\/2"}],"replies":[{"embeddable":true,"href":"https:\/\/infoecos.com.ar\/index.php\/wp-json\/wp\/v2\/comments?post=79294"}],"version-history":[{"count":1,"href":"https:\/\/infoecos.com.ar\/index.php\/wp-json\/wp\/v2\/posts\/79294\/revisions"}],"predecessor-version":[{"id":79296,"href":"https:\/\/infoecos.com.ar\/index.php\/wp-json\/wp\/v2\/posts\/79294\/revisions\/79296"}],"wp:featuredmedia":[{"embeddable":true,"href":"https:\/\/infoecos.com.ar\/index.php\/wp-json\/wp\/v2\/media\/79295"}],"wp:attachment":[{"href":"https:\/\/infoecos.com.ar\/index.php\/wp-json\/wp\/v2\/media?parent=79294"}],"wp:term":[{"taxonomy":"category","embeddable":true,"href":"https:\/\/infoecos.com.ar\/index.php\/wp-json\/wp\/v2\/categories?post=79294"},{"taxonomy":"post_tag","embeddable":true,"href":"https:\/\/infoecos.com.ar\/index.php\/wp-json\/wp\/v2\/tags?post=79294"}],"curies":[{"name":"wp","href":"https:\/\/api.w.org\/{rel}","templated":true}]}}