{"id":79297,"date":"2021-06-06T01:54:23","date_gmt":"2021-06-06T04:54:23","guid":{"rendered":"http:\/\/infoecos.com.ar\/?p=79297"},"modified":"2021-06-06T01:54:26","modified_gmt":"2021-06-06T04:54:26","slug":"alto-porcentaje-de-vacunados-correspondientes-a-grupos-prioritarios-en-30-de-agosto-y-beruti","status":"publish","type":"post","link":"https:\/\/infoecos.com.ar\/index.php\/alto-porcentaje-de-vacunados-correspondientes-a-grupos-prioritarios-en-30-de-agosto-y-beruti\/","title":{"rendered":"Alto porcentaje de vacunados correspondientes a grupos prioritarios en 30 de Agosto y Beruti"},"content":{"rendered":"\n<p class=\"wp-block-paragraph\">Desde la coordinaci\u00f3n del Plan de Vacunaci\u00f3n en Trenque Lauquen se inform\u00f3 que un 73 por ciento de los grupos prioritarios de 30 de Agosto, han sido vacunados.<\/p>\n\n\n\n<p class=\"wp-block-paragraph\">La informaci\u00f3n consigna como est\u00e1 volcada en el flyer que sobre 1632 inscriptos, ya se inocularon 1193.<\/p>\n\n\n\n<div class=\"wp-block-image\"><figure class=\"aligncenter size-medium\"><img loading=\"lazy\" decoding=\"async\" width=\"460\" height=\"460\" src=\"http:\/\/infoecos.com.ar\/wp-content\/uploads\/2021\/06\/vacunados30-460x460.jpg\" alt=\"\" class=\"wp-image-79298\" srcset=\"https:\/\/infoecos.com.ar\/wp-content\/uploads\/2021\/06\/vacunados30-460x460.jpg 460w, https:\/\/infoecos.com.ar\/wp-content\/uploads\/2021\/06\/vacunados30-920x920.jpg 920w, https:\/\/infoecos.com.ar\/wp-content\/uploads\/2021\/06\/vacunados30-150x150.jpg 150w, https:\/\/infoecos.com.ar\/wp-content\/uploads\/2021\/06\/vacunados30-768x768.jpg 768w, https:\/\/infoecos.com.ar\/wp-content\/uploads\/2021\/06\/vacunados30-1024x1024.jpg 1024w, https:\/\/infoecos.com.ar\/wp-content\/uploads\/2021\/06\/vacunados30.jpg 1280w\" sizes=\"auto, (max-width: 460px) 100vw, 460px\" \/><\/figure><\/div>\n\n\n\n<p class=\"wp-block-paragraph\">Por otro lado se indic\u00f3 que en Beruti se lleva vacunado el 77 por ciento de los grupos prioritarios. Sobre un total de 405 inscriptos, ya han 315 vacunados. <\/p>\n\n\n\n<div class=\"wp-block-image\"><figure class=\"aligncenter size-medium\"><img loading=\"lazy\" decoding=\"async\" width=\"460\" height=\"460\" src=\"http:\/\/infoecos.com.ar\/wp-content\/uploads\/2021\/06\/vacunados301-460x460.jpg\" alt=\"\" class=\"wp-image-79299\" srcset=\"https:\/\/infoecos.com.ar\/wp-content\/uploads\/2021\/06\/vacunados301-460x460.jpg 460w, https:\/\/infoecos.com.ar\/wp-content\/uploads\/2021\/06\/vacunados301-920x920.jpg 920w, https:\/\/infoecos.com.ar\/wp-content\/uploads\/2021\/06\/vacunados301-150x150.jpg 150w, https:\/\/infoecos.com.ar\/wp-content\/uploads\/2021\/06\/vacunados301-768x768.jpg 768w, https:\/\/infoecos.com.ar\/wp-content\/uploads\/2021\/06\/vacunados301-1024x1024.jpg 1024w, https:\/\/infoecos.com.ar\/wp-content\/uploads\/2021\/06\/vacunados301.jpg 1280w\" sizes=\"auto, (max-width: 460px) 100vw, 460px\" \/><\/figure><\/div>\n\n\n\n<p class=\"wp-block-paragraph\">Recordamos el adelanto de Infoecos. El viernes llegaron a Trenque Lauquen 6.180 vacunas, de las cuales 3080 son (primera dosis) de Sputnik V que son aplicadas en la posta sanitaria que funciona en el Sal\u00f3n de Usos M\u00faltiples de ATILRA, y 3.100 de Astraz\u00e9neca (segunda dosis) que tiene su sede en el Club Monumental. Entre los vacunados se incluye a vecinos de 30 de Agosto. La inoculaci\u00f3n es a raz\u00f3n de 440 dosis por d\u00eda, en cada uno de los lugares, y est\u00e1 previsto que culmine esta parte del proceso, el pr\u00f3ximo 11 del corriente. <\/p>\n","protected":false},"excerpt":{"rendered":"<p>Recordamos el adelanto de Infoecos. El viernes llegaron a Trenque Lauquen 6.180 vacunas<\/p>\n","protected":false},"author":2,"featured_media":68733,"comment_status":"closed","ping_status":"open","sticky":false,"template":"","format":"standard","meta":{"footnotes":""},"categories":[1325],"tags":[1785],"class_list":["post-79297","post","type-post","status-publish","format-standard","has-post-thumbnail","hentry","category-c1nota6","tag-coronavirus"],"featured_image_urls":{"full":["https:\/\/infoecos.com.ar\/wp-content\/uploads\/2020\/10\/d41586-020-02684-9_18388972.jpg",800,532,false],"thumbnail":["https:\/\/infoecos.com.ar\/wp-content\/uploads\/2020\/10\/d41586-020-02684-9_18388972-150x150.jpg",150,150,true],"medium":["https:\/\/infoecos.com.ar\/wp-content\/uploads\/2020\/10\/d41586-020-02684-9_18388972-460x306.jpg",460,306,true],"medium_large":["https:\/\/infoecos.com.ar\/wp-content\/uploads\/2020\/10\/d41586-020-02684-9_18388972-768x511.jpg",640,426,true],"large":["https:\/\/infoecos.com.ar\/wp-content\/uploads\/2020\/10\/d41586-020-02684-9_18388972.jpg",640,426,false],"1536x1536":["https:\/\/infoecos.com.ar\/wp-content\/uploads\/2020\/10\/d41586-020-02684-9_18388972.jpg",800,532,false],"2048x2048":["https:\/\/infoecos.com.ar\/wp-content\/uploads\/2020\/10\/d41586-020-02684-9_18388972.jpg",800,532,false],"covernews-slider-full":["https:\/\/infoecos.com.ar\/wp-content\/uploads\/2020\/10\/d41586-020-02684-9_18388972.jpg",800,532,false],"covernews-slider-center":["https:\/\/infoecos.com.ar\/wp-content\/uploads\/2020\/10\/d41586-020-02684-9_18388972.jpg",752,500,false],"covernews-featured":["https:\/\/infoecos.com.ar\/wp-content\/uploads\/2020\/10\/d41586-020-02684-9_18388972.jpg",800,532,false],"covernews-medium":["https:\/\/infoecos.com.ar\/wp-content\/uploads\/2020\/10\/d41586-020-02684-9_18388972-720x380.jpg",540,285,true],"covernews-medium-square":["https:\/\/infoecos.com.ar\/wp-content\/uploads\/2020\/10\/d41586-020-02684-9_18388972-675x450.jpg",375,250,true]},"author_info":{"info":["Jorge Matheus"]},"category_info":"<a href=\"https:\/\/infoecos.com.ar\/index.php\/category\/c1nota6\/\" rel=\"category tag\">C1 nota 6<\/a>","tag_info":"C1 nota 6","comment_count":"0","_links":{"self":[{"href":"https:\/\/infoecos.com.ar\/index.php\/wp-json\/wp\/v2\/posts\/79297","targetHints":{"allow":["GET"]}}],"collection":[{"href":"https:\/\/infoecos.com.ar\/index.php\/wp-json\/wp\/v2\/posts"}],"about":[{"href":"https:\/\/infoecos.com.ar\/index.php\/wp-json\/wp\/v2\/types\/post"}],"author":[{"embeddable":true,"href":"https:\/\/infoecos.com.ar\/index.php\/wp-json\/wp\/v2\/users\/2"}],"replies":[{"embeddable":true,"href":"https:\/\/infoecos.com.ar\/index.php\/wp-json\/wp\/v2\/comments?post=79297"}],"version-history":[{"count":1,"href":"https:\/\/infoecos.com.ar\/index.php\/wp-json\/wp\/v2\/posts\/79297\/revisions"}],"predecessor-version":[{"id":79300,"href":"https:\/\/infoecos.com.ar\/index.php\/wp-json\/wp\/v2\/posts\/79297\/revisions\/79300"}],"wp:featuredmedia":[{"embeddable":true,"href":"https:\/\/infoecos.com.ar\/index.php\/wp-json\/wp\/v2\/media\/68733"}],"wp:attachment":[{"href":"https:\/\/infoecos.com.ar\/index.php\/wp-json\/wp\/v2\/media?parent=79297"}],"wp:term":[{"taxonomy":"category","embeddable":true,"href":"https:\/\/infoecos.com.ar\/index.php\/wp-json\/wp\/v2\/categories?post=79297"},{"taxonomy":"post_tag","embeddable":true,"href":"https:\/\/infoecos.com.ar\/index.php\/wp-json\/wp\/v2\/tags?post=79297"}],"curies":[{"name":"wp","href":"https:\/\/api.w.org\/{rel}","templated":true}]}}