{"id":79317,"date":"2021-06-09T16:13:04","date_gmt":"2021-06-09T19:13:04","guid":{"rendered":"http:\/\/infoecos.com.ar\/?p=79317"},"modified":"2021-06-09T16:36:38","modified_gmt":"2021-06-09T19:36:38","slug":"roberto-baradel-destaco-el-esfuerzo-de-la-provincia-y-los-docentes-para-sostener-el-sistema-educativo","status":"publish","type":"post","link":"https:\/\/infoecos.com.ar\/index.php\/roberto-baradel-destaco-el-esfuerzo-de-la-provincia-y-los-docentes-para-sostener-el-sistema-educativo\/","title":{"rendered":"Baradel destac\u00f3 el esfuerzo de la Provincia y docentes para sostener el sistema educativo"},"content":{"rendered":"\n<p class=\"wp-block-paragraph\">El titular de SUTEBA, Roberto Baradel, adelant\u00f3 que se reunir\u00e1n con el Frente Gremial Docente para analizar la cuesti\u00f3n salarial.<\/p>\n\n\n\n<p class=\"wp-block-paragraph\">En declaraciones a Radio Provincia dijo que \u201cvamos a pedir la convocatoria de la Comisi\u00f3n T\u00e9cnica Salarial\u201d.<\/p>\n\n\n\n<div class=\"wp-block-image\"><figure class=\"aligncenter size-large\"><img decoding=\"async\" src=\"http:\/\/infoecos.com.ar\/wp-content\/uploads\/roberto_baradel2-468x234.jpg\" alt=\"\" class=\"wp-image-24978\"\/><figcaption>Baradel, Roberto<\/figcaption><\/figure><\/div>\n\n\n\n<p class=\"wp-block-paragraph\">Baradel se\u00f1al\u00f3 que \u201centre abril y lo que queda de junio habr\u00e1 un desfasaje con lo que se estipul\u00f3 en el aumento del primer tramo y queremos que eso se compense. Est\u00e1 claro que el salario debe superar a la inflaci\u00f3n porque recompone el ingreso de los trabajadores pero adem\u00e1s porque es beneficioso para el mercado interno. Es decir que vamos a pedir una reactualizaci\u00f3n salarial\u201d.<\/p>\n\n\n\n<p class=\"wp-block-paragraph\">Por otra parte, el titular de SUTEBA destac\u00f3 que \u201cla Provincia haya tomado la iniciativa para vacunar a los docentes y auxiliares de la educaci\u00f3n\u201d.<\/p>\n\n\n\n<p class=\"wp-block-paragraph\">En ese marco, agreg\u00f3 que \u201cla presencialidad est\u00e1 en evaluaci\u00f3n. Nosotros vamos a respaldar todas aquellas medidas que tengan que ver con lograr que se disminuyan los contagios, se vacune a la mayor cantidad de la poblaci\u00f3n y nos permita enfrentar la pandemia de la mejor manera\u201d.&nbsp;<\/p>\n\n\n\n<p class=\"wp-block-paragraph\">Baradel destac\u00f3 que \u201csi no se hubiera interrumpido el programa Conectar Igualdad los chicos y los docentes estar\u00edan con computadora. Hay problemas de conectividad pero se sostiene la escolarizaci\u00f3n porque se manda la tarea a trav\u00e9s de cuadernillos o por whatsapp. El maestro est\u00e1 conectado todo los d\u00edas y en este contexto la jornada laboral se extiende y el esfuerzo es mayor\u201d.<\/p>\n\n\n\n<p class=\"wp-block-paragraph\">Agreg\u00f3 que \u201ctambi\u00e9n se ha hecho una gran inversi\u00f3n. Se vienen reparando los edificios desde el a\u00f1o pasado en el marco del programa Escuelas a la Obra. Esta es una gran deuda pendiente que ten\u00eda el Estado con las escuelas desde hace mucho tiempo\u201d.<\/p>\n\n\n\n<p class=\"wp-block-paragraph\">Finalmente, enfatiz\u00f3 que \u201csi hay algo que tenemos claro es que el manejo de la pandemia de parte del gobernador, Axel Kicillof, el ministro de Salud, Daniel Gollan y la ministra de Educaci\u00f3n, Agustina Vila, ha sido con responsabilidad, solidaridad y di\u00e1logo\u201d.<\/p>\n","protected":false},"excerpt":{"rendered":"<p>Dijo que \u201cla presencialidad est\u00e1 en evaluaci\u00f3n. Nosotros vamos a respaldar todas aquellas medidas que tengan que ver con lograr que se disminuyan los contagios, se vacune a la mayor cantidad de la poblaci\u00f3n y nos permita enfrentar la pandemia de la mejor manera\u201d<\/p>\n","protected":false},"author":2,"featured_media":46172,"comment_status":"closed","ping_status":"open","sticky":false,"template":"","format":"standard","meta":{"footnotes":""},"categories":[28],"tags":[3859],"class_list":["post-79317","post","type-post","status-publish","format-standard","has-post-thumbnail","hentry","category-c1nota1","tag-educacion-salud-politica"],"featured_image_urls":{"full":"","thumbnail":"","medium":"","medium_large":"","large":"","1536x1536":"","2048x2048":"","covernews-slider-full":"","covernews-slider-center":"","covernews-featured":"","covernews-medium":"","covernews-medium-square":""},"author_info":{"info":["Jorge Matheus"]},"category_info":"<a href=\"https:\/\/infoecos.com.ar\/index.php\/category\/c1nota1\/\" rel=\"category tag\">C1 N1<\/a>","tag_info":"C1 N1","comment_count":"0","_links":{"self":[{"href":"https:\/\/infoecos.com.ar\/index.php\/wp-json\/wp\/v2\/posts\/79317","targetHints":{"allow":["GET"]}}],"collection":[{"href":"https:\/\/infoecos.com.ar\/index.php\/wp-json\/wp\/v2\/posts"}],"about":[{"href":"https:\/\/infoecos.com.ar\/index.php\/wp-json\/wp\/v2\/types\/post"}],"author":[{"embeddable":true,"href":"https:\/\/infoecos.com.ar\/index.php\/wp-json\/wp\/v2\/users\/2"}],"replies":[{"embeddable":true,"href":"https:\/\/infoecos.com.ar\/index.php\/wp-json\/wp\/v2\/comments?post=79317"}],"version-history":[{"count":2,"href":"https:\/\/infoecos.com.ar\/index.php\/wp-json\/wp\/v2\/posts\/79317\/revisions"}],"predecessor-version":[{"id":79327,"href":"https:\/\/infoecos.com.ar\/index.php\/wp-json\/wp\/v2\/posts\/79317\/revisions\/79327"}],"wp:attachment":[{"href":"https:\/\/infoecos.com.ar\/index.php\/wp-json\/wp\/v2\/media?parent=79317"}],"wp:term":[{"taxonomy":"category","embeddable":true,"href":"https:\/\/infoecos.com.ar\/index.php\/wp-json\/wp\/v2\/categories?post=79317"},{"taxonomy":"post_tag","embeddable":true,"href":"https:\/\/infoecos.com.ar\/index.php\/wp-json\/wp\/v2\/tags?post=79317"}],"curies":[{"name":"wp","href":"https:\/\/api.w.org\/{rel}","templated":true}]}}