{"id":79322,"date":"2021-06-09T16:35:01","date_gmt":"2021-06-09T19:35:01","guid":{"rendered":"http:\/\/infoecos.com.ar\/?p=79322"},"modified":"2021-06-09T16:35:02","modified_gmt":"2021-06-09T19:35:02","slug":"el-frente-de-todos-trenque-lauquen-destaca-el-trabajo-realizado-en-el-plan-de-vacunacion-y-se-muestra-esperanzado","status":"publish","type":"post","link":"https:\/\/infoecos.com.ar\/index.php\/el-frente-de-todos-trenque-lauquen-destaca-el-trabajo-realizado-en-el-plan-de-vacunacion-y-se-muestra-esperanzado\/","title":{"rendered":"El Frente de Todos Trenque Lauquen destaca el trabajo realizado en el Plan de Vacunaci\u00f3n y se muestra esperanzado"},"content":{"rendered":"\n<p class=\"wp-block-paragraph\">El Frente de Todos Trenque Lauquen dio a conocer un comunicado a trav\u00e9s de las redes sociales y distribuido a los medios de comunicaci\u00f3n bajo el t\u00edtulo: \u00abSeis meses de Compromiso, Esfuerzo, Amor y Esperanza\u00bb. Est\u00e1 relacionado con la tarea que se viene llevando a cabo en el marco del Plan de Vacunaci\u00f3n dispuesto por el gobierno de la provincia de Buenos Aires. <\/p>\n\n\n\n<div class=\"wp-block-image\"><figure class=\"aligncenter size-medium\"><img loading=\"lazy\" decoding=\"async\" width=\"460\" height=\"307\" src=\"http:\/\/infoecos.com.ar\/wp-content\/uploads\/2021\/06\/frentedetodostrenquelauquenvacunacion1-460x307.jpg\" alt=\"\" class=\"wp-image-79323\" srcset=\"https:\/\/infoecos.com.ar\/wp-content\/uploads\/2021\/06\/frentedetodostrenquelauquenvacunacion1-460x307.jpg 460w, https:\/\/infoecos.com.ar\/wp-content\/uploads\/2021\/06\/frentedetodostrenquelauquenvacunacion1-920x613.jpg 920w, https:\/\/infoecos.com.ar\/wp-content\/uploads\/2021\/06\/frentedetodostrenquelauquenvacunacion1-768x512.jpg 768w, https:\/\/infoecos.com.ar\/wp-content\/uploads\/2021\/06\/frentedetodostrenquelauquenvacunacion1-675x450.jpg 675w, https:\/\/infoecos.com.ar\/wp-content\/uploads\/2021\/06\/frentedetodostrenquelauquenvacunacion1.jpg 960w\" sizes=\"auto, (max-width: 460px) 100vw, 460px\" \/><\/figure><\/div>\n\n\n\n<p class=\"wp-block-paragraph\">El texto es el siguiente:<\/p>\n\n\n\n<p class=\"wp-block-paragraph\">Es dif\u00edcil pensar el hoy sin reconocer el enorme esfuerzo que se viene realizando desde hace tantos meses.Todo esto comenz\u00f3 hace 6 meses, cuando sal\u00edamos a golpear la puerta de cada vecino, de cada vecina para llevarles la alegr\u00eda, para llevarles la esperanza de que el camino hacia el fin de la pandemia hab\u00eda comenzado. <\/p>\n\n\n\n<p class=\"wp-block-paragraph\">Daban inicio en esa \u00e9poca las inscripciones al Plan de Vacunaci\u00f3n contra el Covid-19, y nosotros est\u00e1bamos ah\u00ed: cada compa\u00f1ero, cada compa\u00f1era de las postas respondiendo las preguntas, atendiendo las inquietudes de cada vecino; eran momentos de mucha incertidumbre, pero con mucho esfuerzo, mucho compromiso, y principalmente con mucho amor, recorr\u00edamos cada barrio. En esos d\u00edas de tanto calor en Enero y en Febrero recorrimos el Indio Trompa, Barrio Parque, el Esperanza, el Evita-Centenario, el Schilling y las calles del centro. Por esos d\u00edas tambi\u00e9n fuimos a Beruti y a 30 de Agosto.<\/p>\n\n\n\n<p class=\"wp-block-paragraph\">No estuvimos solos, tambi\u00e9n en ese momento el movimiento obrero se puso a disposici\u00f3n y en cada seccional, en cada sindicato, se inscribieron a los afiliados y a las afiliadas, en cada organismo p\u00fablico nacional y provincial hab\u00eda un puesto de inscripci\u00f3n, donde tambi\u00e9n los compa\u00f1eros con mucho compromiso iniciaban este desaf\u00edo de inscribir a la gente al plan de vacunaci\u00f3n. <\/p>\n\n\n\n<div class=\"wp-block-image\"><figure class=\"aligncenter size-medium\"><img loading=\"lazy\" decoding=\"async\" width=\"460\" height=\"307\" src=\"http:\/\/infoecos.com.ar\/wp-content\/uploads\/2021\/06\/frentedetodostrenquelauquenvac-460x307.jpg\" alt=\"\" class=\"wp-image-79324\" srcset=\"https:\/\/infoecos.com.ar\/wp-content\/uploads\/2021\/06\/frentedetodostrenquelauquenvac-460x307.jpg 460w, https:\/\/infoecos.com.ar\/wp-content\/uploads\/2021\/06\/frentedetodostrenquelauquenvac-920x613.jpg 920w, https:\/\/infoecos.com.ar\/wp-content\/uploads\/2021\/06\/frentedetodostrenquelauquenvac-768x512.jpg 768w, https:\/\/infoecos.com.ar\/wp-content\/uploads\/2021\/06\/frentedetodostrenquelauquenvac-675x450.jpg 675w, https:\/\/infoecos.com.ar\/wp-content\/uploads\/2021\/06\/frentedetodostrenquelauquenvac.jpg 960w\" sizes=\"auto, (max-width: 460px) 100vw, 460px\" \/><\/figure><\/div>\n\n\n\n<p class=\"wp-block-paragraph\">Pusimos nuestros tel\u00e9fonos a disposici\u00f3n de la comunidad y recibimos m\u00e1s de 200 llamados por d\u00eda, y para Febrero, antes de que se abriera la primera posta de vacunaci\u00f3n, ya pod\u00edamos decir con orgullo que ten\u00edamos 10 mil inscriptos, 10 mil vecinos y vecinas que hab\u00edan expresado su voluntad de vacunarse. Tambi\u00e9n nos form\u00e1bamos y capacit\u00e1bamos para la apertura de las postas de vacunaci\u00f3n; m\u00e9todo y tiempo siempre fueron la clave. Hoy, cuando cada vecino y cada vecina llega a las postas para vacunarse muchas veces se sorprenden porque encuentran las mismas caras que hace 6 meses golpeaban sus puertas. <\/p>\n\n\n\n<p class=\"wp-block-paragraph\">Hoy podemos decir con orgullo que se vacunaron m\u00e1s de 12 mil personas en nuestro distrito, y eso que proyectamos hace m\u00e1s de medio a\u00f1o se hace realidad. <\/p>\n\n\n\n<p class=\"wp-block-paragraph\">La esperanza viaja ahora en el hombro de cada uno de los que vienen a vacunarse, de cada uno de los que confiaron en nosotros, en un gobierno provincial que realmente pudo con responsabilidad y con compromiso llevar adelante esta hist\u00f3rica campa\u00f1a de vacunaci\u00f3n. <\/p>\n\n\n\n<div class=\"wp-block-image\"><figure class=\"aligncenter size-medium\"><img loading=\"lazy\" decoding=\"async\" width=\"460\" height=\"259\" src=\"http:\/\/infoecos.com.ar\/wp-content\/uploads\/2021\/06\/frentedetodostrenquelauquenvacunacion-460x259.jpg\" alt=\"\" class=\"wp-image-79325\" srcset=\"https:\/\/infoecos.com.ar\/wp-content\/uploads\/2021\/06\/frentedetodostrenquelauquenvacunacion-460x259.jpg 460w, https:\/\/infoecos.com.ar\/wp-content\/uploads\/2021\/06\/frentedetodostrenquelauquenvacunacion-920x518.jpg 920w, https:\/\/infoecos.com.ar\/wp-content\/uploads\/2021\/06\/frentedetodostrenquelauquenvacunacion-768x432.jpg 768w, https:\/\/infoecos.com.ar\/wp-content\/uploads\/2021\/06\/frentedetodostrenquelauquenvacunacion.jpg 960w\" sizes=\"auto, (max-width: 460px) 100vw, 460px\" \/><\/figure><\/div>\n\n\n\n<p class=\"wp-block-paragraph\">No nos queda m\u00e1s que agradecer y celebrar este esfuerzo que entre los compa\u00f1eros y las compa\u00f1eras hacemos todos los d\u00edas, con mucha calidez humana, con mucho compromiso, pero principalmente con mucho amor, con mucho respeto y celebrando cada vacuna, cada esquema de vacunaci\u00f3n que se completa. <\/p>\n\n\n\n<p class=\"wp-block-paragraph\">Celebramos la esperanza porque entre todos y todas, poniendo el hombro, vamos a ver muy pronto el fin de la pandemia.<\/p>\n","protected":false},"excerpt":{"rendered":"<p>Todo esto comenz\u00f3 hace 6 meses, cuando sal\u00edamos a golpear la puerta de cada vecino, de cada vecina para llevarles la alegr\u00eda, para llevarles la esperanza de que el camino hacia el fin de la pandemia hab\u00eda comenzado<\/p>\n","protected":false},"author":2,"featured_media":79325,"comment_status":"closed","ping_status":"open","sticky":false,"template":"","format":"standard","meta":{"footnotes":""},"categories":[25],"tags":[3861],"class_list":["post-79322","post","type-post","status-publish","format-standard","has-post-thumbnail","hentry","category-c3nota1","tag-a-traves-de-un-comunicado-publico"],"featured_image_urls":{"full":["https:\/\/infoecos.com.ar\/wp-content\/uploads\/2021\/06\/frentedetodostrenquelauquenvacunacion.jpg",960,540,false],"thumbnail":["https:\/\/infoecos.com.ar\/wp-content\/uploads\/2021\/06\/frentedetodostrenquelauquenvacunacion-150x150.jpg",150,150,true],"medium":["https:\/\/infoecos.com.ar\/wp-content\/uploads\/2021\/06\/frentedetodostrenquelauquenvacunacion-460x259.jpg",460,259,true],"medium_large":["https:\/\/infoecos.com.ar\/wp-content\/uploads\/2021\/06\/frentedetodostrenquelauquenvacunacion-768x432.jpg",640,360,true],"large":["https:\/\/infoecos.com.ar\/wp-content\/uploads\/2021\/06\/frentedetodostrenquelauquenvacunacion-920x518.jpg",640,360,true],"1536x1536":["https:\/\/infoecos.com.ar\/wp-content\/uploads\/2021\/06\/frentedetodostrenquelauquenvacunacion.jpg",960,540,false],"2048x2048":["https:\/\/infoecos.com.ar\/wp-content\/uploads\/2021\/06\/frentedetodostrenquelauquenvacunacion.jpg",960,540,false],"covernews-slider-full":["https:\/\/infoecos.com.ar\/wp-content\/uploads\/2021\/06\/frentedetodostrenquelauquenvacunacion.jpg",960,540,false],"covernews-slider-center":["https:\/\/infoecos.com.ar\/wp-content\/uploads\/2021\/06\/frentedetodostrenquelauquenvacunacion-936x540.jpg",800,462,true],"covernews-featured":["https:\/\/infoecos.com.ar\/wp-content\/uploads\/2021\/06\/frentedetodostrenquelauquenvacunacion.jpg",960,540,false],"covernews-medium":["https:\/\/infoecos.com.ar\/wp-content\/uploads\/2021\/06\/frentedetodostrenquelauquenvacunacion-720x380.jpg",540,285,true],"covernews-medium-square":["https:\/\/infoecos.com.ar\/wp-content\/uploads\/2021\/06\/frentedetodostrenquelauquenvacunacion-675x450.jpg",375,250,true]},"author_info":{"info":["Jorge Matheus"]},"category_info":"<a href=\"https:\/\/infoecos.com.ar\/index.php\/category\/c3nota1\/\" rel=\"category tag\">C3 N1<\/a>","tag_info":"C3 N1","comment_count":"0","_links":{"self":[{"href":"https:\/\/infoecos.com.ar\/index.php\/wp-json\/wp\/v2\/posts\/79322","targetHints":{"allow":["GET"]}}],"collection":[{"href":"https:\/\/infoecos.com.ar\/index.php\/wp-json\/wp\/v2\/posts"}],"about":[{"href":"https:\/\/infoecos.com.ar\/index.php\/wp-json\/wp\/v2\/types\/post"}],"author":[{"embeddable":true,"href":"https:\/\/infoecos.com.ar\/index.php\/wp-json\/wp\/v2\/users\/2"}],"replies":[{"embeddable":true,"href":"https:\/\/infoecos.com.ar\/index.php\/wp-json\/wp\/v2\/comments?post=79322"}],"version-history":[{"count":1,"href":"https:\/\/infoecos.com.ar\/index.php\/wp-json\/wp\/v2\/posts\/79322\/revisions"}],"predecessor-version":[{"id":79326,"href":"https:\/\/infoecos.com.ar\/index.php\/wp-json\/wp\/v2\/posts\/79322\/revisions\/79326"}],"wp:featuredmedia":[{"embeddable":true,"href":"https:\/\/infoecos.com.ar\/index.php\/wp-json\/wp\/v2\/media\/79325"}],"wp:attachment":[{"href":"https:\/\/infoecos.com.ar\/index.php\/wp-json\/wp\/v2\/media?parent=79322"}],"wp:term":[{"taxonomy":"category","embeddable":true,"href":"https:\/\/infoecos.com.ar\/index.php\/wp-json\/wp\/v2\/categories?post=79322"},{"taxonomy":"post_tag","embeddable":true,"href":"https:\/\/infoecos.com.ar\/index.php\/wp-json\/wp\/v2\/tags?post=79322"}],"curies":[{"name":"wp","href":"https:\/\/api.w.org\/{rel}","templated":true}]}}