{"id":79328,"date":"2021-06-09T16:52:51","date_gmt":"2021-06-09T19:52:51","guid":{"rendered":"http:\/\/infoecos.com.ar\/?p=79328"},"modified":"2021-06-09T16:53:20","modified_gmt":"2021-06-09T19:53:20","slug":"el-municipal-informo-sobre-trabajos-de-limpieza-en-el-canal-de-la-calle-llambias","status":"publish","type":"post","link":"https:\/\/infoecos.com.ar\/index.php\/el-municipal-informo-sobre-trabajos-de-limpieza-en-el-canal-de-la-calle-llambias\/","title":{"rendered":"El municipio inform\u00f3 sobre trabajos de limpieza en el canal de la calle Llamb\u00edas"},"content":{"rendered":"\n<p>Personal de la direcci\u00f3n de Infraestructura del Municipio de Trenque Lauquen realiz\u00f3 trabajos de limpieza en el canal de la calle Llamb\u00edas con la intenci\u00f3n de mejorar el escurrimiento de agua en caso de precipitaciones, y tambi\u00e9n est\u00e1 trabajando sobre calle Winter, donde se ejecut\u00f3 un bad\u00e9n y cordones cuneta, estando prevista la nivelaci\u00f3n de la rambla en este sector.<\/p>\n\n\n\n<p>\u201cEsta era una tarea que ten\u00edamos pendiente de ejecutar y realizamos la limpieza completa de todo el tramo del canal Llamb\u00edas, entre Tom\u00e1s Davis y Winter\u201d, coment\u00f3 este mi\u00e9rcoles el titular del \u00e1rea, Marcos Soriano.<\/p>\n\n\n\n<div class=\"wp-block-image\"><figure class=\"aligncenter size-medium\"><img loading=\"lazy\" decoding=\"async\" width=\"460\" height=\"324\" src=\"http:\/\/infoecos.com.ar\/wp-content\/uploads\/2021\/06\/Limpieza-Canal-Llambias-460x324.jpg\" alt=\"\" class=\"wp-image-79329\" srcset=\"https:\/\/infoecos.com.ar\/wp-content\/uploads\/2021\/06\/Limpieza-Canal-Llambias-460x324.jpg 460w, https:\/\/infoecos.com.ar\/wp-content\/uploads\/2021\/06\/Limpieza-Canal-Llambias.jpg 719w\" sizes=\"(max-width: 460px) 100vw, 460px\" \/><\/figure><\/div>\n\n\n\n<p>El funcionario inform\u00f3 que para la realizaci\u00f3n de los trabajos en el canal se utiliz\u00f3 equipo municipal: palas cargadoras, camiones y una retropala que fue cedida por la direcci\u00f3n de Obras Sanitarias del Municipio y agreg\u00f3 que \u201clo complementamos con una obra que tambi\u00e9n estaba pendiente de ejecuci\u00f3n en la esquina de Winter y Llamb\u00edas\u201d.<\/p>\n\n\n\n<p>Soriano explic\u00f3 que \u201cse ejecut\u00f3 un bad\u00e9n con una reforma del sector donde termina el canal revestido de Llamb\u00edas para permitir el ingreso del agua que ven\u00eda sobre la calle Winter y esto qued\u00f3 concluido en el d\u00eda de ayer (martes)\u201d destacando que \u201cesta obra ha permitido solucionar el problema que se generaba en el lugar cuando al no estar el bad\u00e9n el agua cortaba por la calle de tierra ocasionando algunas grietas e incomodidad en el tr\u00e1nsito\u201d.<\/p>\n\n\n\n<p>Asimismo, adelant\u00f3 que \u201ctambi\u00e9n est\u00e1 previsto nivelar la rambla de la calle Winter entre Llamb\u00edas y hacia el centro dos o tres cuadras para adentro, para dejar este lugar lo m\u00e1s prolijo posible\u201d.<\/p>\n\n\n\n<div class=\"wp-block-image\"><figure class=\"aligncenter size-medium\"><img loading=\"lazy\" decoding=\"async\" width=\"460\" height=\"307\" src=\"http:\/\/infoecos.com.ar\/wp-content\/uploads\/2021\/06\/Limpieza-Canal-Llambias-6-460x307.jpg\" alt=\"\" class=\"wp-image-79330\" srcset=\"https:\/\/infoecos.com.ar\/wp-content\/uploads\/2021\/06\/Limpieza-Canal-Llambias-6-460x307.jpg 460w, https:\/\/infoecos.com.ar\/wp-content\/uploads\/2021\/06\/Limpieza-Canal-Llambias-6-768x512.jpg 768w, https:\/\/infoecos.com.ar\/wp-content\/uploads\/2021\/06\/Limpieza-Canal-Llambias-6-675x450.jpg 675w, https:\/\/infoecos.com.ar\/wp-content\/uploads\/2021\/06\/Limpieza-Canal-Llambias-6.jpg 852w\" sizes=\"(max-width: 460px) 100vw, 460px\" \/><\/figure><\/div>\n\n\n\n<p>. ESTUDIO HIDR\u00c1ULICO<\/p>\n\n\n\n<p>Acerca de la limpieza del canal Llamb\u00edas, el funcionario dijo que \u201chay que hacerla de manera peri\u00f3dica y de hecho lo hacemos todos los a\u00f1os\u201d, y se\u00f1al\u00f3 que \u201cel Municipio contrat\u00f3 el servicio de un ingeniero hidr\u00e1ulico para hacer el estudio de toda la cuenca donde vuelcan los excedentes h\u00eddricos que vienen al canal Llamb\u00edas\u201d.<\/p>\n\n\n\n<div class=\"wp-block-image\"><figure class=\"aligncenter size-medium\"><img loading=\"lazy\" decoding=\"async\" width=\"460\" height=\"307\" src=\"http:\/\/infoecos.com.ar\/wp-content\/uploads\/2021\/06\/Limpieza-Canal-Llambias-2-460x307.jpg\" alt=\"\" class=\"wp-image-79331\" srcset=\"https:\/\/infoecos.com.ar\/wp-content\/uploads\/2021\/06\/Limpieza-Canal-Llambias-2-460x307.jpg 460w, https:\/\/infoecos.com.ar\/wp-content\/uploads\/2021\/06\/Limpieza-Canal-Llambias-2-768x512.jpg 768w, https:\/\/infoecos.com.ar\/wp-content\/uploads\/2021\/06\/Limpieza-Canal-Llambias-2-675x450.jpg 675w, https:\/\/infoecos.com.ar\/wp-content\/uploads\/2021\/06\/Limpieza-Canal-Llambias-2.jpg 852w\" sizes=\"(max-width: 460px) 100vw, 460px\" \/><\/figure><\/div>\n\n\n\n<p>Como se\u00f1al\u00f3 Soriano, \u201ceste proyecto que est\u00e1 en pleno proceso de elaboraci\u00f3n nos va a plantear las posibles alternativas de soluci\u00f3n (en cuanto a escurrimiento) porque cuando llueven 30 \u00f3 40 mil\u00edmetros de golpe el canal no da abasto porque la ciudad ha crecido, hay m\u00e1s calles pavimentadas y m\u00e1s viviendas y eso ha incrementado la cantidad de excedentes h\u00eddricos sobre el canal, por lo cual hay que hacer alguna obra de modificaci\u00f3n que este estudio nos va a permitir planificar y ejecutar\u201d.<\/p>\n","protected":false},"excerpt":{"rendered":"<p>\u201cEsta era una tarea que ten\u00edamos pendiente de ejecutar y realizamos la limpieza completa de todo el tramo del canal Llamb\u00edas, entre Tom\u00e1s Davis y Winter\u201d, coment\u00f3 este mi\u00e9rcoles el titular del \u00e1rea<\/p>\n","protected":false},"author":2,"featured_media":79331,"comment_status":"closed","ping_status":"open","sticky":false,"template":"","format":"standard","meta":{"footnotes":""},"categories":[47],"tags":[3862],"class_list":["post-79328","post","type-post","status-publish","format-standard","has-post-thumbnail","hentry","category-c3nota2","tag-declaraciones-de-marcos-soriano"],"yoast_head":"<!-- This site is optimized with the Yoast SEO plugin v23.4 - https:\/\/yoast.com\/wordpress\/plugins\/seo\/ -->\n<title>El municipio inform\u00f3 sobre trabajos de limpieza en el canal de la calle Llamb\u00edas - Infoecos<\/title>\n<meta name=\"robots\" content=\"index, follow, max-snippet:-1, max-image-preview:large, max-video-preview:-1\" \/>\n<link rel=\"canonical\" href=\"https:\/\/infoecos.com.ar\/index.php\/el-municipal-informo-sobre-trabajos-de-limpieza-en-el-canal-de-la-calle-llambias\/\" \/>\n<meta property=\"og:locale\" content=\"es_ES\" \/>\n<meta property=\"og:type\" content=\"article\" \/>\n<meta property=\"og:title\" content=\"El municipio inform\u00f3 sobre trabajos de limpieza en el canal de la calle Llamb\u00edas - Infoecos\" \/>\n<meta property=\"og:description\" content=\"\u201cEsta era una tarea que ten\u00edamos pendiente de ejecutar y realizamos la limpieza completa de todo el tramo del canal Llamb\u00edas, entre Tom\u00e1s Davis y Winter\u201d, coment\u00f3 este mi\u00e9rcoles el titular del \u00e1rea\" \/>\n<meta property=\"og:url\" content=\"https:\/\/infoecos.com.ar\/index.php\/el-municipal-informo-sobre-trabajos-de-limpieza-en-el-canal-de-la-calle-llambias\/\" \/>\n<meta property=\"og:site_name\" content=\"Infoecos\" \/>\n<meta property=\"article:publisher\" content=\"https:\/\/www.facebook.com\/profile.php?id=100063200290284\" \/>\n<meta property=\"article:published_time\" content=\"2021-06-09T19:52:51+00:00\" \/>\n<meta property=\"article:modified_time\" content=\"2021-06-09T19:53:20+00:00\" \/>\n<meta property=\"og:image\" content=\"https:\/\/infoecos.com.ar\/wp-content\/uploads\/2021\/06\/Limpieza-Canal-Llambias-2.jpg\" \/>\n\t<meta property=\"og:image:width\" content=\"852\" \/>\n\t<meta property=\"og:image:height\" content=\"568\" \/>\n\t<meta property=\"og:image:type\" content=\"image\/jpeg\" \/>\n<meta name=\"author\" content=\"Jorge Matheus\" \/>\n<meta name=\"twitter:card\" content=\"summary_large_image\" \/>\n<meta name=\"twitter:creator\" content=\"@infoecos\" \/>\n<meta name=\"twitter:site\" content=\"@infoecos\" \/>\n<meta name=\"twitter:label1\" content=\"Escrito por\" \/>\n\t<meta name=\"twitter:data1\" content=\"Jorge Matheus\" \/>\n\t<meta name=\"twitter:label2\" content=\"Tiempo de lectura\" \/>\n\t<meta name=\"twitter:data2\" content=\"2 minutos\" \/>\n<script type=\"application\/ld+json\" class=\"yoast-schema-graph\">{\"@context\":\"https:\/\/schema.org\",\"@graph\":[{\"@type\":\"Article\",\"@id\":\"https:\/\/infoecos.com.ar\/index.php\/el-municipal-informo-sobre-trabajos-de-limpieza-en-el-canal-de-la-calle-llambias\/#article\",\"isPartOf\":{\"@id\":\"https:\/\/infoecos.com.ar\/index.php\/el-municipal-informo-sobre-trabajos-de-limpieza-en-el-canal-de-la-calle-llambias\/\"},\"author\":{\"name\":\"Jorge Matheus\",\"@id\":\"https:\/\/infoecos.com.ar\/#\/schema\/person\/8f5ace5ce73b4b4aac4b7245aee6f191\"},\"headline\":\"El municipio inform\u00f3 sobre trabajos de limpieza en el canal de la calle Llamb\u00edas\",\"datePublished\":\"2021-06-09T19:52:51+00:00\",\"dateModified\":\"2021-06-09T19:53:20+00:00\",\"mainEntityOfPage\":{\"@id\":\"https:\/\/infoecos.com.ar\/index.php\/el-municipal-informo-sobre-trabajos-de-limpieza-en-el-canal-de-la-calle-llambias\/\"},\"wordCount\":453,\"publisher\":{\"@id\":\"https:\/\/infoecos.com.ar\/#organization\"},\"image\":{\"@id\":\"https:\/\/infoecos.com.ar\/index.php\/el-municipal-informo-sobre-trabajos-de-limpieza-en-el-canal-de-la-calle-llambias\/#primaryimage\"},\"thumbnailUrl\":\"https:\/\/infoecos.com.ar\/wp-content\/uploads\/2021\/06\/Limpieza-Canal-Llambias-2.jpg\",\"keywords\":[\"DECLARACIONES DE MARCOS SORIANO\"],\"articleSection\":[\"C3 N2\"],\"inLanguage\":\"es\"},{\"@type\":\"WebPage\",\"@id\":\"https:\/\/infoecos.com.ar\/index.php\/el-municipal-informo-sobre-trabajos-de-limpieza-en-el-canal-de-la-calle-llambias\/\",\"url\":\"https:\/\/infoecos.com.ar\/index.php\/el-municipal-informo-sobre-trabajos-de-limpieza-en-el-canal-de-la-calle-llambias\/\",\"name\":\"El municipio inform\u00f3 sobre trabajos de limpieza en el canal de la calle Llamb\u00edas - Infoecos\",\"isPartOf\":{\"@id\":\"https:\/\/infoecos.com.ar\/#website\"},\"primaryImageOfPage\":{\"@id\":\"https:\/\/infoecos.com.ar\/index.php\/el-municipal-informo-sobre-trabajos-de-limpieza-en-el-canal-de-la-calle-llambias\/#primaryimage\"},\"image\":{\"@id\":\"https:\/\/infoecos.com.ar\/index.php\/el-municipal-informo-sobre-trabajos-de-limpieza-en-el-canal-de-la-calle-llambias\/#primaryimage\"},\"thumbnailUrl\":\"https:\/\/infoecos.com.ar\/wp-content\/uploads\/2021\/06\/Limpieza-Canal-Llambias-2.jpg\",\"datePublished\":\"2021-06-09T19:52:51+00:00\",\"dateModified\":\"2021-06-09T19:53:20+00:00\",\"breadcrumb\":{\"@id\":\"https:\/\/infoecos.com.ar\/index.php\/el-municipal-informo-sobre-trabajos-de-limpieza-en-el-canal-de-la-calle-llambias\/#breadcrumb\"},\"inLanguage\":\"es\",\"potentialAction\":[{\"@type\":\"ReadAction\",\"target\":[\"https:\/\/infoecos.com.ar\/index.php\/el-municipal-informo-sobre-trabajos-de-limpieza-en-el-canal-de-la-calle-llambias\/\"]}]},{\"@type\":\"ImageObject\",\"inLanguage\":\"es\",\"@id\":\"https:\/\/infoecos.com.ar\/index.php\/el-municipal-informo-sobre-trabajos-de-limpieza-en-el-canal-de-la-calle-llambias\/#primaryimage\",\"url\":\"https:\/\/infoecos.com.ar\/wp-content\/uploads\/2021\/06\/Limpieza-Canal-Llambias-2.jpg\",\"contentUrl\":\"https:\/\/infoecos.com.ar\/wp-content\/uploads\/2021\/06\/Limpieza-Canal-Llambias-2.jpg\",\"width\":852,\"height\":568},{\"@type\":\"BreadcrumbList\",\"@id\":\"https:\/\/infoecos.com.ar\/index.php\/el-municipal-informo-sobre-trabajos-de-limpieza-en-el-canal-de-la-calle-llambias\/#breadcrumb\",\"itemListElement\":[{\"@type\":\"ListItem\",\"position\":1,\"name\":\"Portada\",\"item\":\"https:\/\/infoecos.com.ar\/\"},{\"@type\":\"ListItem\",\"position\":2,\"name\":\"El municipio inform\u00f3 sobre trabajos de limpieza en el canal de la calle Llamb\u00edas\"}]},{\"@type\":\"WebSite\",\"@id\":\"https:\/\/infoecos.com.ar\/#website\",\"url\":\"https:\/\/infoecos.com.ar\/\",\"name\":\"Infoecos\",\"description\":\"Noticias de trenque lauquen y la zona\",\"publisher\":{\"@id\":\"https:\/\/infoecos.com.ar\/#organization\"},\"alternateName\":\"Noticias\",\"potentialAction\":[{\"@type\":\"SearchAction\",\"target\":{\"@type\":\"EntryPoint\",\"urlTemplate\":\"https:\/\/infoecos.com.ar\/?s={search_term_string}\"},\"query-input\":{\"@type\":\"PropertyValueSpecification\",\"valueRequired\":true,\"valueName\":\"search_term_string\"}}],\"inLanguage\":\"es\"},{\"@type\":\"Organization\",\"@id\":\"https:\/\/infoecos.com.ar\/#organization\",\"name\":\"Infoecos\",\"alternateName\":\"Noticias\",\"url\":\"https:\/\/infoecos.com.ar\/\",\"logo\":{\"@type\":\"ImageObject\",\"inLanguage\":\"es\",\"@id\":\"https:\/\/infoecos.com.ar\/#\/schema\/logo\/image\/\",\"url\":\"https:\/\/infoecos.com.ar\/wp-content\/uploads\/2024\/03\/cropped-logo.png\",\"contentUrl\":\"https:\/\/infoecos.com.ar\/wp-content\/uploads\/2024\/03\/cropped-logo.png\",\"width\":374,\"height\":90,\"caption\":\"Infoecos\"},\"image\":{\"@id\":\"https:\/\/infoecos.com.ar\/#\/schema\/logo\/image\/\"},\"sameAs\":[\"https:\/\/www.facebook.com\/profile.php?id=100063200290284\",\"https:\/\/x.com\/infoecos\"]},{\"@type\":\"Person\",\"@id\":\"https:\/\/infoecos.com.ar\/#\/schema\/person\/8f5ace5ce73b4b4aac4b7245aee6f191\",\"name\":\"Jorge Matheus\",\"url\":\"https:\/\/infoecos.com.ar\/index.php\/author\/jomatheus\/\"}]}<\/script>\n<!-- \/ Yoast SEO plugin. -->","yoast_head_json":{"title":"El municipio inform\u00f3 sobre trabajos de limpieza en el canal de la calle Llamb\u00edas - Infoecos","robots":{"index":"index","follow":"follow","max-snippet":"max-snippet:-1","max-image-preview":"max-image-preview:large","max-video-preview":"max-video-preview:-1"},"canonical":"https:\/\/infoecos.com.ar\/index.php\/el-municipal-informo-sobre-trabajos-de-limpieza-en-el-canal-de-la-calle-llambias\/","og_locale":"es_ES","og_type":"article","og_title":"El municipio inform\u00f3 sobre trabajos de limpieza en el canal de la calle Llamb\u00edas - Infoecos","og_description":"\u201cEsta era una tarea que ten\u00edamos pendiente de ejecutar y realizamos la limpieza completa de todo el tramo del canal Llamb\u00edas, entre Tom\u00e1s Davis y Winter\u201d, coment\u00f3 este mi\u00e9rcoles el titular del \u00e1rea","og_url":"https:\/\/infoecos.com.ar\/index.php\/el-municipal-informo-sobre-trabajos-de-limpieza-en-el-canal-de-la-calle-llambias\/","og_site_name":"Infoecos","article_publisher":"https:\/\/www.facebook.com\/profile.php?id=100063200290284","article_published_time":"2021-06-09T19:52:51+00:00","article_modified_time":"2021-06-09T19:53:20+00:00","og_image":[{"width":852,"height":568,"url":"https:\/\/infoecos.com.ar\/wp-content\/uploads\/2021\/06\/Limpieza-Canal-Llambias-2.jpg","type":"image\/jpeg"}],"author":"Jorge Matheus","twitter_card":"summary_large_image","twitter_creator":"@infoecos","twitter_site":"@infoecos","twitter_misc":{"Escrito por":"Jorge Matheus","Tiempo de lectura":"2 minutos"},"schema":{"@context":"https:\/\/schema.org","@graph":[{"@type":"Article","@id":"https:\/\/infoecos.com.ar\/index.php\/el-municipal-informo-sobre-trabajos-de-limpieza-en-el-canal-de-la-calle-llambias\/#article","isPartOf":{"@id":"https:\/\/infoecos.com.ar\/index.php\/el-municipal-informo-sobre-trabajos-de-limpieza-en-el-canal-de-la-calle-llambias\/"},"author":{"name":"Jorge Matheus","@id":"https:\/\/infoecos.com.ar\/#\/schema\/person\/8f5ace5ce73b4b4aac4b7245aee6f191"},"headline":"El municipio inform\u00f3 sobre trabajos de limpieza en el canal de la calle Llamb\u00edas","datePublished":"2021-06-09T19:52:51+00:00","dateModified":"2021-06-09T19:53:20+00:00","mainEntityOfPage":{"@id":"https:\/\/infoecos.com.ar\/index.php\/el-municipal-informo-sobre-trabajos-de-limpieza-en-el-canal-de-la-calle-llambias\/"},"wordCount":453,"publisher":{"@id":"https:\/\/infoecos.com.ar\/#organization"},"image":{"@id":"https:\/\/infoecos.com.ar\/index.php\/el-municipal-informo-sobre-trabajos-de-limpieza-en-el-canal-de-la-calle-llambias\/#primaryimage"},"thumbnailUrl":"https:\/\/infoecos.com.ar\/wp-content\/uploads\/2021\/06\/Limpieza-Canal-Llambias-2.jpg","keywords":["DECLARACIONES DE MARCOS SORIANO"],"articleSection":["C3 N2"],"inLanguage":"es"},{"@type":"WebPage","@id":"https:\/\/infoecos.com.ar\/index.php\/el-municipal-informo-sobre-trabajos-de-limpieza-en-el-canal-de-la-calle-llambias\/","url":"https:\/\/infoecos.com.ar\/index.php\/el-municipal-informo-sobre-trabajos-de-limpieza-en-el-canal-de-la-calle-llambias\/","name":"El municipio inform\u00f3 sobre trabajos de limpieza en el canal de la calle Llamb\u00edas - Infoecos","isPartOf":{"@id":"https:\/\/infoecos.com.ar\/#website"},"primaryImageOfPage":{"@id":"https:\/\/infoecos.com.ar\/index.php\/el-municipal-informo-sobre-trabajos-de-limpieza-en-el-canal-de-la-calle-llambias\/#primaryimage"},"image":{"@id":"https:\/\/infoecos.com.ar\/index.php\/el-municipal-informo-sobre-trabajos-de-limpieza-en-el-canal-de-la-calle-llambias\/#primaryimage"},"thumbnailUrl":"https:\/\/infoecos.com.ar\/wp-content\/uploads\/2021\/06\/Limpieza-Canal-Llambias-2.jpg","datePublished":"2021-06-09T19:52:51+00:00","dateModified":"2021-06-09T19:53:20+00:00","breadcrumb":{"@id":"https:\/\/infoecos.com.ar\/index.php\/el-municipal-informo-sobre-trabajos-de-limpieza-en-el-canal-de-la-calle-llambias\/#breadcrumb"},"inLanguage":"es","potentialAction":[{"@type":"ReadAction","target":["https:\/\/infoecos.com.ar\/index.php\/el-municipal-informo-sobre-trabajos-de-limpieza-en-el-canal-de-la-calle-llambias\/"]}]},{"@type":"ImageObject","inLanguage":"es","@id":"https:\/\/infoecos.com.ar\/index.php\/el-municipal-informo-sobre-trabajos-de-limpieza-en-el-canal-de-la-calle-llambias\/#primaryimage","url":"https:\/\/infoecos.com.ar\/wp-content\/uploads\/2021\/06\/Limpieza-Canal-Llambias-2.jpg","contentUrl":"https:\/\/infoecos.com.ar\/wp-content\/uploads\/2021\/06\/Limpieza-Canal-Llambias-2.jpg","width":852,"height":568},{"@type":"BreadcrumbList","@id":"https:\/\/infoecos.com.ar\/index.php\/el-municipal-informo-sobre-trabajos-de-limpieza-en-el-canal-de-la-calle-llambias\/#breadcrumb","itemListElement":[{"@type":"ListItem","position":1,"name":"Portada","item":"https:\/\/infoecos.com.ar\/"},{"@type":"ListItem","position":2,"name":"El municipio inform\u00f3 sobre trabajos de limpieza en el canal de la calle Llamb\u00edas"}]},{"@type":"WebSite","@id":"https:\/\/infoecos.com.ar\/#website","url":"https:\/\/infoecos.com.ar\/","name":"Infoecos","description":"Noticias de trenque lauquen y la zona","publisher":{"@id":"https:\/\/infoecos.com.ar\/#organization"},"alternateName":"Noticias","potentialAction":[{"@type":"SearchAction","target":{"@type":"EntryPoint","urlTemplate":"https:\/\/infoecos.com.ar\/?s={search_term_string}"},"query-input":{"@type":"PropertyValueSpecification","valueRequired":true,"valueName":"search_term_string"}}],"inLanguage":"es"},{"@type":"Organization","@id":"https:\/\/infoecos.com.ar\/#organization","name":"Infoecos","alternateName":"Noticias","url":"https:\/\/infoecos.com.ar\/","logo":{"@type":"ImageObject","inLanguage":"es","@id":"https:\/\/infoecos.com.ar\/#\/schema\/logo\/image\/","url":"https:\/\/infoecos.com.ar\/wp-content\/uploads\/2024\/03\/cropped-logo.png","contentUrl":"https:\/\/infoecos.com.ar\/wp-content\/uploads\/2024\/03\/cropped-logo.png","width":374,"height":90,"caption":"Infoecos"},"image":{"@id":"https:\/\/infoecos.com.ar\/#\/schema\/logo\/image\/"},"sameAs":["https:\/\/www.facebook.com\/profile.php?id=100063200290284","https:\/\/x.com\/infoecos"]},{"@type":"Person","@id":"https:\/\/infoecos.com.ar\/#\/schema\/person\/8f5ace5ce73b4b4aac4b7245aee6f191","name":"Jorge Matheus","url":"https:\/\/infoecos.com.ar\/index.php\/author\/jomatheus\/"}]}},"featured_image_urls":{"full":["https:\/\/infoecos.com.ar\/wp-content\/uploads\/2021\/06\/Limpieza-Canal-Llambias-2.jpg",852,568,false],"thumbnail":["https:\/\/infoecos.com.ar\/wp-content\/uploads\/2021\/06\/Limpieza-Canal-Llambias-2-150x150.jpg",150,150,true],"medium":["https:\/\/infoecos.com.ar\/wp-content\/uploads\/2021\/06\/Limpieza-Canal-Llambias-2-460x307.jpg",460,307,true],"medium_large":["https:\/\/infoecos.com.ar\/wp-content\/uploads\/2021\/06\/Limpieza-Canal-Llambias-2-768x512.jpg",640,427,true],"large":["https:\/\/infoecos.com.ar\/wp-content\/uploads\/2021\/06\/Limpieza-Canal-Llambias-2.jpg",640,427,false],"1536x1536":["https:\/\/infoecos.com.ar\/wp-content\/uploads\/2021\/06\/Limpieza-Canal-Llambias-2.jpg",852,568,false],"2048x2048":["https:\/\/infoecos.com.ar\/wp-content\/uploads\/2021\/06\/Limpieza-Canal-Llambias-2.jpg",852,568,false],"covernews-slider-full":["https:\/\/infoecos.com.ar\/wp-content\/uploads\/2021\/06\/Limpieza-Canal-Llambias-2.jpg",852,568,false],"covernews-slider-center":["https:\/\/infoecos.com.ar\/wp-content\/uploads\/2021\/06\/Limpieza-Canal-Llambias-2.jpg",750,500,false],"covernews-featured":["https:\/\/infoecos.com.ar\/wp-content\/uploads\/2021\/06\/Limpieza-Canal-Llambias-2.jpg",852,568,false],"covernews-medium":["https:\/\/infoecos.com.ar\/wp-content\/uploads\/2021\/06\/Limpieza-Canal-Llambias-2-720x380.jpg",540,285,true],"covernews-medium-square":["https:\/\/infoecos.com.ar\/wp-content\/uploads\/2021\/06\/Limpieza-Canal-Llambias-2-675x450.jpg",375,250,true]},"author_info":{"info":["Jorge Matheus"]},"category_info":"<a href=\"https:\/\/infoecos.com.ar\/index.php\/category\/c3nota2\/\" rel=\"category tag\">C3 N2<\/a>","tag_info":"C3 N2","comment_count":"0","_links":{"self":[{"href":"https:\/\/infoecos.com.ar\/index.php\/wp-json\/wp\/v2\/posts\/79328"}],"collection":[{"href":"https:\/\/infoecos.com.ar\/index.php\/wp-json\/wp\/v2\/posts"}],"about":[{"href":"https:\/\/infoecos.com.ar\/index.php\/wp-json\/wp\/v2\/types\/post"}],"author":[{"embeddable":true,"href":"https:\/\/infoecos.com.ar\/index.php\/wp-json\/wp\/v2\/users\/2"}],"replies":[{"embeddable":true,"href":"https:\/\/infoecos.com.ar\/index.php\/wp-json\/wp\/v2\/comments?post=79328"}],"version-history":[{"count":2,"href":"https:\/\/infoecos.com.ar\/index.php\/wp-json\/wp\/v2\/posts\/79328\/revisions"}],"predecessor-version":[{"id":79333,"href":"https:\/\/infoecos.com.ar\/index.php\/wp-json\/wp\/v2\/posts\/79328\/revisions\/79333"}],"wp:featuredmedia":[{"embeddable":true,"href":"https:\/\/infoecos.com.ar\/index.php\/wp-json\/wp\/v2\/media\/79331"}],"wp:attachment":[{"href":"https:\/\/infoecos.com.ar\/index.php\/wp-json\/wp\/v2\/media?parent=79328"}],"wp:term":[{"taxonomy":"category","embeddable":true,"href":"https:\/\/infoecos.com.ar\/index.php\/wp-json\/wp\/v2\/categories?post=79328"},{"taxonomy":"post_tag","embeddable":true,"href":"https:\/\/infoecos.com.ar\/index.php\/wp-json\/wp\/v2\/tags?post=79328"}],"curies":[{"name":"wp","href":"https:\/\/api.w.org\/{rel}","templated":true}]}}