{"id":79345,"date":"2021-06-09T17:41:04","date_gmt":"2021-06-09T20:41:04","guid":{"rendered":"http:\/\/infoecos.com.ar\/?p=79345"},"modified":"2021-06-09T17:41:05","modified_gmt":"2021-06-09T20:41:05","slug":"el-lunes-vuelven-las-clases-presenciales-a-algunas-localidades-de-chacabuco","status":"publish","type":"post","link":"https:\/\/infoecos.com.ar\/index.php\/el-lunes-vuelven-las-clases-presenciales-a-algunas-localidades-de-chacabuco\/","title":{"rendered":"El lunes vuelven las clases presenciales a algunas localidades de Chacabuco"},"content":{"rendered":"\n<p class=\"wp-block-paragraph\">El pr\u00f3ximo lunes se reanudar\u00e1n las clases presenciales en localidades del distrito de Chacabuco<strong>. <\/strong>Se trata de<strong> <\/strong>las\u00a0localidades\u00a0de O\u2019Higgins, Rawson y Castilla. Aunque\u00a0<strong>siguen en Fase 2<\/strong>, el intendente V\u00edctor Aiola pudo gestionar esta medida tras reuniones con autoridades provinciales.<\/p>\n\n\n\n<div class=\"wp-block-image\"><figure class=\"aligncenter size-medium\"><img decoding=\"async\" src=\"http:\/\/infoecos.com.ar\/wp-content\/uploads\/11-10-aiola-460x345.jpg\" alt=\"\" class=\"wp-image-53658\"\/><figcaption>Aiola, V\u00edctor &#8211; Intendente de Chacabuco<\/figcaption><\/figure><\/div>\n\n\n\n<p class=\"wp-block-paragraph\"><strong>Los alumnos de la ciudad cabecera deber\u00e1n seguir esperando para regresar a las aulas.<\/strong>\u00a0A\u00fan as\u00ed, tambi\u00e9n se espera la resoluci\u00f3n oficial que se dar\u00e1 en las pr\u00f3ximas horas.<\/p>\n\n\n\n<p class=\"wp-block-paragraph\"><strong>En Chacabuco hay 334 pacientes activos<\/strong>. Los fallecidos desde el comienzo de la pandemia son 134 y actualmente hay 2605 personas en aislamiento.<\/p>\n\n\n\n<p class=\"wp-block-paragraph\"><strong>Fuente: Diario Democracia (Jun\u00edn)<\/strong><\/p>\n","protected":false},"excerpt":{"rendered":"<p>Los alumnos de la ciudad cabecera deber\u00e1n seguir esperando para regresar a las aulas<\/p>\n","protected":false},"author":2,"featured_media":53658,"comment_status":"closed","ping_status":"open","sticky":false,"template":"","format":"standard","meta":{"footnotes":""},"categories":[24],"tags":[3864],"class_list":["post-79345","post","type-post","status-publish","format-standard","has-post-thumbnail","hentry","category-c1nota3","tag-la-resolucion-oficial-en-las-proximas-horas"],"featured_image_urls":{"full":"","thumbnail":"","medium":"","medium_large":"","large":"","1536x1536":"","2048x2048":"","covernews-slider-full":"","covernews-slider-center":"","covernews-featured":"","covernews-medium":"","covernews-medium-square":""},"author_info":{"info":["Jorge Matheus"]},"category_info":"<a href=\"https:\/\/infoecos.com.ar\/index.php\/category\/c1nota3\/\" rel=\"category tag\">C1 N3<\/a>","tag_info":"C1 N3","comment_count":"0","_links":{"self":[{"href":"https:\/\/infoecos.com.ar\/index.php\/wp-json\/wp\/v2\/posts\/79345","targetHints":{"allow":["GET"]}}],"collection":[{"href":"https:\/\/infoecos.com.ar\/index.php\/wp-json\/wp\/v2\/posts"}],"about":[{"href":"https:\/\/infoecos.com.ar\/index.php\/wp-json\/wp\/v2\/types\/post"}],"author":[{"embeddable":true,"href":"https:\/\/infoecos.com.ar\/index.php\/wp-json\/wp\/v2\/users\/2"}],"replies":[{"embeddable":true,"href":"https:\/\/infoecos.com.ar\/index.php\/wp-json\/wp\/v2\/comments?post=79345"}],"version-history":[{"count":1,"href":"https:\/\/infoecos.com.ar\/index.php\/wp-json\/wp\/v2\/posts\/79345\/revisions"}],"predecessor-version":[{"id":79346,"href":"https:\/\/infoecos.com.ar\/index.php\/wp-json\/wp\/v2\/posts\/79345\/revisions\/79346"}],"wp:attachment":[{"href":"https:\/\/infoecos.com.ar\/index.php\/wp-json\/wp\/v2\/media?parent=79345"}],"wp:term":[{"taxonomy":"category","embeddable":true,"href":"https:\/\/infoecos.com.ar\/index.php\/wp-json\/wp\/v2\/categories?post=79345"},{"taxonomy":"post_tag","embeddable":true,"href":"https:\/\/infoecos.com.ar\/index.php\/wp-json\/wp\/v2\/tags?post=79345"}],"curies":[{"name":"wp","href":"https:\/\/api.w.org\/{rel}","templated":true}]}}