{"id":79347,"date":"2021-06-09T18:15:25","date_gmt":"2021-06-09T21:15:25","guid":{"rendered":"http:\/\/infoecos.com.ar\/?p=79347"},"modified":"2021-06-09T18:17:05","modified_gmt":"2021-06-09T21:17:05","slug":"la-justicia-condeno-a-un-carnicero-de-pehuajo-a-la-pena-de-tres-anos-de-prision-en-suspenso","status":"publish","type":"post","link":"https:\/\/infoecos.com.ar\/index.php\/la-justicia-condeno-a-un-carnicero-de-pehuajo-a-la-pena-de-tres-anos-de-prision-en-suspenso\/","title":{"rendered":"Triquinosis: la Justicia conden\u00f3 a un carnicero de Pehuaj\u00f3 a la pena de tres a\u00f1os de prisi\u00f3n en suspenso"},"content":{"rendered":"\n<p>El Juzgado Correccional N\u00a81 del Departamento Judicial de Trenque Lauquen conden\u00f3 a Jorge Mat\u00edas Tettamanti a la pena de tres a\u00f1os de prisi\u00f3n de ejecuci\u00f3n en suspenso y cuatro a\u00f1os de inhabilitaci\u00f3n especial para la fabricaci\u00f3n y elaboraci\u00f3n de productos alimenticios, con costas, se\u00f1ala el sitio <strong>365pehuajo.com.ar<\/strong>.<\/p>\n\n\n\n<p>El Juzgado se\u00f1al\u00f3 que se lo considera \u201cautor penalmente responsable del delito de Venta culposa de sustancias alimenticias peligrosas para la salud en concurso ideal con lesiones leves culposas reiteradas\u201d, por lo que se dict\u00f3 dicha sentencia.<\/p>\n\n\n\n<div class=\"wp-block-image\"><figure class=\"aligncenter size-medium\"><img loading=\"lazy\" decoding=\"async\" width=\"460\" height=\"307\" src=\"http:\/\/infoecos.com.ar\/wp-content\/uploads\/2021\/06\/chorizos-460x307.jpg\" alt=\"\" class=\"wp-image-79348\" srcset=\"https:\/\/infoecos.com.ar\/wp-content\/uploads\/2021\/06\/chorizos-460x307.jpg 460w, https:\/\/infoecos.com.ar\/wp-content\/uploads\/2021\/06\/chorizos-920x614.jpg 920w, https:\/\/infoecos.com.ar\/wp-content\/uploads\/2021\/06\/chorizos-768x512.jpg 768w, https:\/\/infoecos.com.ar\/wp-content\/uploads\/2021\/06\/chorizos-675x450.jpg 675w, https:\/\/infoecos.com.ar\/wp-content\/uploads\/2021\/06\/chorizos.jpg 1000w\" sizes=\"(max-width: 460px) 100vw, 460px\" \/><\/figure><\/div>\n\n\n\n<p>Los primeros afectados se detectaron el 4 de enero del a\u00f1o 2015. Y con el correr de los d\u00edas, fueron alrededor de 300 las personas que resultaron afectadas por un brote de triquinosis en Pehuaj\u00f3, cuyos s\u00edntomas pueden declararse hasta un mes y medio despu\u00e9s. La causa fue la ingesta de chorizos secos -contaminados por los par\u00e1sitos que causan esta enfermedad- durante las Fiestas.<\/p>\n\n\n\n<p>El consumo de los productos contaminados se produjo entre el 23 diciembre y el 1\u00b0 enero. Algunos de los damnificados comenzaron a sentir los s\u00edntomas de la enfermedad tras regresar a sus lugares de origen, como Tierra del Fuego y en pa\u00edses como Chile y M\u00e9xico.<\/p>\n\n\n\n<p>Esto llev\u00f3 a que diera inicio a la clausura del lugar, que se investigar\u00e1 donde se compr\u00f3 los cerdos, y luego la fabricaci\u00f3n de chacinados, donde los denunciantes coincidieron que hab\u00edan comprado los productos en una carnicer\u00eda ubicada en las calles Alsina y Varela, denominada \u201cEl Cebo\u201d.<\/p>\n\n\n\n<p>Luego continu\u00f3 una denuncia penal en la que intervino la UFI local, a cargo del fiscal Pablo Teodoro Ruiz Schenstrom, quien en el debate hab\u00eda solicitado la pena de 4 a\u00f1os de prisi\u00f3n e inhabilitaci\u00f3n para la comercializaci\u00f3n de productos alimenticios.<\/p>\n\n\n\n<p><strong>Fuente: 365pehuajo.com.ar<\/strong><\/p>\n","protected":false},"excerpt":{"rendered":"<p>Y cuatro a\u00f1os de inhabilitaci\u00f3n especial para la fabricaci\u00f3n y elaboraci\u00f3n de productos alimenticios, con costas<\/p>\n","protected":false},"author":2,"featured_media":79348,"comment_status":"closed","ping_status":"open","sticky":false,"template":"","format":"standard","meta":{"footnotes":""},"categories":[48],"tags":[3865],"class_list":["post-79347","post","type-post","status-publish","format-standard","has-post-thumbnail","hentry","category-c2nota3","tag-lo-adelanto-365pehuajo-com-ar"],"yoast_head":"<!-- This site is optimized with the Yoast SEO plugin v23.4 - https:\/\/yoast.com\/wordpress\/plugins\/seo\/ -->\n<title>Triquinosis: la Justicia conden\u00f3 a un carnicero de Pehuaj\u00f3 a la pena de tres a\u00f1os de prisi\u00f3n en suspenso - Infoecos<\/title>\n<meta name=\"robots\" content=\"index, follow, max-snippet:-1, max-image-preview:large, max-video-preview:-1\" \/>\n<link rel=\"canonical\" href=\"https:\/\/infoecos.com.ar\/index.php\/la-justicia-condeno-a-un-carnicero-de-pehuajo-a-la-pena-de-tres-anos-de-prision-en-suspenso\/\" \/>\n<meta property=\"og:locale\" content=\"es_ES\" \/>\n<meta property=\"og:type\" content=\"article\" \/>\n<meta property=\"og:title\" content=\"Triquinosis: la Justicia conden\u00f3 a un carnicero de Pehuaj\u00f3 a la pena de tres a\u00f1os de prisi\u00f3n en suspenso - Infoecos\" \/>\n<meta property=\"og:description\" content=\"Y cuatro a\u00f1os de inhabilitaci\u00f3n especial para la fabricaci\u00f3n y elaboraci\u00f3n de productos alimenticios, con costas\" \/>\n<meta property=\"og:url\" content=\"https:\/\/infoecos.com.ar\/index.php\/la-justicia-condeno-a-un-carnicero-de-pehuajo-a-la-pena-de-tres-anos-de-prision-en-suspenso\/\" \/>\n<meta property=\"og:site_name\" content=\"Infoecos\" \/>\n<meta property=\"article:publisher\" content=\"https:\/\/www.facebook.com\/profile.php?id=100063200290284\" \/>\n<meta property=\"article:published_time\" content=\"2021-06-09T21:15:25+00:00\" \/>\n<meta property=\"article:modified_time\" content=\"2021-06-09T21:17:05+00:00\" \/>\n<meta property=\"og:image\" content=\"https:\/\/infoecos.com.ar\/wp-content\/uploads\/2021\/06\/chorizos.jpg\" \/>\n\t<meta property=\"og:image:width\" content=\"1000\" \/>\n\t<meta property=\"og:image:height\" content=\"667\" \/>\n\t<meta property=\"og:image:type\" content=\"image\/jpeg\" \/>\n<meta name=\"author\" content=\"Jorge Matheus\" \/>\n<meta name=\"twitter:card\" content=\"summary_large_image\" \/>\n<meta name=\"twitter:creator\" content=\"@infoecos\" \/>\n<meta name=\"twitter:site\" content=\"@infoecos\" \/>\n<meta name=\"twitter:label1\" content=\"Escrito por\" \/>\n\t<meta name=\"twitter:data1\" content=\"Jorge Matheus\" \/>\n\t<meta name=\"twitter:label2\" content=\"Tiempo de lectura\" \/>\n\t<meta name=\"twitter:data2\" content=\"2 minutos\" \/>\n<script type=\"application\/ld+json\" class=\"yoast-schema-graph\">{\"@context\":\"https:\/\/schema.org\",\"@graph\":[{\"@type\":\"Article\",\"@id\":\"https:\/\/infoecos.com.ar\/index.php\/la-justicia-condeno-a-un-carnicero-de-pehuajo-a-la-pena-de-tres-anos-de-prision-en-suspenso\/#article\",\"isPartOf\":{\"@id\":\"https:\/\/infoecos.com.ar\/index.php\/la-justicia-condeno-a-un-carnicero-de-pehuajo-a-la-pena-de-tres-anos-de-prision-en-suspenso\/\"},\"author\":{\"name\":\"Jorge Matheus\",\"@id\":\"https:\/\/infoecos.com.ar\/#\/schema\/person\/8f5ace5ce73b4b4aac4b7245aee6f191\"},\"headline\":\"Triquinosis: la Justicia conden\u00f3 a un carnicero de Pehuaj\u00f3 a la pena de tres a\u00f1os de prisi\u00f3n en suspenso\",\"datePublished\":\"2021-06-09T21:15:25+00:00\",\"dateModified\":\"2021-06-09T21:17:05+00:00\",\"mainEntityOfPage\":{\"@id\":\"https:\/\/infoecos.com.ar\/index.php\/la-justicia-condeno-a-un-carnicero-de-pehuajo-a-la-pena-de-tres-anos-de-prision-en-suspenso\/\"},\"wordCount\":329,\"publisher\":{\"@id\":\"https:\/\/infoecos.com.ar\/#organization\"},\"image\":{\"@id\":\"https:\/\/infoecos.com.ar\/index.php\/la-justicia-condeno-a-un-carnicero-de-pehuajo-a-la-pena-de-tres-anos-de-prision-en-suspenso\/#primaryimage\"},\"thumbnailUrl\":\"https:\/\/infoecos.com.ar\/wp-content\/uploads\/2021\/06\/chorizos.jpg\",\"keywords\":[\"LO ADELANT\u00d3 365PEHUAJO.COM.AR\"],\"articleSection\":[\"C2 N3\"],\"inLanguage\":\"es\"},{\"@type\":\"WebPage\",\"@id\":\"https:\/\/infoecos.com.ar\/index.php\/la-justicia-condeno-a-un-carnicero-de-pehuajo-a-la-pena-de-tres-anos-de-prision-en-suspenso\/\",\"url\":\"https:\/\/infoecos.com.ar\/index.php\/la-justicia-condeno-a-un-carnicero-de-pehuajo-a-la-pena-de-tres-anos-de-prision-en-suspenso\/\",\"name\":\"Triquinosis: la Justicia conden\u00f3 a un carnicero de Pehuaj\u00f3 a la pena de tres a\u00f1os de prisi\u00f3n en suspenso - Infoecos\",\"isPartOf\":{\"@id\":\"https:\/\/infoecos.com.ar\/#website\"},\"primaryImageOfPage\":{\"@id\":\"https:\/\/infoecos.com.ar\/index.php\/la-justicia-condeno-a-un-carnicero-de-pehuajo-a-la-pena-de-tres-anos-de-prision-en-suspenso\/#primaryimage\"},\"image\":{\"@id\":\"https:\/\/infoecos.com.ar\/index.php\/la-justicia-condeno-a-un-carnicero-de-pehuajo-a-la-pena-de-tres-anos-de-prision-en-suspenso\/#primaryimage\"},\"thumbnailUrl\":\"https:\/\/infoecos.com.ar\/wp-content\/uploads\/2021\/06\/chorizos.jpg\",\"datePublished\":\"2021-06-09T21:15:25+00:00\",\"dateModified\":\"2021-06-09T21:17:05+00:00\",\"breadcrumb\":{\"@id\":\"https:\/\/infoecos.com.ar\/index.php\/la-justicia-condeno-a-un-carnicero-de-pehuajo-a-la-pena-de-tres-anos-de-prision-en-suspenso\/#breadcrumb\"},\"inLanguage\":\"es\",\"potentialAction\":[{\"@type\":\"ReadAction\",\"target\":[\"https:\/\/infoecos.com.ar\/index.php\/la-justicia-condeno-a-un-carnicero-de-pehuajo-a-la-pena-de-tres-anos-de-prision-en-suspenso\/\"]}]},{\"@type\":\"ImageObject\",\"inLanguage\":\"es\",\"@id\":\"https:\/\/infoecos.com.ar\/index.php\/la-justicia-condeno-a-un-carnicero-de-pehuajo-a-la-pena-de-tres-anos-de-prision-en-suspenso\/#primaryimage\",\"url\":\"https:\/\/infoecos.com.ar\/wp-content\/uploads\/2021\/06\/chorizos.jpg\",\"contentUrl\":\"https:\/\/infoecos.com.ar\/wp-content\/uploads\/2021\/06\/chorizos.jpg\",\"width\":1000,\"height\":667},{\"@type\":\"BreadcrumbList\",\"@id\":\"https:\/\/infoecos.com.ar\/index.php\/la-justicia-condeno-a-un-carnicero-de-pehuajo-a-la-pena-de-tres-anos-de-prision-en-suspenso\/#breadcrumb\",\"itemListElement\":[{\"@type\":\"ListItem\",\"position\":1,\"name\":\"Portada\",\"item\":\"https:\/\/infoecos.com.ar\/\"},{\"@type\":\"ListItem\",\"position\":2,\"name\":\"Triquinosis: la Justicia conden\u00f3 a un carnicero de Pehuaj\u00f3 a la pena de tres a\u00f1os de prisi\u00f3n en suspenso\"}]},{\"@type\":\"WebSite\",\"@id\":\"https:\/\/infoecos.com.ar\/#website\",\"url\":\"https:\/\/infoecos.com.ar\/\",\"name\":\"Infoecos\",\"description\":\"Noticias de trenque lauquen y la zona\",\"publisher\":{\"@id\":\"https:\/\/infoecos.com.ar\/#organization\"},\"alternateName\":\"Noticias\",\"potentialAction\":[{\"@type\":\"SearchAction\",\"target\":{\"@type\":\"EntryPoint\",\"urlTemplate\":\"https:\/\/infoecos.com.ar\/?s={search_term_string}\"},\"query-input\":{\"@type\":\"PropertyValueSpecification\",\"valueRequired\":true,\"valueName\":\"search_term_string\"}}],\"inLanguage\":\"es\"},{\"@type\":\"Organization\",\"@id\":\"https:\/\/infoecos.com.ar\/#organization\",\"name\":\"Infoecos\",\"alternateName\":\"Noticias\",\"url\":\"https:\/\/infoecos.com.ar\/\",\"logo\":{\"@type\":\"ImageObject\",\"inLanguage\":\"es\",\"@id\":\"https:\/\/infoecos.com.ar\/#\/schema\/logo\/image\/\",\"url\":\"https:\/\/infoecos.com.ar\/wp-content\/uploads\/2024\/03\/cropped-logo.png\",\"contentUrl\":\"https:\/\/infoecos.com.ar\/wp-content\/uploads\/2024\/03\/cropped-logo.png\",\"width\":374,\"height\":90,\"caption\":\"Infoecos\"},\"image\":{\"@id\":\"https:\/\/infoecos.com.ar\/#\/schema\/logo\/image\/\"},\"sameAs\":[\"https:\/\/www.facebook.com\/profile.php?id=100063200290284\",\"https:\/\/x.com\/infoecos\"]},{\"@type\":\"Person\",\"@id\":\"https:\/\/infoecos.com.ar\/#\/schema\/person\/8f5ace5ce73b4b4aac4b7245aee6f191\",\"name\":\"Jorge Matheus\",\"url\":\"https:\/\/infoecos.com.ar\/index.php\/author\/jomatheus\/\"}]}<\/script>\n<!-- \/ Yoast SEO plugin. -->","yoast_head_json":{"title":"Triquinosis: la Justicia conden\u00f3 a un carnicero de Pehuaj\u00f3 a la pena de tres a\u00f1os de prisi\u00f3n en suspenso - Infoecos","robots":{"index":"index","follow":"follow","max-snippet":"max-snippet:-1","max-image-preview":"max-image-preview:large","max-video-preview":"max-video-preview:-1"},"canonical":"https:\/\/infoecos.com.ar\/index.php\/la-justicia-condeno-a-un-carnicero-de-pehuajo-a-la-pena-de-tres-anos-de-prision-en-suspenso\/","og_locale":"es_ES","og_type":"article","og_title":"Triquinosis: la Justicia conden\u00f3 a un carnicero de Pehuaj\u00f3 a la pena de tres a\u00f1os de prisi\u00f3n en suspenso - Infoecos","og_description":"Y cuatro a\u00f1os de inhabilitaci\u00f3n especial para la fabricaci\u00f3n y elaboraci\u00f3n de productos alimenticios, con costas","og_url":"https:\/\/infoecos.com.ar\/index.php\/la-justicia-condeno-a-un-carnicero-de-pehuajo-a-la-pena-de-tres-anos-de-prision-en-suspenso\/","og_site_name":"Infoecos","article_publisher":"https:\/\/www.facebook.com\/profile.php?id=100063200290284","article_published_time":"2021-06-09T21:15:25+00:00","article_modified_time":"2021-06-09T21:17:05+00:00","og_image":[{"width":1000,"height":667,"url":"https:\/\/infoecos.com.ar\/wp-content\/uploads\/2021\/06\/chorizos.jpg","type":"image\/jpeg"}],"author":"Jorge Matheus","twitter_card":"summary_large_image","twitter_creator":"@infoecos","twitter_site":"@infoecos","twitter_misc":{"Escrito por":"Jorge Matheus","Tiempo de lectura":"2 minutos"},"schema":{"@context":"https:\/\/schema.org","@graph":[{"@type":"Article","@id":"https:\/\/infoecos.com.ar\/index.php\/la-justicia-condeno-a-un-carnicero-de-pehuajo-a-la-pena-de-tres-anos-de-prision-en-suspenso\/#article","isPartOf":{"@id":"https:\/\/infoecos.com.ar\/index.php\/la-justicia-condeno-a-un-carnicero-de-pehuajo-a-la-pena-de-tres-anos-de-prision-en-suspenso\/"},"author":{"name":"Jorge Matheus","@id":"https:\/\/infoecos.com.ar\/#\/schema\/person\/8f5ace5ce73b4b4aac4b7245aee6f191"},"headline":"Triquinosis: la Justicia conden\u00f3 a un carnicero de Pehuaj\u00f3 a la pena de tres a\u00f1os de prisi\u00f3n en suspenso","datePublished":"2021-06-09T21:15:25+00:00","dateModified":"2021-06-09T21:17:05+00:00","mainEntityOfPage":{"@id":"https:\/\/infoecos.com.ar\/index.php\/la-justicia-condeno-a-un-carnicero-de-pehuajo-a-la-pena-de-tres-anos-de-prision-en-suspenso\/"},"wordCount":329,"publisher":{"@id":"https:\/\/infoecos.com.ar\/#organization"},"image":{"@id":"https:\/\/infoecos.com.ar\/index.php\/la-justicia-condeno-a-un-carnicero-de-pehuajo-a-la-pena-de-tres-anos-de-prision-en-suspenso\/#primaryimage"},"thumbnailUrl":"https:\/\/infoecos.com.ar\/wp-content\/uploads\/2021\/06\/chorizos.jpg","keywords":["LO ADELANT\u00d3 365PEHUAJO.COM.AR"],"articleSection":["C2 N3"],"inLanguage":"es"},{"@type":"WebPage","@id":"https:\/\/infoecos.com.ar\/index.php\/la-justicia-condeno-a-un-carnicero-de-pehuajo-a-la-pena-de-tres-anos-de-prision-en-suspenso\/","url":"https:\/\/infoecos.com.ar\/index.php\/la-justicia-condeno-a-un-carnicero-de-pehuajo-a-la-pena-de-tres-anos-de-prision-en-suspenso\/","name":"Triquinosis: la Justicia conden\u00f3 a un carnicero de Pehuaj\u00f3 a la pena de tres a\u00f1os de prisi\u00f3n en suspenso - Infoecos","isPartOf":{"@id":"https:\/\/infoecos.com.ar\/#website"},"primaryImageOfPage":{"@id":"https:\/\/infoecos.com.ar\/index.php\/la-justicia-condeno-a-un-carnicero-de-pehuajo-a-la-pena-de-tres-anos-de-prision-en-suspenso\/#primaryimage"},"image":{"@id":"https:\/\/infoecos.com.ar\/index.php\/la-justicia-condeno-a-un-carnicero-de-pehuajo-a-la-pena-de-tres-anos-de-prision-en-suspenso\/#primaryimage"},"thumbnailUrl":"https:\/\/infoecos.com.ar\/wp-content\/uploads\/2021\/06\/chorizos.jpg","datePublished":"2021-06-09T21:15:25+00:00","dateModified":"2021-06-09T21:17:05+00:00","breadcrumb":{"@id":"https:\/\/infoecos.com.ar\/index.php\/la-justicia-condeno-a-un-carnicero-de-pehuajo-a-la-pena-de-tres-anos-de-prision-en-suspenso\/#breadcrumb"},"inLanguage":"es","potentialAction":[{"@type":"ReadAction","target":["https:\/\/infoecos.com.ar\/index.php\/la-justicia-condeno-a-un-carnicero-de-pehuajo-a-la-pena-de-tres-anos-de-prision-en-suspenso\/"]}]},{"@type":"ImageObject","inLanguage":"es","@id":"https:\/\/infoecos.com.ar\/index.php\/la-justicia-condeno-a-un-carnicero-de-pehuajo-a-la-pena-de-tres-anos-de-prision-en-suspenso\/#primaryimage","url":"https:\/\/infoecos.com.ar\/wp-content\/uploads\/2021\/06\/chorizos.jpg","contentUrl":"https:\/\/infoecos.com.ar\/wp-content\/uploads\/2021\/06\/chorizos.jpg","width":1000,"height":667},{"@type":"BreadcrumbList","@id":"https:\/\/infoecos.com.ar\/index.php\/la-justicia-condeno-a-un-carnicero-de-pehuajo-a-la-pena-de-tres-anos-de-prision-en-suspenso\/#breadcrumb","itemListElement":[{"@type":"ListItem","position":1,"name":"Portada","item":"https:\/\/infoecos.com.ar\/"},{"@type":"ListItem","position":2,"name":"Triquinosis: la Justicia conden\u00f3 a un carnicero de Pehuaj\u00f3 a la pena de tres a\u00f1os de prisi\u00f3n en suspenso"}]},{"@type":"WebSite","@id":"https:\/\/infoecos.com.ar\/#website","url":"https:\/\/infoecos.com.ar\/","name":"Infoecos","description":"Noticias de trenque lauquen y la zona","publisher":{"@id":"https:\/\/infoecos.com.ar\/#organization"},"alternateName":"Noticias","potentialAction":[{"@type":"SearchAction","target":{"@type":"EntryPoint","urlTemplate":"https:\/\/infoecos.com.ar\/?s={search_term_string}"},"query-input":{"@type":"PropertyValueSpecification","valueRequired":true,"valueName":"search_term_string"}}],"inLanguage":"es"},{"@type":"Organization","@id":"https:\/\/infoecos.com.ar\/#organization","name":"Infoecos","alternateName":"Noticias","url":"https:\/\/infoecos.com.ar\/","logo":{"@type":"ImageObject","inLanguage":"es","@id":"https:\/\/infoecos.com.ar\/#\/schema\/logo\/image\/","url":"https:\/\/infoecos.com.ar\/wp-content\/uploads\/2024\/03\/cropped-logo.png","contentUrl":"https:\/\/infoecos.com.ar\/wp-content\/uploads\/2024\/03\/cropped-logo.png","width":374,"height":90,"caption":"Infoecos"},"image":{"@id":"https:\/\/infoecos.com.ar\/#\/schema\/logo\/image\/"},"sameAs":["https:\/\/www.facebook.com\/profile.php?id=100063200290284","https:\/\/x.com\/infoecos"]},{"@type":"Person","@id":"https:\/\/infoecos.com.ar\/#\/schema\/person\/8f5ace5ce73b4b4aac4b7245aee6f191","name":"Jorge Matheus","url":"https:\/\/infoecos.com.ar\/index.php\/author\/jomatheus\/"}]}},"featured_image_urls":{"full":["https:\/\/infoecos.com.ar\/wp-content\/uploads\/2021\/06\/chorizos.jpg",1000,667,false],"thumbnail":["https:\/\/infoecos.com.ar\/wp-content\/uploads\/2021\/06\/chorizos-150x150.jpg",150,150,true],"medium":["https:\/\/infoecos.com.ar\/wp-content\/uploads\/2021\/06\/chorizos-460x307.jpg",460,307,true],"medium_large":["https:\/\/infoecos.com.ar\/wp-content\/uploads\/2021\/06\/chorizos-768x512.jpg",640,427,true],"large":["https:\/\/infoecos.com.ar\/wp-content\/uploads\/2021\/06\/chorizos-920x614.jpg",640,427,true],"1536x1536":["https:\/\/infoecos.com.ar\/wp-content\/uploads\/2021\/06\/chorizos.jpg",1000,667,false],"2048x2048":["https:\/\/infoecos.com.ar\/wp-content\/uploads\/2021\/06\/chorizos.jpg",1000,667,false],"covernews-slider-full":["https:\/\/infoecos.com.ar\/wp-content\/uploads\/2021\/06\/chorizos.jpg",1000,667,false],"covernews-slider-center":["https:\/\/infoecos.com.ar\/wp-content\/uploads\/2021\/06\/chorizos-936x667.jpg",702,500,true],"covernews-featured":["https:\/\/infoecos.com.ar\/wp-content\/uploads\/2021\/06\/chorizos.jpg",1000,667,false],"covernews-medium":["https:\/\/infoecos.com.ar\/wp-content\/uploads\/2021\/06\/chorizos-720x380.jpg",540,285,true],"covernews-medium-square":["https:\/\/infoecos.com.ar\/wp-content\/uploads\/2021\/06\/chorizos-675x450.jpg",375,250,true]},"author_info":{"info":["Jorge Matheus"]},"category_info":"<a href=\"https:\/\/infoecos.com.ar\/index.php\/category\/c2nota3\/\" rel=\"category tag\">C2 N3<\/a>","tag_info":"C2 N3","comment_count":"0","_links":{"self":[{"href":"https:\/\/infoecos.com.ar\/index.php\/wp-json\/wp\/v2\/posts\/79347"}],"collection":[{"href":"https:\/\/infoecos.com.ar\/index.php\/wp-json\/wp\/v2\/posts"}],"about":[{"href":"https:\/\/infoecos.com.ar\/index.php\/wp-json\/wp\/v2\/types\/post"}],"author":[{"embeddable":true,"href":"https:\/\/infoecos.com.ar\/index.php\/wp-json\/wp\/v2\/users\/2"}],"replies":[{"embeddable":true,"href":"https:\/\/infoecos.com.ar\/index.php\/wp-json\/wp\/v2\/comments?post=79347"}],"version-history":[{"count":2,"href":"https:\/\/infoecos.com.ar\/index.php\/wp-json\/wp\/v2\/posts\/79347\/revisions"}],"predecessor-version":[{"id":79351,"href":"https:\/\/infoecos.com.ar\/index.php\/wp-json\/wp\/v2\/posts\/79347\/revisions\/79351"}],"wp:featuredmedia":[{"embeddable":true,"href":"https:\/\/infoecos.com.ar\/index.php\/wp-json\/wp\/v2\/media\/79348"}],"wp:attachment":[{"href":"https:\/\/infoecos.com.ar\/index.php\/wp-json\/wp\/v2\/media?parent=79347"}],"wp:term":[{"taxonomy":"category","embeddable":true,"href":"https:\/\/infoecos.com.ar\/index.php\/wp-json\/wp\/v2\/categories?post=79347"},{"taxonomy":"post_tag","embeddable":true,"href":"https:\/\/infoecos.com.ar\/index.php\/wp-json\/wp\/v2\/tags?post=79347"}],"curies":[{"name":"wp","href":"https:\/\/api.w.org\/{rel}","templated":true}]}}