{"id":79357,"date":"2021-06-10T00:21:24","date_gmt":"2021-06-10T03:21:24","guid":{"rendered":"http:\/\/infoecos.com.ar\/?p=79357"},"modified":"2021-06-10T00:21:25","modified_gmt":"2021-06-10T03:21:25","slug":"la-juventud-radical-de-trenque-lauquen-organiza-una-charla-sobre-el-grooming-y-el-cyberbullying","status":"publish","type":"post","link":"https:\/\/infoecos.com.ar\/index.php\/la-juventud-radical-de-trenque-lauquen-organiza-una-charla-sobre-el-grooming-y-el-cyberbullying\/","title":{"rendered":"La Juventud Radical de Trenque Lauquen organiza una charla sobre el Grooming y el Cyberbullying"},"content":{"rendered":"\n<p class=\"wp-block-paragraph\">Para este viernes 11 de Junio a las 20:00 hs, la Juventud Radical de Trenque Lauquen, v\u00eda Zoom, ha organizado una charla donde la tem\u00e1tica central ser\u00e1 el Grooming y el Cyberbullying. <\/p>\n\n\n\n<div class=\"wp-block-image\"><figure class=\"aligncenter size-medium\"><img loading=\"lazy\" decoding=\"async\" width=\"460\" height=\"351\" src=\"http:\/\/infoecos.com.ar\/wp-content\/uploads\/2021\/06\/IMG_20210608_195216_737-460x351.jpg\" alt=\"\" class=\"wp-image-79358\" srcset=\"https:\/\/infoecos.com.ar\/wp-content\/uploads\/2021\/06\/IMG_20210608_195216_737-460x351.jpg 460w, https:\/\/infoecos.com.ar\/wp-content\/uploads\/2021\/06\/IMG_20210608_195216_737-920x702.jpg 920w, https:\/\/infoecos.com.ar\/wp-content\/uploads\/2021\/06\/IMG_20210608_195216_737-768x586.jpg 768w, https:\/\/infoecos.com.ar\/wp-content\/uploads\/2021\/06\/IMG_20210608_195216_737-1024x782.jpg 1024w, https:\/\/infoecos.com.ar\/wp-content\/uploads\/2021\/06\/IMG_20210608_195216_737.jpg 1280w\" sizes=\"auto, (max-width: 460px) 100vw, 460px\" \/><\/figure><\/div>\n\n\n\n<p class=\"wp-block-paragraph\">Disertar\u00e1n Eli Rietman (@elirietman), especialista en Tecnolog\u00eda de Educaci\u00f3n y exponente de Grooming Argentina y la Licenciada en Psicolog\u00eda de la UNLP y Maiten Aguero (@maitenaguero).<\/p>\n\n\n\n<p class=\"wp-block-paragraph\">En la invitaci\u00f3n que se ha cursado a los medios, los j\u00f3venes radicales exponen que \u00aben estos tiempos que corren, donde tanto ni\u00f1os como ni\u00f1as y adolescentes pasan mucho tiempo conectados a internet, las amenazas y casos de grooming como de cyberbullying han aumentado exponencialmente. Creemos m\u00e1s que importante generar desde nuestro espacio mayor conocimiento y visibilidad sobre estos temas\u00bb.<\/p>\n\n\n\n<p class=\"wp-block-paragraph\">Aportan la direcci\u00f3n del Zoom para quienes quieran participar:<\/p>\n\n\n\n<p class=\"wp-block-paragraph\"><strong>ID de reuni\u00f3n: 892 6849 0128<\/strong><\/p>\n\n\n\n<p class=\"wp-block-paragraph\"><strong>C\u00f3digo de acceso: 735958<\/strong><\/p>\n","protected":false},"excerpt":{"rendered":"<p>Disertar\u00e1n Eli Rietman (@elirietman), especialista en Tecnolog\u00eda de Educaci\u00f3n y exponente de Grooming Argentina y la Licenciada en Psicolog\u00eda de la UNLP y Maiten Aguero (@maitenaguero)<\/p>\n","protected":false},"author":2,"featured_media":79358,"comment_status":"closed","ping_status":"open","sticky":false,"template":"","format":"standard","meta":{"footnotes":""},"categories":[50],"tags":[3867],"class_list":["post-79357","post","type-post","status-publish","format-standard","has-post-thumbnail","hentry","category-c1nota4","tag-el-viernes-11-via-zoom"],"featured_image_urls":{"full":["https:\/\/infoecos.com.ar\/wp-content\/uploads\/2021\/06\/IMG_20210608_195216_737.jpg",1280,977,false],"thumbnail":["https:\/\/infoecos.com.ar\/wp-content\/uploads\/2021\/06\/IMG_20210608_195216_737-150x150.jpg",150,150,true],"medium":["https:\/\/infoecos.com.ar\/wp-content\/uploads\/2021\/06\/IMG_20210608_195216_737-460x351.jpg",460,351,true],"medium_large":["https:\/\/infoecos.com.ar\/wp-content\/uploads\/2021\/06\/IMG_20210608_195216_737-768x586.jpg",640,488,true],"large":["https:\/\/infoecos.com.ar\/wp-content\/uploads\/2021\/06\/IMG_20210608_195216_737-920x702.jpg",640,488,true],"1536x1536":["https:\/\/infoecos.com.ar\/wp-content\/uploads\/2021\/06\/IMG_20210608_195216_737.jpg",1280,977,false],"2048x2048":["https:\/\/infoecos.com.ar\/wp-content\/uploads\/2021\/06\/IMG_20210608_195216_737.jpg",1280,977,false],"covernews-slider-full":["https:\/\/infoecos.com.ar\/wp-content\/uploads\/2021\/06\/IMG_20210608_195216_737.jpg",937,715,false],"covernews-slider-center":["https:\/\/infoecos.com.ar\/wp-content\/uploads\/2021\/06\/IMG_20210608_195216_737-936x897.jpg",522,500,true],"covernews-featured":["https:\/\/infoecos.com.ar\/wp-content\/uploads\/2021\/06\/IMG_20210608_195216_737-1024x782.jpg",1024,782,true],"covernews-medium":["https:\/\/infoecos.com.ar\/wp-content\/uploads\/2021\/06\/IMG_20210608_195216_737-720x380.jpg",540,285,true],"covernews-medium-square":["https:\/\/infoecos.com.ar\/wp-content\/uploads\/2021\/06\/IMG_20210608_195216_737-675x450.jpg",375,250,true]},"author_info":{"info":["Jorge Matheus"]},"category_info":"<a href=\"https:\/\/infoecos.com.ar\/index.php\/category\/c1nota4\/\" rel=\"category tag\">C1 N4<\/a>","tag_info":"C1 N4","comment_count":"0","_links":{"self":[{"href":"https:\/\/infoecos.com.ar\/index.php\/wp-json\/wp\/v2\/posts\/79357","targetHints":{"allow":["GET"]}}],"collection":[{"href":"https:\/\/infoecos.com.ar\/index.php\/wp-json\/wp\/v2\/posts"}],"about":[{"href":"https:\/\/infoecos.com.ar\/index.php\/wp-json\/wp\/v2\/types\/post"}],"author":[{"embeddable":true,"href":"https:\/\/infoecos.com.ar\/index.php\/wp-json\/wp\/v2\/users\/2"}],"replies":[{"embeddable":true,"href":"https:\/\/infoecos.com.ar\/index.php\/wp-json\/wp\/v2\/comments?post=79357"}],"version-history":[{"count":1,"href":"https:\/\/infoecos.com.ar\/index.php\/wp-json\/wp\/v2\/posts\/79357\/revisions"}],"predecessor-version":[{"id":79359,"href":"https:\/\/infoecos.com.ar\/index.php\/wp-json\/wp\/v2\/posts\/79357\/revisions\/79359"}],"wp:featuredmedia":[{"embeddable":true,"href":"https:\/\/infoecos.com.ar\/index.php\/wp-json\/wp\/v2\/media\/79358"}],"wp:attachment":[{"href":"https:\/\/infoecos.com.ar\/index.php\/wp-json\/wp\/v2\/media?parent=79357"}],"wp:term":[{"taxonomy":"category","embeddable":true,"href":"https:\/\/infoecos.com.ar\/index.php\/wp-json\/wp\/v2\/categories?post=79357"},{"taxonomy":"post_tag","embeddable":true,"href":"https:\/\/infoecos.com.ar\/index.php\/wp-json\/wp\/v2\/tags?post=79357"}],"curies":[{"name":"wp","href":"https:\/\/api.w.org\/{rel}","templated":true}]}}