{"id":79360,"date":"2021-06-10T00:43:26","date_gmt":"2021-06-10T03:43:26","guid":{"rendered":"http:\/\/infoecos.com.ar\/?p=79360"},"modified":"2021-06-11T02:43:48","modified_gmt":"2021-06-11T05:43:48","slug":"se-recaudaron-14-925-000-pesos-para-el-hospital-de-general-villegas-y-se-compro-equipamiento","status":"publish","type":"post","link":"https:\/\/infoecos.com.ar\/index.php\/se-recaudaron-14-925-000-pesos-para-el-hospital-de-general-villegas-y-se-compro-equipamiento\/","title":{"rendered":"Se recaudaron 14.925.000 pesos para el Hospital de General Villegas y se compr\u00f3 equipamiento"},"content":{"rendered":"\n<p>Se recaudaron 14.925.000 pesos en la campa\u00f1a denominada <strong>Unidos en un Mismo Partido<\/strong> en General Villegas, destinada al Hospital Municipal \u00abNuestra Se\u00f1ora del Carmen\u00bb.<\/p>\n\n\n\n<div class=\"wp-block-image\"><figure class=\"aligncenter size-medium\"><img loading=\"lazy\" decoding=\"async\" width=\"460\" height=\"345\" src=\"http:\/\/infoecos.com.ar\/wp-content\/uploads\/2021\/06\/WhatsApp-Image-2021-06-09-at-13.14.58-1-460x345.jpeg\" alt=\"\" class=\"wp-image-79361\" srcset=\"https:\/\/infoecos.com.ar\/wp-content\/uploads\/2021\/06\/WhatsApp-Image-2021-06-09-at-13.14.58-1-460x345.jpeg 460w, https:\/\/infoecos.com.ar\/wp-content\/uploads\/2021\/06\/WhatsApp-Image-2021-06-09-at-13.14.58-1-920x690.jpeg 920w, https:\/\/infoecos.com.ar\/wp-content\/uploads\/2021\/06\/WhatsApp-Image-2021-06-09-at-13.14.58-1-768x576.jpeg 768w, https:\/\/infoecos.com.ar\/wp-content\/uploads\/2021\/06\/WhatsApp-Image-2021-06-09-at-13.14.58-1-1024x768.jpeg 1024w, https:\/\/infoecos.com.ar\/wp-content\/uploads\/2021\/06\/WhatsApp-Image-2021-06-09-at-13.14.58-1.jpeg 1280w\" sizes=\"(max-width: 460px) 100vw, 460px\" \/><\/figure><\/div>\n\n\n\n<p>El Director M\u00e9dico del centro de salud, Dr. Ra\u00fal Sala, y el Jefe de Terapia Intensiva, Dr. Hern\u00e1n V\u00e1zquez, recibieron la noticia, a la par de recepcionar equipamiento. <\/p>\n\n\n\n<p>Sandra Butvilofsky, titular de la cooperadora del hospital, manifest\u00f3 que \u201cen los \u00faltimos d\u00edas hemos tenido el contacto de la fundaci\u00f3n Bunge y Born que nos ha donado la suma de $2.500.000 pesos que nos ha hecho posible traer el equipamiento as\u00ed que estamos m\u00e1s que agradecidos y tambi\u00e9n vemos la alegr\u00eda que tienen los m\u00e9dicos y realmente nos reconforta poder traer todo esto para General Villegas para mejorar los servicios\u201d.<\/p>\n\n\n\n<div class=\"wp-block-image\"><figure class=\"aligncenter size-medium\"><img loading=\"lazy\" decoding=\"async\" width=\"460\" height=\"345\" src=\"http:\/\/infoecos.com.ar\/wp-content\/uploads\/2021\/06\/WhatsApp-Image-2021-06-09-at-13.14.59-460x345.jpeg\" alt=\"\" class=\"wp-image-79362\" srcset=\"https:\/\/infoecos.com.ar\/wp-content\/uploads\/2021\/06\/WhatsApp-Image-2021-06-09-at-13.14.59-460x345.jpeg 460w, https:\/\/infoecos.com.ar\/wp-content\/uploads\/2021\/06\/WhatsApp-Image-2021-06-09-at-13.14.59-920x690.jpeg 920w, https:\/\/infoecos.com.ar\/wp-content\/uploads\/2021\/06\/WhatsApp-Image-2021-06-09-at-13.14.59-768x576.jpeg 768w, https:\/\/infoecos.com.ar\/wp-content\/uploads\/2021\/06\/WhatsApp-Image-2021-06-09-at-13.14.59-1024x768.jpeg 1024w, https:\/\/infoecos.com.ar\/wp-content\/uploads\/2021\/06\/WhatsApp-Image-2021-06-09-at-13.14.59.jpeg 1280w\" sizes=\"(max-width: 460px) 100vw, 460px\" \/><\/figure><\/div>\n\n\n\n<p>\u201cQueda dinero para incorporar m\u00e1s tecnolog\u00eda novedosa para el hospital, lo que nos piden los m\u00e9dicos y estamos en ese camino para poder complementarlo\u201d, agreg\u00f3.<\/p>\n\n\n\n<p>Por su parte el Dr. Ra\u00fal Sala agradeci\u00f3 \u201ca toda la ciudadan\u00eda del Distrito de General Villegas que a trav\u00e9s de <strong>Unidos en un mismo Partido<\/strong> y la Cooperadora, y todos los que han colaborado, han hecho posible esta gran compra que permite que el Hospital Municipal, y m\u00e1s a\u00fan en esta situaci\u00f3n ante la demanda de toda la poblaci\u00f3n y en esta \u00e9poca por la cual estamos viviendo y seguimos incorporando nueva tecnolog\u00eda, avanzando en salud y esto es un logro que jam\u00e1s hab\u00edamos pensado que pod\u00edamos llegar a tener\u201d.<\/p>\n\n\n\n<div class=\"wp-block-image\"><figure class=\"aligncenter size-medium\"><img loading=\"lazy\" decoding=\"async\" width=\"460\" height=\"345\" src=\"http:\/\/infoecos.com.ar\/wp-content\/uploads\/2021\/06\/WhatsApp-Image-2021-06-09-at-13.14.57-460x345.jpeg\" alt=\"\" class=\"wp-image-79363\" srcset=\"https:\/\/infoecos.com.ar\/wp-content\/uploads\/2021\/06\/WhatsApp-Image-2021-06-09-at-13.14.57-460x345.jpeg 460w, https:\/\/infoecos.com.ar\/wp-content\/uploads\/2021\/06\/WhatsApp-Image-2021-06-09-at-13.14.57-920x690.jpeg 920w, https:\/\/infoecos.com.ar\/wp-content\/uploads\/2021\/06\/WhatsApp-Image-2021-06-09-at-13.14.57-768x576.jpeg 768w, https:\/\/infoecos.com.ar\/wp-content\/uploads\/2021\/06\/WhatsApp-Image-2021-06-09-at-13.14.57-1024x768.jpeg 1024w, https:\/\/infoecos.com.ar\/wp-content\/uploads\/2021\/06\/WhatsApp-Image-2021-06-09-at-13.14.57.jpeg 1280w\" sizes=\"(max-width: 460px) 100vw, 460px\" \/><\/figure><\/div>\n","protected":false},"excerpt":{"rendered":"<p>El Director M\u00e9dico del centro de salud, Dr. Ra\u00fal Sala, y el Jefe de Terapia Intensiva, Dr. Hern\u00e1n V\u00e1zquez, recibieron la noticia, a la par de recepcionar equipamiento<\/p>\n","protected":false},"author":2,"featured_media":79361,"comment_status":"closed","ping_status":"open","sticky":false,"template":"","format":"standard","meta":{"footnotes":""},"categories":[1341],"tags":[3868],"class_list":["post-79360","post","type-post","status-publish","format-standard","has-post-thumbnail","hentry","category-c1nota7","tag-campana-unidos-por-un-mismo-partido"],"yoast_head":"<!-- This site is optimized with the Yoast SEO plugin v23.4 - https:\/\/yoast.com\/wordpress\/plugins\/seo\/ -->\n<title>Se recaudaron 14.925.000 pesos para el Hospital de General Villegas y se compr\u00f3 equipamiento - Infoecos<\/title>\n<meta name=\"robots\" content=\"index, follow, max-snippet:-1, max-image-preview:large, max-video-preview:-1\" \/>\n<link rel=\"canonical\" href=\"https:\/\/infoecos.com.ar\/index.php\/se-recaudaron-14-925-000-pesos-para-el-hospital-de-general-villegas-y-se-compro-equipamiento\/\" \/>\n<meta property=\"og:locale\" content=\"es_ES\" \/>\n<meta property=\"og:type\" content=\"article\" \/>\n<meta property=\"og:title\" content=\"Se recaudaron 14.925.000 pesos para el Hospital de General Villegas y se compr\u00f3 equipamiento - Infoecos\" \/>\n<meta property=\"og:description\" content=\"El Director M\u00e9dico del centro de salud, Dr. Ra\u00fal Sala, y el Jefe de Terapia Intensiva, Dr. Hern\u00e1n V\u00e1zquez, recibieron la noticia, a la par de recepcionar equipamiento\" \/>\n<meta property=\"og:url\" content=\"https:\/\/infoecos.com.ar\/index.php\/se-recaudaron-14-925-000-pesos-para-el-hospital-de-general-villegas-y-se-compro-equipamiento\/\" \/>\n<meta property=\"og:site_name\" content=\"Infoecos\" \/>\n<meta property=\"article:publisher\" content=\"https:\/\/www.facebook.com\/profile.php?id=100063200290284\" \/>\n<meta property=\"article:published_time\" content=\"2021-06-10T03:43:26+00:00\" \/>\n<meta property=\"article:modified_time\" content=\"2021-06-11T05:43:48+00:00\" \/>\n<meta property=\"og:image\" content=\"https:\/\/infoecos.com.ar\/wp-content\/uploads\/2021\/06\/WhatsApp-Image-2021-06-09-at-13.14.58-1.jpeg\" \/>\n\t<meta property=\"og:image:width\" content=\"1280\" \/>\n\t<meta property=\"og:image:height\" content=\"960\" \/>\n\t<meta property=\"og:image:type\" content=\"image\/jpeg\" \/>\n<meta name=\"author\" content=\"Jorge Matheus\" \/>\n<meta name=\"twitter:card\" content=\"summary_large_image\" \/>\n<meta name=\"twitter:creator\" content=\"@infoecos\" \/>\n<meta name=\"twitter:site\" content=\"@infoecos\" \/>\n<meta name=\"twitter:label1\" content=\"Escrito por\" \/>\n\t<meta name=\"twitter:data1\" content=\"Jorge Matheus\" \/>\n\t<meta name=\"twitter:label2\" content=\"Tiempo de lectura\" \/>\n\t<meta name=\"twitter:data2\" content=\"1 minuto\" \/>\n<script type=\"application\/ld+json\" class=\"yoast-schema-graph\">{\"@context\":\"https:\/\/schema.org\",\"@graph\":[{\"@type\":\"Article\",\"@id\":\"https:\/\/infoecos.com.ar\/index.php\/se-recaudaron-14-925-000-pesos-para-el-hospital-de-general-villegas-y-se-compro-equipamiento\/#article\",\"isPartOf\":{\"@id\":\"https:\/\/infoecos.com.ar\/index.php\/se-recaudaron-14-925-000-pesos-para-el-hospital-de-general-villegas-y-se-compro-equipamiento\/\"},\"author\":{\"name\":\"Jorge Matheus\",\"@id\":\"https:\/\/infoecos.com.ar\/#\/schema\/person\/8f5ace5ce73b4b4aac4b7245aee6f191\"},\"headline\":\"Se recaudaron 14.925.000 pesos para el Hospital de General Villegas y se compr\u00f3 equipamiento\",\"datePublished\":\"2021-06-10T03:43:26+00:00\",\"dateModified\":\"2021-06-11T05:43:48+00:00\",\"mainEntityOfPage\":{\"@id\":\"https:\/\/infoecos.com.ar\/index.php\/se-recaudaron-14-925-000-pesos-para-el-hospital-de-general-villegas-y-se-compro-equipamiento\/\"},\"wordCount\":276,\"publisher\":{\"@id\":\"https:\/\/infoecos.com.ar\/#organization\"},\"image\":{\"@id\":\"https:\/\/infoecos.com.ar\/index.php\/se-recaudaron-14-925-000-pesos-para-el-hospital-de-general-villegas-y-se-compro-equipamiento\/#primaryimage\"},\"thumbnailUrl\":\"https:\/\/infoecos.com.ar\/wp-content\/uploads\/2021\/06\/WhatsApp-Image-2021-06-09-at-13.14.58-1.jpeg\",\"keywords\":[\"CAMPA\u00d1A &quot;UNIDOS POR UN MISMO PARTIDO&quot;\"],\"articleSection\":[\"C1 nota 7\"],\"inLanguage\":\"es\"},{\"@type\":\"WebPage\",\"@id\":\"https:\/\/infoecos.com.ar\/index.php\/se-recaudaron-14-925-000-pesos-para-el-hospital-de-general-villegas-y-se-compro-equipamiento\/\",\"url\":\"https:\/\/infoecos.com.ar\/index.php\/se-recaudaron-14-925-000-pesos-para-el-hospital-de-general-villegas-y-se-compro-equipamiento\/\",\"name\":\"Se recaudaron 14.925.000 pesos para el Hospital de General Villegas y se compr\u00f3 equipamiento - Infoecos\",\"isPartOf\":{\"@id\":\"https:\/\/infoecos.com.ar\/#website\"},\"primaryImageOfPage\":{\"@id\":\"https:\/\/infoecos.com.ar\/index.php\/se-recaudaron-14-925-000-pesos-para-el-hospital-de-general-villegas-y-se-compro-equipamiento\/#primaryimage\"},\"image\":{\"@id\":\"https:\/\/infoecos.com.ar\/index.php\/se-recaudaron-14-925-000-pesos-para-el-hospital-de-general-villegas-y-se-compro-equipamiento\/#primaryimage\"},\"thumbnailUrl\":\"https:\/\/infoecos.com.ar\/wp-content\/uploads\/2021\/06\/WhatsApp-Image-2021-06-09-at-13.14.58-1.jpeg\",\"datePublished\":\"2021-06-10T03:43:26+00:00\",\"dateModified\":\"2021-06-11T05:43:48+00:00\",\"breadcrumb\":{\"@id\":\"https:\/\/infoecos.com.ar\/index.php\/se-recaudaron-14-925-000-pesos-para-el-hospital-de-general-villegas-y-se-compro-equipamiento\/#breadcrumb\"},\"inLanguage\":\"es\",\"potentialAction\":[{\"@type\":\"ReadAction\",\"target\":[\"https:\/\/infoecos.com.ar\/index.php\/se-recaudaron-14-925-000-pesos-para-el-hospital-de-general-villegas-y-se-compro-equipamiento\/\"]}]},{\"@type\":\"ImageObject\",\"inLanguage\":\"es\",\"@id\":\"https:\/\/infoecos.com.ar\/index.php\/se-recaudaron-14-925-000-pesos-para-el-hospital-de-general-villegas-y-se-compro-equipamiento\/#primaryimage\",\"url\":\"https:\/\/infoecos.com.ar\/wp-content\/uploads\/2021\/06\/WhatsApp-Image-2021-06-09-at-13.14.58-1.jpeg\",\"contentUrl\":\"https:\/\/infoecos.com.ar\/wp-content\/uploads\/2021\/06\/WhatsApp-Image-2021-06-09-at-13.14.58-1.jpeg\",\"width\":1280,\"height\":960},{\"@type\":\"BreadcrumbList\",\"@id\":\"https:\/\/infoecos.com.ar\/index.php\/se-recaudaron-14-925-000-pesos-para-el-hospital-de-general-villegas-y-se-compro-equipamiento\/#breadcrumb\",\"itemListElement\":[{\"@type\":\"ListItem\",\"position\":1,\"name\":\"Portada\",\"item\":\"https:\/\/infoecos.com.ar\/\"},{\"@type\":\"ListItem\",\"position\":2,\"name\":\"Se recaudaron 14.925.000 pesos para el Hospital de General Villegas y se compr\u00f3 equipamiento\"}]},{\"@type\":\"WebSite\",\"@id\":\"https:\/\/infoecos.com.ar\/#website\",\"url\":\"https:\/\/infoecos.com.ar\/\",\"name\":\"Infoecos\",\"description\":\"Noticias de trenque lauquen y la zona\",\"publisher\":{\"@id\":\"https:\/\/infoecos.com.ar\/#organization\"},\"alternateName\":\"Noticias\",\"potentialAction\":[{\"@type\":\"SearchAction\",\"target\":{\"@type\":\"EntryPoint\",\"urlTemplate\":\"https:\/\/infoecos.com.ar\/?s={search_term_string}\"},\"query-input\":{\"@type\":\"PropertyValueSpecification\",\"valueRequired\":true,\"valueName\":\"search_term_string\"}}],\"inLanguage\":\"es\"},{\"@type\":\"Organization\",\"@id\":\"https:\/\/infoecos.com.ar\/#organization\",\"name\":\"Infoecos\",\"alternateName\":\"Noticias\",\"url\":\"https:\/\/infoecos.com.ar\/\",\"logo\":{\"@type\":\"ImageObject\",\"inLanguage\":\"es\",\"@id\":\"https:\/\/infoecos.com.ar\/#\/schema\/logo\/image\/\",\"url\":\"https:\/\/infoecos.com.ar\/wp-content\/uploads\/2024\/03\/cropped-logo.png\",\"contentUrl\":\"https:\/\/infoecos.com.ar\/wp-content\/uploads\/2024\/03\/cropped-logo.png\",\"width\":374,\"height\":90,\"caption\":\"Infoecos\"},\"image\":{\"@id\":\"https:\/\/infoecos.com.ar\/#\/schema\/logo\/image\/\"},\"sameAs\":[\"https:\/\/www.facebook.com\/profile.php?id=100063200290284\",\"https:\/\/x.com\/infoecos\"]},{\"@type\":\"Person\",\"@id\":\"https:\/\/infoecos.com.ar\/#\/schema\/person\/8f5ace5ce73b4b4aac4b7245aee6f191\",\"name\":\"Jorge Matheus\",\"url\":\"https:\/\/infoecos.com.ar\/index.php\/author\/jomatheus\/\"}]}<\/script>\n<!-- \/ Yoast SEO plugin. -->","yoast_head_json":{"title":"Se recaudaron 14.925.000 pesos para el Hospital de General Villegas y se compr\u00f3 equipamiento - Infoecos","robots":{"index":"index","follow":"follow","max-snippet":"max-snippet:-1","max-image-preview":"max-image-preview:large","max-video-preview":"max-video-preview:-1"},"canonical":"https:\/\/infoecos.com.ar\/index.php\/se-recaudaron-14-925-000-pesos-para-el-hospital-de-general-villegas-y-se-compro-equipamiento\/","og_locale":"es_ES","og_type":"article","og_title":"Se recaudaron 14.925.000 pesos para el Hospital de General Villegas y se compr\u00f3 equipamiento - Infoecos","og_description":"El Director M\u00e9dico del centro de salud, Dr. Ra\u00fal Sala, y el Jefe de Terapia Intensiva, Dr. Hern\u00e1n V\u00e1zquez, recibieron la noticia, a la par de recepcionar equipamiento","og_url":"https:\/\/infoecos.com.ar\/index.php\/se-recaudaron-14-925-000-pesos-para-el-hospital-de-general-villegas-y-se-compro-equipamiento\/","og_site_name":"Infoecos","article_publisher":"https:\/\/www.facebook.com\/profile.php?id=100063200290284","article_published_time":"2021-06-10T03:43:26+00:00","article_modified_time":"2021-06-11T05:43:48+00:00","og_image":[{"width":1280,"height":960,"url":"https:\/\/infoecos.com.ar\/wp-content\/uploads\/2021\/06\/WhatsApp-Image-2021-06-09-at-13.14.58-1.jpeg","type":"image\/jpeg"}],"author":"Jorge Matheus","twitter_card":"summary_large_image","twitter_creator":"@infoecos","twitter_site":"@infoecos","twitter_misc":{"Escrito por":"Jorge Matheus","Tiempo de lectura":"1 minuto"},"schema":{"@context":"https:\/\/schema.org","@graph":[{"@type":"Article","@id":"https:\/\/infoecos.com.ar\/index.php\/se-recaudaron-14-925-000-pesos-para-el-hospital-de-general-villegas-y-se-compro-equipamiento\/#article","isPartOf":{"@id":"https:\/\/infoecos.com.ar\/index.php\/se-recaudaron-14-925-000-pesos-para-el-hospital-de-general-villegas-y-se-compro-equipamiento\/"},"author":{"name":"Jorge Matheus","@id":"https:\/\/infoecos.com.ar\/#\/schema\/person\/8f5ace5ce73b4b4aac4b7245aee6f191"},"headline":"Se recaudaron 14.925.000 pesos para el Hospital de General Villegas y se compr\u00f3 equipamiento","datePublished":"2021-06-10T03:43:26+00:00","dateModified":"2021-06-11T05:43:48+00:00","mainEntityOfPage":{"@id":"https:\/\/infoecos.com.ar\/index.php\/se-recaudaron-14-925-000-pesos-para-el-hospital-de-general-villegas-y-se-compro-equipamiento\/"},"wordCount":276,"publisher":{"@id":"https:\/\/infoecos.com.ar\/#organization"},"image":{"@id":"https:\/\/infoecos.com.ar\/index.php\/se-recaudaron-14-925-000-pesos-para-el-hospital-de-general-villegas-y-se-compro-equipamiento\/#primaryimage"},"thumbnailUrl":"https:\/\/infoecos.com.ar\/wp-content\/uploads\/2021\/06\/WhatsApp-Image-2021-06-09-at-13.14.58-1.jpeg","keywords":["CAMPA\u00d1A &quot;UNIDOS POR UN MISMO PARTIDO&quot;"],"articleSection":["C1 nota 7"],"inLanguage":"es"},{"@type":"WebPage","@id":"https:\/\/infoecos.com.ar\/index.php\/se-recaudaron-14-925-000-pesos-para-el-hospital-de-general-villegas-y-se-compro-equipamiento\/","url":"https:\/\/infoecos.com.ar\/index.php\/se-recaudaron-14-925-000-pesos-para-el-hospital-de-general-villegas-y-se-compro-equipamiento\/","name":"Se recaudaron 14.925.000 pesos para el Hospital de General Villegas y se compr\u00f3 equipamiento - Infoecos","isPartOf":{"@id":"https:\/\/infoecos.com.ar\/#website"},"primaryImageOfPage":{"@id":"https:\/\/infoecos.com.ar\/index.php\/se-recaudaron-14-925-000-pesos-para-el-hospital-de-general-villegas-y-se-compro-equipamiento\/#primaryimage"},"image":{"@id":"https:\/\/infoecos.com.ar\/index.php\/se-recaudaron-14-925-000-pesos-para-el-hospital-de-general-villegas-y-se-compro-equipamiento\/#primaryimage"},"thumbnailUrl":"https:\/\/infoecos.com.ar\/wp-content\/uploads\/2021\/06\/WhatsApp-Image-2021-06-09-at-13.14.58-1.jpeg","datePublished":"2021-06-10T03:43:26+00:00","dateModified":"2021-06-11T05:43:48+00:00","breadcrumb":{"@id":"https:\/\/infoecos.com.ar\/index.php\/se-recaudaron-14-925-000-pesos-para-el-hospital-de-general-villegas-y-se-compro-equipamiento\/#breadcrumb"},"inLanguage":"es","potentialAction":[{"@type":"ReadAction","target":["https:\/\/infoecos.com.ar\/index.php\/se-recaudaron-14-925-000-pesos-para-el-hospital-de-general-villegas-y-se-compro-equipamiento\/"]}]},{"@type":"ImageObject","inLanguage":"es","@id":"https:\/\/infoecos.com.ar\/index.php\/se-recaudaron-14-925-000-pesos-para-el-hospital-de-general-villegas-y-se-compro-equipamiento\/#primaryimage","url":"https:\/\/infoecos.com.ar\/wp-content\/uploads\/2021\/06\/WhatsApp-Image-2021-06-09-at-13.14.58-1.jpeg","contentUrl":"https:\/\/infoecos.com.ar\/wp-content\/uploads\/2021\/06\/WhatsApp-Image-2021-06-09-at-13.14.58-1.jpeg","width":1280,"height":960},{"@type":"BreadcrumbList","@id":"https:\/\/infoecos.com.ar\/index.php\/se-recaudaron-14-925-000-pesos-para-el-hospital-de-general-villegas-y-se-compro-equipamiento\/#breadcrumb","itemListElement":[{"@type":"ListItem","position":1,"name":"Portada","item":"https:\/\/infoecos.com.ar\/"},{"@type":"ListItem","position":2,"name":"Se recaudaron 14.925.000 pesos para el Hospital de General Villegas y se compr\u00f3 equipamiento"}]},{"@type":"WebSite","@id":"https:\/\/infoecos.com.ar\/#website","url":"https:\/\/infoecos.com.ar\/","name":"Infoecos","description":"Noticias de trenque lauquen y la zona","publisher":{"@id":"https:\/\/infoecos.com.ar\/#organization"},"alternateName":"Noticias","potentialAction":[{"@type":"SearchAction","target":{"@type":"EntryPoint","urlTemplate":"https:\/\/infoecos.com.ar\/?s={search_term_string}"},"query-input":{"@type":"PropertyValueSpecification","valueRequired":true,"valueName":"search_term_string"}}],"inLanguage":"es"},{"@type":"Organization","@id":"https:\/\/infoecos.com.ar\/#organization","name":"Infoecos","alternateName":"Noticias","url":"https:\/\/infoecos.com.ar\/","logo":{"@type":"ImageObject","inLanguage":"es","@id":"https:\/\/infoecos.com.ar\/#\/schema\/logo\/image\/","url":"https:\/\/infoecos.com.ar\/wp-content\/uploads\/2024\/03\/cropped-logo.png","contentUrl":"https:\/\/infoecos.com.ar\/wp-content\/uploads\/2024\/03\/cropped-logo.png","width":374,"height":90,"caption":"Infoecos"},"image":{"@id":"https:\/\/infoecos.com.ar\/#\/schema\/logo\/image\/"},"sameAs":["https:\/\/www.facebook.com\/profile.php?id=100063200290284","https:\/\/x.com\/infoecos"]},{"@type":"Person","@id":"https:\/\/infoecos.com.ar\/#\/schema\/person\/8f5ace5ce73b4b4aac4b7245aee6f191","name":"Jorge Matheus","url":"https:\/\/infoecos.com.ar\/index.php\/author\/jomatheus\/"}]}},"featured_image_urls":{"full":["https:\/\/infoecos.com.ar\/wp-content\/uploads\/2021\/06\/WhatsApp-Image-2021-06-09-at-13.14.58-1.jpeg",1280,960,false],"thumbnail":["https:\/\/infoecos.com.ar\/wp-content\/uploads\/2021\/06\/WhatsApp-Image-2021-06-09-at-13.14.58-1-150x150.jpeg",150,150,true],"medium":["https:\/\/infoecos.com.ar\/wp-content\/uploads\/2021\/06\/WhatsApp-Image-2021-06-09-at-13.14.58-1-460x345.jpeg",460,345,true],"medium_large":["https:\/\/infoecos.com.ar\/wp-content\/uploads\/2021\/06\/WhatsApp-Image-2021-06-09-at-13.14.58-1-768x576.jpeg",640,480,true],"large":["https:\/\/infoecos.com.ar\/wp-content\/uploads\/2021\/06\/WhatsApp-Image-2021-06-09-at-13.14.58-1-920x690.jpeg",640,480,true],"1536x1536":["https:\/\/infoecos.com.ar\/wp-content\/uploads\/2021\/06\/WhatsApp-Image-2021-06-09-at-13.14.58-1.jpeg",1280,960,false],"2048x2048":["https:\/\/infoecos.com.ar\/wp-content\/uploads\/2021\/06\/WhatsApp-Image-2021-06-09-at-13.14.58-1.jpeg",1280,960,false],"covernews-slider-full":["https:\/\/infoecos.com.ar\/wp-content\/uploads\/2021\/06\/WhatsApp-Image-2021-06-09-at-13.14.58-1.jpeg",953,715,false],"covernews-slider-center":["https:\/\/infoecos.com.ar\/wp-content\/uploads\/2021\/06\/WhatsApp-Image-2021-06-09-at-13.14.58-1-936x897.jpeg",522,500,true],"covernews-featured":["https:\/\/infoecos.com.ar\/wp-content\/uploads\/2021\/06\/WhatsApp-Image-2021-06-09-at-13.14.58-1-1024x768.jpeg",1024,768,true],"covernews-medium":["https:\/\/infoecos.com.ar\/wp-content\/uploads\/2021\/06\/WhatsApp-Image-2021-06-09-at-13.14.58-1-720x380.jpeg",540,285,true],"covernews-medium-square":["https:\/\/infoecos.com.ar\/wp-content\/uploads\/2021\/06\/WhatsApp-Image-2021-06-09-at-13.14.58-1-675x450.jpeg",375,250,true]},"author_info":{"info":["Jorge Matheus"]},"category_info":"<a href=\"https:\/\/infoecos.com.ar\/index.php\/category\/c1nota7\/\" rel=\"category tag\">C1 nota 7<\/a>","tag_info":"C1 nota 7","comment_count":"0","_links":{"self":[{"href":"https:\/\/infoecos.com.ar\/index.php\/wp-json\/wp\/v2\/posts\/79360"}],"collection":[{"href":"https:\/\/infoecos.com.ar\/index.php\/wp-json\/wp\/v2\/posts"}],"about":[{"href":"https:\/\/infoecos.com.ar\/index.php\/wp-json\/wp\/v2\/types\/post"}],"author":[{"embeddable":true,"href":"https:\/\/infoecos.com.ar\/index.php\/wp-json\/wp\/v2\/users\/2"}],"replies":[{"embeddable":true,"href":"https:\/\/infoecos.com.ar\/index.php\/wp-json\/wp\/v2\/comments?post=79360"}],"version-history":[{"count":1,"href":"https:\/\/infoecos.com.ar\/index.php\/wp-json\/wp\/v2\/posts\/79360\/revisions"}],"predecessor-version":[{"id":79364,"href":"https:\/\/infoecos.com.ar\/index.php\/wp-json\/wp\/v2\/posts\/79360\/revisions\/79364"}],"wp:featuredmedia":[{"embeddable":true,"href":"https:\/\/infoecos.com.ar\/index.php\/wp-json\/wp\/v2\/media\/79361"}],"wp:attachment":[{"href":"https:\/\/infoecos.com.ar\/index.php\/wp-json\/wp\/v2\/media?parent=79360"}],"wp:term":[{"taxonomy":"category","embeddable":true,"href":"https:\/\/infoecos.com.ar\/index.php\/wp-json\/wp\/v2\/categories?post=79360"},{"taxonomy":"post_tag","embeddable":true,"href":"https:\/\/infoecos.com.ar\/index.php\/wp-json\/wp\/v2\/tags?post=79360"}],"curies":[{"name":"wp","href":"https:\/\/api.w.org\/{rel}","templated":true}]}}