{"id":79365,"date":"2021-06-10T00:55:03","date_gmt":"2021-06-10T03:55:03","guid":{"rendered":"http:\/\/infoecos.com.ar\/?p=79365"},"modified":"2021-06-10T00:55:04","modified_gmt":"2021-06-10T03:55:04","slug":"el-gobierno-de-la-provincia-envio-mas-de-145-mil-nuevos-turnos-para-la-segunda-dosis-de-las-vacunas","status":"publish","type":"post","link":"https:\/\/infoecos.com.ar\/index.php\/el-gobierno-de-la-provincia-envio-mas-de-145-mil-nuevos-turnos-para-la-segunda-dosis-de-las-vacunas\/","title":{"rendered":"El gobierno de la provincia envi\u00f3 m\u00e1s de 145 mil nuevos turnos para la segunda dosis de las vacunas"},"content":{"rendered":"\n<p class=\"wp-block-paragraph\">El Gobierno bonaerense envi\u00f3 m\u00e1s de 145 mil nuevos turnos para la segunda dosis de las vacunas contra el coronavirus que se aplican en los 135 distritos de la provincia de Buenos Aires, inform\u00f3 el Ministerio de Salud a cargo de Daniel Gollan.<\/p>\n\n\n\n<p class=\"wp-block-paragraph\">\u00abAcaban de enviarse 145.800 nuevos turnos para segundas dosis de la vacunaci\u00f3n que empiezan a aplicarse a partir de este jueves\u00bb, anunci\u00f3 la cartera sanitaria en su cuenta de Twitter.<\/p>\n\n\n\n<p class=\"wp-block-paragraph\">El gobernador Axel Kicillof afirm\u00f3 que\u00a0<strong>4.550.114 bonaerenses ya recibieron la primera dosis de la vacuna<\/strong>\u00a0contra el coronavirus en el distrito.<\/p>\n\n\n\n<figure class=\"wp-block-embed is-type-rich is-provider-twitter wp-block-embed-twitter\"><div class=\"wp-block-embed__wrapper\">\nhttps:\/\/twitter.com\/Kicillofok\/status\/1402764574491828231\n<\/div><\/figure>\n\n\n\n<p class=\"wp-block-paragraph\">Lo hizo a trav\u00e9s de un posteo en redes sociales en el que destac\u00f3, adem\u00e1s, que&nbsp;<strong>1.067.282 fueron inmunizados con la segunda dosis.<\/strong><\/p>\n\n\n\n<p class=\"wp-block-paragraph\">En ese sentido, precis\u00f3 que<strong>&nbsp;ya fueron vacunadas: 1.244.718 personas mayores de 70 a\u00f1os,<\/strong>&nbsp;lo que representa el<strong>&nbsp;91,55%;<\/strong>&nbsp;y 1.162.555 de&nbsp;<strong>entre 60 y 69 a\u00f1os, lo que significa el 90,48<\/strong>%.<\/p>\n\n\n\n<p class=\"wp-block-paragraph\">Tambi\u00e9n, fueron inoculados 1.166.570 de bonaerenses de entre 18 y 59 a\u00f1os con comorbilidades, lo que representa el 64,66%; 306.183 docentes, lo que llega al 59,77%; y 81.615 de trabajadores de las fuerzas de seguridad, que implica el 48,41%.<\/p>\n","protected":false},"excerpt":{"rendered":"<p>El gobernador afirm\u00f3 que 4.550.114 bonaerenses ya recibieron la primera dosis de la vacuna contra el coronavirus en el distrito<\/p>\n","protected":false},"author":2,"featured_media":78354,"comment_status":"closed","ping_status":"open","sticky":false,"template":"","format":"standard","meta":{"footnotes":""},"categories":[198],"tags":[3869],"class_list":["post-79365","post","type-post","status-publish","format-standard","has-post-thumbnail","hentry","category-c1nota5","tag-lo-anuncio-kicillof"],"featured_image_urls":{"full":["https:\/\/infoecos.com.ar\/wp-content\/uploads\/2021\/05\/2021_05_19_AK_Videoconferencia_SGE_8721-scaled.jpg",2560,1704,false],"thumbnail":["https:\/\/infoecos.com.ar\/wp-content\/uploads\/2021\/05\/2021_05_19_AK_Videoconferencia_SGE_8721-150x150.jpg",150,150,true],"medium":["https:\/\/infoecos.com.ar\/wp-content\/uploads\/2021\/05\/2021_05_19_AK_Videoconferencia_SGE_8721-460x306.jpg",460,306,true],"medium_large":["https:\/\/infoecos.com.ar\/wp-content\/uploads\/2021\/05\/2021_05_19_AK_Videoconferencia_SGE_8721-768x511.jpg",640,426,true],"large":["https:\/\/infoecos.com.ar\/wp-content\/uploads\/2021\/05\/2021_05_19_AK_Videoconferencia_SGE_8721-920x612.jpg",640,426,true],"1536x1536":["https:\/\/infoecos.com.ar\/wp-content\/uploads\/2021\/05\/2021_05_19_AK_Videoconferencia_SGE_8721-1536x1022.jpg",1536,1022,true],"2048x2048":["https:\/\/infoecos.com.ar\/wp-content\/uploads\/2021\/05\/2021_05_19_AK_Videoconferencia_SGE_8721-2048x1363.jpg",2048,1363,true],"covernews-slider-full":["https:\/\/infoecos.com.ar\/wp-content\/uploads\/2021\/05\/2021_05_19_AK_Videoconferencia_SGE_8721-1536x1020.jpg",1077,715,true],"covernews-slider-center":["https:\/\/infoecos.com.ar\/wp-content\/uploads\/2021\/05\/2021_05_19_AK_Videoconferencia_SGE_8721-936x897.jpg",522,500,true],"covernews-featured":["https:\/\/infoecos.com.ar\/wp-content\/uploads\/2021\/05\/2021_05_19_AK_Videoconferencia_SGE_8721-1024x682.jpg",1024,682,true],"covernews-medium":["https:\/\/infoecos.com.ar\/wp-content\/uploads\/2021\/05\/2021_05_19_AK_Videoconferencia_SGE_8721-720x380.jpg",540,285,true],"covernews-medium-square":["https:\/\/infoecos.com.ar\/wp-content\/uploads\/2021\/05\/2021_05_19_AK_Videoconferencia_SGE_8721-675x450.jpg",375,250,true]},"author_info":{"info":["Jorge Matheus"]},"category_info":"<a href=\"https:\/\/infoecos.com.ar\/index.php\/category\/c1nota5\/\" rel=\"category tag\">C1 nota 5<\/a>","tag_info":"C1 nota 5","comment_count":"0","_links":{"self":[{"href":"https:\/\/infoecos.com.ar\/index.php\/wp-json\/wp\/v2\/posts\/79365","targetHints":{"allow":["GET"]}}],"collection":[{"href":"https:\/\/infoecos.com.ar\/index.php\/wp-json\/wp\/v2\/posts"}],"about":[{"href":"https:\/\/infoecos.com.ar\/index.php\/wp-json\/wp\/v2\/types\/post"}],"author":[{"embeddable":true,"href":"https:\/\/infoecos.com.ar\/index.php\/wp-json\/wp\/v2\/users\/2"}],"replies":[{"embeddable":true,"href":"https:\/\/infoecos.com.ar\/index.php\/wp-json\/wp\/v2\/comments?post=79365"}],"version-history":[{"count":1,"href":"https:\/\/infoecos.com.ar\/index.php\/wp-json\/wp\/v2\/posts\/79365\/revisions"}],"predecessor-version":[{"id":79366,"href":"https:\/\/infoecos.com.ar\/index.php\/wp-json\/wp\/v2\/posts\/79365\/revisions\/79366"}],"wp:featuredmedia":[{"embeddable":true,"href":"https:\/\/infoecos.com.ar\/index.php\/wp-json\/wp\/v2\/media\/78354"}],"wp:attachment":[{"href":"https:\/\/infoecos.com.ar\/index.php\/wp-json\/wp\/v2\/media?parent=79365"}],"wp:term":[{"taxonomy":"category","embeddable":true,"href":"https:\/\/infoecos.com.ar\/index.php\/wp-json\/wp\/v2\/categories?post=79365"},{"taxonomy":"post_tag","embeddable":true,"href":"https:\/\/infoecos.com.ar\/index.php\/wp-json\/wp\/v2\/tags?post=79365"}],"curies":[{"name":"wp","href":"https:\/\/api.w.org\/{rel}","templated":true}]}}