{"id":79367,"date":"2021-06-10T00:59:14","date_gmt":"2021-06-10T03:59:14","guid":{"rendered":"http:\/\/infoecos.com.ar\/?p=79367"},"modified":"2021-06-12T02:59:10","modified_gmt":"2021-06-12T05:59:10","slug":"senadores-de-juntos-por-el-cambio-bonaerenses-quieren-declarar-a-la-actividad-fisica-y-al-deporte-como-practica-esencial","status":"publish","type":"post","link":"https:\/\/infoecos.com.ar\/index.php\/senadores-de-juntos-por-el-cambio-bonaerenses-quieren-declarar-a-la-actividad-fisica-y-al-deporte-como-practica-esencial\/","title":{"rendered":"Senadores de Juntos por el Cambio bonaerenses quieren declarar a la actividad f\u00edsica y al deporte como pr\u00e1ctica esencial"},"content":{"rendered":"\n<p class=\"wp-block-paragraph\">La Comisi\u00f3n de Deportes del Senado bonaerense, presidida por el senador&nbsp;<strong>Owen Fern\u00e1ndez<\/strong>&nbsp;de Juntos por el Cambio, recibi\u00f3 este mi\u00e9rcoles a distintos referentes relacionados al deporte para debatir sobre un proyecto de Ley que busca declarar a la actividad f\u00edsica y al deporte como una pr\u00e1ctica esencial en territorio bonaerense.<\/p>\n\n\n\n<p class=\"wp-block-paragraph\">Se trata de una iniciativa presentada por su compa\u00f1ero de bancada,&nbsp;<strong>Andr\u00e9s De Leo<\/strong>, que se encuentra actualmente en estudio por dicha comisi\u00f3n. Fern\u00e1ndez, en tanto, explic\u00f3 que \u201cel deporte es esencial para la salud y para la econom\u00eda de muchos bonaerenses\u201d.<\/p>\n\n\n\n<div class=\"wp-block-image\"><figure class=\"aligncenter size-medium\"><img loading=\"lazy\" decoding=\"async\" width=\"460\" height=\"258\" src=\"http:\/\/infoecos.com.ar\/wp-content\/uploads\/2021\/06\/fernandezowen-460x258.jpg\" alt=\"\" class=\"wp-image-79368\" srcset=\"https:\/\/infoecos.com.ar\/wp-content\/uploads\/2021\/06\/fernandezowen-460x258.jpg 460w, https:\/\/infoecos.com.ar\/wp-content\/uploads\/2021\/06\/fernandezowen-768x430.jpg 768w, https:\/\/infoecos.com.ar\/wp-content\/uploads\/2021\/06\/fernandezowen.jpg 880w\" sizes=\"auto, (max-width: 460px) 100vw, 460px\" \/><\/figure><\/div>\n\n\n\n<p class=\"wp-block-paragraph\">Los oradores del encuentro fueron&nbsp;<strong>Guido V\u00e1zquez<\/strong>, m\u00e9dico neur\u00f3logo, docente universitario de la Fundaci\u00f3n Favaloro e integrante del equipo del neurocient\u00edfico de&nbsp;<strong>Facundo Manes<\/strong>,&nbsp;<strong>Federico Molinari<\/strong>, gimnasta campe\u00f3n sudamericano y panamericano, y finalista ol\u00edmpico en Londres 2012, y&nbsp;<strong>Diego C\u00e1ceres<\/strong>, licenciado en Nutrici\u00f3n y profesor de Educaci\u00f3n F\u00edsica con un m\u00e1ster en Medicina Integrativa.<\/p>\n\n\n\n<p class=\"wp-block-paragraph\">En esa l\u00ednea, el legislador de Juntos por el Cambio sostuvo que \u201cla pr\u00e1ctica deportiva es fundamental para nuestra salud\u201d. En este sentido, concluy\u00f3: \u201cLa vuelta de la actividad es clave para recuperar un sector que estuvo parado mucho tiempo sufriendo enormes p\u00e9rdidas econ\u00f3micas\u201d.<\/p>\n","protected":false},"excerpt":{"rendered":"<p>Fern\u00e1ndez, en tanto, explic\u00f3 que \u201cel deporte es esencial para la salud y para la econom\u00eda de muchos bonaerenses\u201d<\/p>\n","protected":false},"author":2,"featured_media":79369,"comment_status":"closed","ping_status":"open","sticky":false,"template":"","format":"standard","meta":{"footnotes":""},"categories":[44],"tags":[3870],"class_list":["post-79367","post","type-post","status-publish","format-standard","has-post-thumbnail","hentry","category-inferior5","tag-el-proyecto-presentado-por-andres-de-leo"],"featured_image_urls":{"full":["https:\/\/infoecos.com.ar\/wp-content\/uploads\/2021\/06\/despacho.jpeg",1280,721,false],"thumbnail":["https:\/\/infoecos.com.ar\/wp-content\/uploads\/2021\/06\/despacho-150x150.jpeg",150,150,true],"medium":["https:\/\/infoecos.com.ar\/wp-content\/uploads\/2021\/06\/despacho-460x259.jpeg",460,259,true],"medium_large":["https:\/\/infoecos.com.ar\/wp-content\/uploads\/2021\/06\/despacho-768x433.jpeg",640,361,true],"large":["https:\/\/infoecos.com.ar\/wp-content\/uploads\/2021\/06\/despacho-920x518.jpeg",640,360,true],"1536x1536":["https:\/\/infoecos.com.ar\/wp-content\/uploads\/2021\/06\/despacho.jpeg",1280,721,false],"2048x2048":["https:\/\/infoecos.com.ar\/wp-content\/uploads\/2021\/06\/despacho.jpeg",1280,721,false],"covernews-slider-full":["https:\/\/infoecos.com.ar\/wp-content\/uploads\/2021\/06\/despacho.jpeg",1115,628,false],"covernews-slider-center":["https:\/\/infoecos.com.ar\/wp-content\/uploads\/2021\/06\/despacho-936x721.jpeg",649,500,true],"covernews-featured":["https:\/\/infoecos.com.ar\/wp-content\/uploads\/2021\/06\/despacho-1024x577.jpeg",1024,577,true],"covernews-medium":["https:\/\/infoecos.com.ar\/wp-content\/uploads\/2021\/06\/despacho-720x380.jpeg",540,285,true],"covernews-medium-square":["https:\/\/infoecos.com.ar\/wp-content\/uploads\/2021\/06\/despacho-675x450.jpeg",375,250,true]},"author_info":{"info":["Jorge Matheus"]},"category_info":"<a href=\"https:\/\/infoecos.com.ar\/index.php\/category\/inferior5\/\" rel=\"category tag\">Bloque inferior - 5<\/a>","tag_info":"Bloque inferior - 5","comment_count":"0","_links":{"self":[{"href":"https:\/\/infoecos.com.ar\/index.php\/wp-json\/wp\/v2\/posts\/79367","targetHints":{"allow":["GET"]}}],"collection":[{"href":"https:\/\/infoecos.com.ar\/index.php\/wp-json\/wp\/v2\/posts"}],"about":[{"href":"https:\/\/infoecos.com.ar\/index.php\/wp-json\/wp\/v2\/types\/post"}],"author":[{"embeddable":true,"href":"https:\/\/infoecos.com.ar\/index.php\/wp-json\/wp\/v2\/users\/2"}],"replies":[{"embeddable":true,"href":"https:\/\/infoecos.com.ar\/index.php\/wp-json\/wp\/v2\/comments?post=79367"}],"version-history":[{"count":1,"href":"https:\/\/infoecos.com.ar\/index.php\/wp-json\/wp\/v2\/posts\/79367\/revisions"}],"predecessor-version":[{"id":79370,"href":"https:\/\/infoecos.com.ar\/index.php\/wp-json\/wp\/v2\/posts\/79367\/revisions\/79370"}],"wp:featuredmedia":[{"embeddable":true,"href":"https:\/\/infoecos.com.ar\/index.php\/wp-json\/wp\/v2\/media\/79369"}],"wp:attachment":[{"href":"https:\/\/infoecos.com.ar\/index.php\/wp-json\/wp\/v2\/media?parent=79367"}],"wp:term":[{"taxonomy":"category","embeddable":true,"href":"https:\/\/infoecos.com.ar\/index.php\/wp-json\/wp\/v2\/categories?post=79367"},{"taxonomy":"post_tag","embeddable":true,"href":"https:\/\/infoecos.com.ar\/index.php\/wp-json\/wp\/v2\/tags?post=79367"}],"curies":[{"name":"wp","href":"https:\/\/api.w.org\/{rel}","templated":true}]}}