{"id":79376,"date":"2021-06-10T01:15:12","date_gmt":"2021-06-10T04:15:12","guid":{"rendered":"http:\/\/infoecos.com.ar\/?p=79376"},"modified":"2021-06-10T01:15:13","modified_gmt":"2021-06-10T04:15:13","slug":"los-presidentes-de-argentina-y-espana-llamaron-a-hacer-mas-solidos-los-vinculos-entre-ambos-paises","status":"publish","type":"post","link":"https:\/\/infoecos.com.ar\/index.php\/los-presidentes-de-argentina-y-espana-llamaron-a-hacer-mas-solidos-los-vinculos-entre-ambos-paises\/","title":{"rendered":"Los presidentes de Argentina y Espa\u00f1a llamaron a hacer m\u00e1s s\u00f3lidos los v\u00ednculos entre ambos pa\u00edses"},"content":{"rendered":"\n<p class=\"wp-block-paragraph\">El presidente Alberto Fern\u00e1ndez y el jefe de Gobierno espa\u00f1ol, Pedro S\u00e1nchez,&nbsp;<strong>ratificaron los v\u00ednculos de ambas naciones y llamaron a hacerlos \u00aba\u00fan m\u00e1s s\u00f3lidos\u00bb a uno y otro lado del Atl\u00e1ntico&nbsp;<\/strong>para lograr mayores inversiones, una distribuci\u00f3n m\u00e1s equitativa de las vacunas contra el coronavirus y el apoyo necesario para que Argentina pueda obtener una reprogramaci\u00f3n de los vencimientos de deuda con organismos multilaterales de cr\u00e9dito.<\/p>\n\n\n\n<div class=\"wp-block-image\"><figure class=\"aligncenter size-medium\"><img loading=\"lazy\" decoding=\"async\" width=\"460\" height=\"259\" src=\"http:\/\/infoecos.com.ar\/wp-content\/uploads\/2021\/06\/FERNANDEZYSANCHEZ-460x259.jpg\" alt=\"\" class=\"wp-image-79377\" srcset=\"https:\/\/infoecos.com.ar\/wp-content\/uploads\/2021\/06\/FERNANDEZYSANCHEZ-460x259.jpg 460w, https:\/\/infoecos.com.ar\/wp-content\/uploads\/2021\/06\/FERNANDEZYSANCHEZ-920x518.jpg 920w, https:\/\/infoecos.com.ar\/wp-content\/uploads\/2021\/06\/FERNANDEZYSANCHEZ-768x432.jpg 768w, https:\/\/infoecos.com.ar\/wp-content\/uploads\/2021\/06\/FERNANDEZYSANCHEZ.jpg 1004w\" sizes=\"auto, (max-width: 460px) 100vw, 460px\" \/><\/figure><\/div>\n\n\n\n<p class=\"wp-block-paragraph\">Estos fueron los ejes del encuentro que mantuvieron ambos mandatarios junto a empresarios de las dos naciones en el Museo del Bicentenario de la Casa Rosada y luego en una conferencia de prensa conjunta que encabezaron en las afueras de la Casa de Gobierno, con presencia de medios locales y espa\u00f1oles.<\/p>\n\n\n\n<p class=\"wp-block-paragraph\">S\u00e1nchez destac\u00f3 \u00ablas medidas que ha adoptado el presidente Alberto Fern\u00e1ndez para defender la salud p\u00fablica y la vida de sus compatriotas\u00bb en el marco de la pandemia por coronavirus y tambi\u00e9n se sum\u00f3 al reclamo argentino de una \u00abdistribuci\u00f3n m\u00e1s equitativa de las dosis\u00bb para lo que remarcaron como urgente \u00abacelerar la distribuci\u00f3n global de vacunas\u00bb.<\/p>\n\n\n\n<p class=\"wp-block-paragraph\">S\u00e1nchez pidi\u00f3 tambi\u00e9n que se transfiera \u00abla tecnolog\u00eda necesaria para la producci\u00f3n local de f\u00e1rmacos\u00bb como para contribuir a ese objetivo y haya mayor oferta de dosis.<\/p>\n\n\n\n<p class=\"wp-block-paragraph\">En este marco,&nbsp;<strong><a href=\"https:\/\/www.telam.com.ar\/notas\/202106\/557141-pedro-sanchez-vacuna-sputnik-v-ingreso-union-europea.html\" target=\"_blank\" rel=\"noreferrer noopener\">S\u00e1nchez se refiri\u00f3 a la vacuna Sputnik V y coment\u00f3 que \u201ces uno de los debates que estamos teniendo con la UE\u00bb.<\/a><\/strong><\/p>\n\n\n\n<p class=\"wp-block-paragraph\">\u00abMe atrevo a decir que son vacunas y no tendr\u00edan que ser obst\u00e1culos para la movilidad entre continentes aunque no est\u00e9n homologadas\u201d, dijo.<\/p>\n\n\n\n<figure class=\"wp-block-embed is-type-video is-provider-youtube wp-block-embed-youtube wp-embed-aspect-16-9 wp-has-aspect-ratio\"><div class=\"wp-block-embed__wrapper\">\n<iframe loading=\"lazy\" title=\"Fern\u00e1ndez asegur\u00f3 que &quot;es un momento magn\u00edfico&quot; para que Espa\u00f1a invierta en Argentina\" width=\"640\" height=\"360\" src=\"https:\/\/www.youtube.com\/embed\/kq-mQwnLwwk?feature=oembed\" frameborder=\"0\" allow=\"accelerometer; autoplay; clipboard-write; encrypted-media; gyroscope; picture-in-picture; web-share\" referrerpolicy=\"strict-origin-when-cross-origin\" allowfullscreen><\/iframe>\n<\/div><\/figure>\n","protected":false},"excerpt":{"rendered":"<p>El presidente Alberto Fern\u00e1ndez y el jefe de Gobierno espa\u00f1ol, Pedro S\u00e1nchez,&nbsp;ratificaron los v\u00ednculos de&#8230;<\/p>\n","protected":false},"author":2,"featured_media":79377,"comment_status":"closed","ping_status":"open","sticky":false,"template":"","format":"standard","meta":{"footnotes":""},"categories":[1327,1323,1328],"tags":[3871],"class_list":["post-79376","post","type-post","status-publish","format-standard","has-post-thumbnail","hentry","category-audio","category-c2nota5","category-video","tag-culmino-la-visita-de-sanchez"],"featured_image_urls":{"full":["https:\/\/infoecos.com.ar\/wp-content\/uploads\/2021\/06\/FERNANDEZYSANCHEZ.jpg",1004,565,false],"thumbnail":["https:\/\/infoecos.com.ar\/wp-content\/uploads\/2021\/06\/FERNANDEZYSANCHEZ-150x150.jpg",150,150,true],"medium":["https:\/\/infoecos.com.ar\/wp-content\/uploads\/2021\/06\/FERNANDEZYSANCHEZ-460x259.jpg",460,259,true],"medium_large":["https:\/\/infoecos.com.ar\/wp-content\/uploads\/2021\/06\/FERNANDEZYSANCHEZ-768x432.jpg",640,360,true],"large":["https:\/\/infoecos.com.ar\/wp-content\/uploads\/2021\/06\/FERNANDEZYSANCHEZ-920x518.jpg",640,360,true],"1536x1536":["https:\/\/infoecos.com.ar\/wp-content\/uploads\/2021\/06\/FERNANDEZYSANCHEZ.jpg",1004,565,false],"2048x2048":["https:\/\/infoecos.com.ar\/wp-content\/uploads\/2021\/06\/FERNANDEZYSANCHEZ.jpg",1004,565,false],"covernews-slider-full":["https:\/\/infoecos.com.ar\/wp-content\/uploads\/2021\/06\/FERNANDEZYSANCHEZ.jpg",1004,565,false],"covernews-slider-center":["https:\/\/infoecos.com.ar\/wp-content\/uploads\/2021\/06\/FERNANDEZYSANCHEZ-936x565.jpg",800,483,true],"covernews-featured":["https:\/\/infoecos.com.ar\/wp-content\/uploads\/2021\/06\/FERNANDEZYSANCHEZ.jpg",1004,565,false],"covernews-medium":["https:\/\/infoecos.com.ar\/wp-content\/uploads\/2021\/06\/FERNANDEZYSANCHEZ-720x380.jpg",540,285,true],"covernews-medium-square":["https:\/\/infoecos.com.ar\/wp-content\/uploads\/2021\/06\/FERNANDEZYSANCHEZ-675x450.jpg",375,250,true]},"author_info":{"info":["Jorge Matheus"]},"category_info":"<a href=\"https:\/\/infoecos.com.ar\/index.php\/category\/audio\/\" rel=\"category tag\">Audio<\/a> <a href=\"https:\/\/infoecos.com.ar\/index.php\/category\/c2nota5\/\" rel=\"category tag\">C2 N5<\/a> <a href=\"https:\/\/infoecos.com.ar\/index.php\/category\/video\/\" rel=\"category tag\">Video<\/a>","tag_info":"Video","comment_count":"0","_links":{"self":[{"href":"https:\/\/infoecos.com.ar\/index.php\/wp-json\/wp\/v2\/posts\/79376","targetHints":{"allow":["GET"]}}],"collection":[{"href":"https:\/\/infoecos.com.ar\/index.php\/wp-json\/wp\/v2\/posts"}],"about":[{"href":"https:\/\/infoecos.com.ar\/index.php\/wp-json\/wp\/v2\/types\/post"}],"author":[{"embeddable":true,"href":"https:\/\/infoecos.com.ar\/index.php\/wp-json\/wp\/v2\/users\/2"}],"replies":[{"embeddable":true,"href":"https:\/\/infoecos.com.ar\/index.php\/wp-json\/wp\/v2\/comments?post=79376"}],"version-history":[{"count":1,"href":"https:\/\/infoecos.com.ar\/index.php\/wp-json\/wp\/v2\/posts\/79376\/revisions"}],"predecessor-version":[{"id":79378,"href":"https:\/\/infoecos.com.ar\/index.php\/wp-json\/wp\/v2\/posts\/79376\/revisions\/79378"}],"wp:featuredmedia":[{"embeddable":true,"href":"https:\/\/infoecos.com.ar\/index.php\/wp-json\/wp\/v2\/media\/79377"}],"wp:attachment":[{"href":"https:\/\/infoecos.com.ar\/index.php\/wp-json\/wp\/v2\/media?parent=79376"}],"wp:term":[{"taxonomy":"category","embeddable":true,"href":"https:\/\/infoecos.com.ar\/index.php\/wp-json\/wp\/v2\/categories?post=79376"},{"taxonomy":"post_tag","embeddable":true,"href":"https:\/\/infoecos.com.ar\/index.php\/wp-json\/wp\/v2\/tags?post=79376"}],"curies":[{"name":"wp","href":"https:\/\/api.w.org\/{rel}","templated":true}]}}