{"id":79449,"date":"2021-06-11T02:20:05","date_gmt":"2021-06-11T05:20:05","guid":{"rendered":"http:\/\/infoecos.com.ar\/?p=79449"},"modified":"2021-06-11T02:20:06","modified_gmt":"2021-06-11T05:20:06","slug":"bajo-el-numero-de-contagios-en-bragado-pero-se-registraron-tres-fallecimientos","status":"publish","type":"post","link":"https:\/\/infoecos.com.ar\/index.php\/bajo-el-numero-de-contagios-en-bragado-pero-se-registraron-tres-fallecimientos\/","title":{"rendered":"Baj\u00f3 el n\u00famero de contagios en Bragado, pero se registraron tres fallecimientos"},"content":{"rendered":"\n<p class=\"wp-block-paragraph\">La cantidad de nuevos contagios en Bragado fue inferior a la de d\u00edas anteriores y tambi\u00e9n se registr\u00f3 una leve baja de los casos activos<strong>. <\/strong>De todas maneras se inform\u00f3 el fallecimiento de dos mujeres de 69 y 61 a\u00f1os respectivamente que se encontraban en la Unidad de Terapia Intensiva y de un hombre de 88 a\u00f1os que estaba la sala COVID.<\/p>\n\n\n\n<p class=\"wp-block-paragraph\">Actualmente hay 963 casos activos: 916 de la ciudad de Bragado y 47 de los cuarteles<strong>\u00a0<\/strong>(32 de O\u00b4Brien, 8 de Irala, 3 de Comodoro Py, 3 de Mechita y 1 de La Limpia). La mayor\u00eda se encuentra cursando la enfermedad en sus respectivos domicilios (o la quinta \u201cLa Esperanza\u201d) por tratarse de casos leves, aunque tambi\u00e9n\u00a0hay 68 que se encuentran internados por cuadros moderados o graves (5 en UTI)<strong>.<\/strong><\/p>\n\n\n\n<div class=\"wp-block-image\"><figure class=\"aligncenter size-large\"><img loading=\"lazy\" decoding=\"async\" width=\"526\" height=\"575\" src=\"http:\/\/infoecos.com.ar\/wp-content\/uploads\/2021\/06\/reportebragado-1.jpg\" alt=\"\" class=\"wp-image-79450\" srcset=\"https:\/\/infoecos.com.ar\/wp-content\/uploads\/2021\/06\/reportebragado-1.jpg 526w, https:\/\/infoecos.com.ar\/wp-content\/uploads\/2021\/06\/reportebragado-1-421x460.jpg 421w\" sizes=\"auto, (max-width: 526px) 100vw, 526px\" \/><\/figure><\/div>\n","protected":false},"excerpt":{"rendered":"<p>Actualmente hay 963 casos activos: 916 de la ciudad de Bragado y 47 de los cuarteles (32 de O\u00b4Brien, 8 de Irala, 3 de Comodoro Py, 3 de Mechita y 1 de La Limpia)<\/p>\n","protected":false},"author":2,"featured_media":68895,"comment_status":"closed","ping_status":"open","sticky":false,"template":"","format":"standard","meta":{"footnotes":""},"categories":[49],"tags":[1785],"class_list":["post-79449","post","type-post","status-publish","format-standard","has-post-thumbnail","hentry","category-c3nota3","tag-coronavirus"],"featured_image_urls":{"full":["https:\/\/infoecos.com.ar\/wp-content\/uploads\/2020\/10\/pandemia031020.jpg",700,353,false],"thumbnail":["https:\/\/infoecos.com.ar\/wp-content\/uploads\/2020\/10\/pandemia031020-150x150.jpg",150,150,true],"medium":["https:\/\/infoecos.com.ar\/wp-content\/uploads\/2020\/10\/pandemia031020-460x232.jpg",460,232,true],"medium_large":["https:\/\/infoecos.com.ar\/wp-content\/uploads\/2020\/10\/pandemia031020.jpg",640,323,false],"large":["https:\/\/infoecos.com.ar\/wp-content\/uploads\/2020\/10\/pandemia031020.jpg",640,323,false],"1536x1536":["https:\/\/infoecos.com.ar\/wp-content\/uploads\/2020\/10\/pandemia031020.jpg",700,353,false],"2048x2048":["https:\/\/infoecos.com.ar\/wp-content\/uploads\/2020\/10\/pandemia031020.jpg",700,353,false],"covernews-slider-full":["https:\/\/infoecos.com.ar\/wp-content\/uploads\/2020\/10\/pandemia031020.jpg",700,353,false],"covernews-slider-center":["https:\/\/infoecos.com.ar\/wp-content\/uploads\/2020\/10\/pandemia031020.jpg",700,353,false],"covernews-featured":["https:\/\/infoecos.com.ar\/wp-content\/uploads\/2020\/10\/pandemia031020.jpg",700,353,false],"covernews-medium":["https:\/\/infoecos.com.ar\/wp-content\/uploads\/2020\/10\/pandemia031020.jpg",540,272,false],"covernews-medium-square":["https:\/\/infoecos.com.ar\/wp-content\/uploads\/2020\/10\/pandemia031020-675x353.jpg",400,209,true]},"author_info":{"info":["Jorge Matheus"]},"category_info":"<a href=\"https:\/\/infoecos.com.ar\/index.php\/category\/c3nota3\/\" rel=\"category tag\">C3 N3<\/a>","tag_info":"C3 N3","comment_count":"0","_links":{"self":[{"href":"https:\/\/infoecos.com.ar\/index.php\/wp-json\/wp\/v2\/posts\/79449","targetHints":{"allow":["GET"]}}],"collection":[{"href":"https:\/\/infoecos.com.ar\/index.php\/wp-json\/wp\/v2\/posts"}],"about":[{"href":"https:\/\/infoecos.com.ar\/index.php\/wp-json\/wp\/v2\/types\/post"}],"author":[{"embeddable":true,"href":"https:\/\/infoecos.com.ar\/index.php\/wp-json\/wp\/v2\/users\/2"}],"replies":[{"embeddable":true,"href":"https:\/\/infoecos.com.ar\/index.php\/wp-json\/wp\/v2\/comments?post=79449"}],"version-history":[{"count":1,"href":"https:\/\/infoecos.com.ar\/index.php\/wp-json\/wp\/v2\/posts\/79449\/revisions"}],"predecessor-version":[{"id":79451,"href":"https:\/\/infoecos.com.ar\/index.php\/wp-json\/wp\/v2\/posts\/79449\/revisions\/79451"}],"wp:featuredmedia":[{"embeddable":true,"href":"https:\/\/infoecos.com.ar\/index.php\/wp-json\/wp\/v2\/media\/68895"}],"wp:attachment":[{"href":"https:\/\/infoecos.com.ar\/index.php\/wp-json\/wp\/v2\/media?parent=79449"}],"wp:term":[{"taxonomy":"category","embeddable":true,"href":"https:\/\/infoecos.com.ar\/index.php\/wp-json\/wp\/v2\/categories?post=79449"},{"taxonomy":"post_tag","embeddable":true,"href":"https:\/\/infoecos.com.ar\/index.php\/wp-json\/wp\/v2\/tags?post=79449"}],"curies":[{"name":"wp","href":"https:\/\/api.w.org\/{rel}","templated":true}]}}