{"id":79472,"date":"2021-06-12T01:01:42","date_gmt":"2021-06-12T04:01:42","guid":{"rendered":"http:\/\/infoecos.com.ar\/?p=79472"},"modified":"2021-06-12T01:01:43","modified_gmt":"2021-06-12T04:01:43","slug":"la-feria-ecofines-este-sabado-de-10-a-14-en-el-playon-de-la-estacion-de-trenque-lauquen","status":"publish","type":"post","link":"https:\/\/infoecos.com.ar\/index.php\/la-feria-ecofines-este-sabado-de-10-a-14-en-el-playon-de-la-estacion-de-trenque-lauquen\/","title":{"rendered":"La Feria Ecofines este s\u00e1bado de 10 a 14 en el play\u00f3n de la Estaci\u00f3n de Trenque Lauquen"},"content":{"rendered":"\n<p class=\"wp-block-paragraph\">La Feria Ecofines \u201campliada\u201d o \u201cgrande\u201d volver\u00e1 a instalarse esta s\u00e1bado de 10 a 14 horas en el play\u00f3n de la Estaci\u00f3n y lo har\u00e1 con su amplia variedad de trabajos artesanales, productos de huerta, insumos para productos agroecol\u00f3gicos, alimentos y plantas.<\/p>\n\n\n\n<div class=\"wp-block-image\"><figure class=\"aligncenter size-medium\"><img loading=\"lazy\" decoding=\"async\" width=\"460\" height=\"306\" src=\"http:\/\/infoecos.com.ar\/wp-content\/uploads\/2021\/06\/Ecofines-460x306.jpg\" alt=\"\" class=\"wp-image-79169\" srcset=\"https:\/\/infoecos.com.ar\/wp-content\/uploads\/2021\/06\/Ecofines-460x306.jpg 460w, https:\/\/infoecos.com.ar\/wp-content\/uploads\/2021\/06\/Ecofines-768x512.jpg 768w, https:\/\/infoecos.com.ar\/wp-content\/uploads\/2021\/06\/Ecofines-675x450.jpg 675w, https:\/\/infoecos.com.ar\/wp-content\/uploads\/2021\/06\/Ecofines.jpg 800w\" sizes=\"auto, (max-width: 460px) 100vw, 460px\" \/><\/figure><\/div>\n\n\n\n<p class=\"wp-block-paragraph\">Tambi\u00e9n estar\u00e1 presente el puesto de Ecocanje, de la direcci\u00f3n de Medio Ambiente municipal, con entrega de compost y plantines para seguir colaborando con el medio ambiente.<\/p>\n\n\n\n<p class=\"wp-block-paragraph\">Tanto feriantes como los vecinos que se acerquen a la feria deber\u00e1n respetar las medidas sanitarias vigentes por la pandemia de Covid-19 que incluyen: uso correcto del barbijo (que tape la boca y nariz), distanciamiento social y no compartir infusiones, seg\u00fan recomienda el equipo de Salud del distrito para prevenir la propagaci\u00f3n de la enfermedad.<\/p>\n","protected":false},"excerpt":{"rendered":"<p>Tambi\u00e9n estar\u00e1 presente el puesto de Ecocanje, de la direcci\u00f3n de Medio Ambiente municipal, con entrega de compost y plantines para seguir colaborando con el medio ambiente<\/p>\n","protected":false},"author":2,"featured_media":79169,"comment_status":"closed","ping_status":"open","sticky":false,"template":"","format":"standard","meta":{"footnotes":""},"categories":[24],"tags":[3883],"class_list":["post-79472","post","type-post","status-publish","format-standard","has-post-thumbnail","hentry","category-c1nota3","tag-produccion-local"],"featured_image_urls":{"full":["https:\/\/infoecos.com.ar\/wp-content\/uploads\/2021\/06\/Ecofines.jpg",800,533,false],"thumbnail":["https:\/\/infoecos.com.ar\/wp-content\/uploads\/2021\/06\/Ecofines-150x150.jpg",150,150,true],"medium":["https:\/\/infoecos.com.ar\/wp-content\/uploads\/2021\/06\/Ecofines-460x306.jpg",460,306,true],"medium_large":["https:\/\/infoecos.com.ar\/wp-content\/uploads\/2021\/06\/Ecofines-768x512.jpg",640,427,true],"large":["https:\/\/infoecos.com.ar\/wp-content\/uploads\/2021\/06\/Ecofines.jpg",640,426,false],"1536x1536":["https:\/\/infoecos.com.ar\/wp-content\/uploads\/2021\/06\/Ecofines.jpg",800,533,false],"2048x2048":["https:\/\/infoecos.com.ar\/wp-content\/uploads\/2021\/06\/Ecofines.jpg",800,533,false],"covernews-slider-full":["https:\/\/infoecos.com.ar\/wp-content\/uploads\/2021\/06\/Ecofines.jpg",800,533,false],"covernews-slider-center":["https:\/\/infoecos.com.ar\/wp-content\/uploads\/2021\/06\/Ecofines.jpg",750,500,false],"covernews-featured":["https:\/\/infoecos.com.ar\/wp-content\/uploads\/2021\/06\/Ecofines.jpg",800,533,false],"covernews-medium":["https:\/\/infoecos.com.ar\/wp-content\/uploads\/2021\/06\/Ecofines-720x380.jpg",540,285,true],"covernews-medium-square":["https:\/\/infoecos.com.ar\/wp-content\/uploads\/2021\/06\/Ecofines-675x450.jpg",375,250,true]},"author_info":{"info":["Jorge Matheus"]},"category_info":"<a href=\"https:\/\/infoecos.com.ar\/index.php\/category\/c1nota3\/\" rel=\"category tag\">C1 N3<\/a>","tag_info":"C1 N3","comment_count":"0","_links":{"self":[{"href":"https:\/\/infoecos.com.ar\/index.php\/wp-json\/wp\/v2\/posts\/79472","targetHints":{"allow":["GET"]}}],"collection":[{"href":"https:\/\/infoecos.com.ar\/index.php\/wp-json\/wp\/v2\/posts"}],"about":[{"href":"https:\/\/infoecos.com.ar\/index.php\/wp-json\/wp\/v2\/types\/post"}],"author":[{"embeddable":true,"href":"https:\/\/infoecos.com.ar\/index.php\/wp-json\/wp\/v2\/users\/2"}],"replies":[{"embeddable":true,"href":"https:\/\/infoecos.com.ar\/index.php\/wp-json\/wp\/v2\/comments?post=79472"}],"version-history":[{"count":1,"href":"https:\/\/infoecos.com.ar\/index.php\/wp-json\/wp\/v2\/posts\/79472\/revisions"}],"predecessor-version":[{"id":79473,"href":"https:\/\/infoecos.com.ar\/index.php\/wp-json\/wp\/v2\/posts\/79472\/revisions\/79473"}],"wp:featuredmedia":[{"embeddable":true,"href":"https:\/\/infoecos.com.ar\/index.php\/wp-json\/wp\/v2\/media\/79169"}],"wp:attachment":[{"href":"https:\/\/infoecos.com.ar\/index.php\/wp-json\/wp\/v2\/media?parent=79472"}],"wp:term":[{"taxonomy":"category","embeddable":true,"href":"https:\/\/infoecos.com.ar\/index.php\/wp-json\/wp\/v2\/categories?post=79472"},{"taxonomy":"post_tag","embeddable":true,"href":"https:\/\/infoecos.com.ar\/index.php\/wp-json\/wp\/v2\/tags?post=79472"}],"curies":[{"name":"wp","href":"https:\/\/api.w.org\/{rel}","templated":true}]}}