{"id":79494,"date":"2021-06-12T01:55:35","date_gmt":"2021-06-12T04:55:35","guid":{"rendered":"http:\/\/infoecos.com.ar\/?p=79494"},"modified":"2021-06-14T02:03:46","modified_gmt":"2021-06-14T05:03:46","slug":"se-presentaron-los-avances-de-la-primera-y-segunda-etapa-del-proyecto-de-regionalizacion-de-la-produccion-y-el-consumo","status":"publish","type":"post","link":"https:\/\/infoecos.com.ar\/index.php\/se-presentaron-los-avances-de-la-primera-y-segunda-etapa-del-proyecto-de-regionalizacion-de-la-produccion-y-el-consumo\/","title":{"rendered":"Avances de la primera y segunda etapa del Proyecto de Regionalizaci\u00f3n de la Producci\u00f3n y el Consumo"},"content":{"rendered":"\n<p>Los avances de la primera y segunda etapa del proyecto de Regionalizaci\u00f3n de la Producci\u00f3n y el Consumo que impulsa el municipio de Trenque Lauquen, en articulaci\u00f3n con los distritos que forman parte del grupo RIL (Red de Innovaci\u00f3n Local) y que apunta a promover pol\u00edticas p\u00fablicas de desarrollo de las econom\u00edas regionales, fueron presentados al intendente municipal, Miguel Fern\u00e1ndez, a funcionarios de su gabinete y a referentes de las distintas fuerzas pol\u00edticas, entidades financieras, gremiales empresarias, sindicatos, sistema educativo e instituciones del tercer sector.<\/p>\n\n\n\n<div class=\"wp-block-image\"><figure class=\"aligncenter size-large\"><img loading=\"lazy\" decoding=\"async\" width=\"653\" height=\"347\" src=\"http:\/\/infoecos.com.ar\/wp-content\/uploads\/2021\/06\/Proyecto-Regionalizacion-y-Consumo-2.jpg\" alt=\"\" class=\"wp-image-79495\" srcset=\"https:\/\/infoecos.com.ar\/wp-content\/uploads\/2021\/06\/Proyecto-Regionalizacion-y-Consumo-2.jpg 653w, https:\/\/infoecos.com.ar\/wp-content\/uploads\/2021\/06\/Proyecto-Regionalizacion-y-Consumo-2-460x244.jpg 460w\" sizes=\"(max-width: 653px) 100vw, 653px\" \/><\/figure><\/div>\n\n\n\n<p>La presentaci\u00f3n estuvo a cargo de la subsecretaria de Desarrollo Econ\u00f3mico y Producci\u00f3n del Municipio, Clarisa Fabris, y los presentes en la reuni\u00f3n, que se desarroll\u00f3 a trav\u00e9s de la modalidad virtual por la pandemia de Covid-19, ya hab\u00edan sido convocados el a\u00f1o pasado para trabajar en conjunto en la propuesta.<\/p>\n\n\n\n<p>\u201cHicimos la presentaci\u00f3n de los avances de este proyecto de Regionalizaci\u00f3n de la producci\u00f3n y el consumo, que dentro del trabajo que venimos articulando con todos los municipios del grupo de secretarios de Producci\u00f3n, coordinados por RIL (Red de Innovaci\u00f3n Local), venimos haciendo desde finales de 2019\u201d, inform\u00f3 esta ma\u00f1ana (viernes) la subsecretaria de Desarrollo Econ\u00f3mico y Producci\u00f3n, Clarisa Fabris.<\/p>\n\n\n\n<p>El grupo RIL est\u00e1 integrado por los municipios de Florentino Ameghino, General Villegas, Rivadavia, Pellegrini, Carlos Casares y Trenque Lauquen.<\/p>\n\n\n\n<p>\u201cEsta puesta en com\u00fan de los avances busca fortalecer el compromiso y la confianza de todos y cada uno de los participantes con el objetivo de lograr que sigan siendo parte de la construcci\u00f3n de un sistema estad\u00edstico local\u201d, dijo.<\/p>\n\n\n\n<figure class=\"wp-block-image size-large\"><img loading=\"lazy\" decoding=\"async\" width=\"920\" height=\"382\" src=\"http:\/\/infoecos.com.ar\/wp-content\/uploads\/2021\/06\/Proyecto-Regionalizacion-y-Consumo-3-920x382.jpg\" alt=\"\" class=\"wp-image-79496\" srcset=\"https:\/\/infoecos.com.ar\/wp-content\/uploads\/2021\/06\/Proyecto-Regionalizacion-y-Consumo-3-920x382.jpg 920w, https:\/\/infoecos.com.ar\/wp-content\/uploads\/2021\/06\/Proyecto-Regionalizacion-y-Consumo-3-460x191.jpg 460w, https:\/\/infoecos.com.ar\/wp-content\/uploads\/2021\/06\/Proyecto-Regionalizacion-y-Consumo-3-768x319.jpg 768w, https:\/\/infoecos.com.ar\/wp-content\/uploads\/2021\/06\/Proyecto-Regionalizacion-y-Consumo-3-1024x426.jpg 1024w, https:\/\/infoecos.com.ar\/wp-content\/uploads\/2021\/06\/Proyecto-Regionalizacion-y-Consumo-3.jpg 1280w\" sizes=\"(max-width: 920px) 100vw, 920px\" \/><\/figure>\n\n\n\n<p>La funcionaria se\u00f1al\u00f3 que \u201cel trabajo tiene como objetivo final poder generar pol\u00edticas p\u00fablicas y estrategias para potenciar las econom\u00edas regionales, tanto en lo que tiene que ver con el comercio, la producci\u00f3n y la prestaci\u00f3n de servicios\u201d.<\/p>\n\n\n\n<p>\u201cCuando empezamos a trabajar en este proyecto que est\u00e1 liderado por Trenque Lauquen, dentro del grupo, a trav\u00e9s del \u00e1rea PyME, que lleva adelante Mercedes Carluccio, empezamos a notar el primer obst\u00e1culo que es la falta de datos unificados y actualizados para poder llevar adelante esta acci\u00f3n, por eso lo primero que hicimos fue avanzar en este punto\u201d, explic\u00f3 Fabris.<\/p>\n\n\n\n<p>En este sentido coment\u00f3 que \u201cse realiz\u00f3 un trabajo muy exhaustivo con ayuda de las instituciones y de los distintos actores en la b\u00fasqueda de esa informaci\u00f3n y hoy tenemos un mapa geo-referenciado de toda la actividad econ\u00f3mica del distrito con datos reales, oficiales y confiables de qui\u00e9nes son, d\u00f3nde est\u00e1n y qu\u00e9 hacen todos estos actores\u201d.<\/p>\n\n\n\n<div class=\"wp-block-image\"><figure class=\"aligncenter size-large\"><img loading=\"lazy\" decoding=\"async\" width=\"920\" height=\"419\" src=\"http:\/\/infoecos.com.ar\/wp-content\/uploads\/2021\/06\/Proyecto-Regionalizacion-y-Consumo-920x419.jpg\" alt=\"\" class=\"wp-image-79498\" srcset=\"https:\/\/infoecos.com.ar\/wp-content\/uploads\/2021\/06\/Proyecto-Regionalizacion-y-Consumo-920x419.jpg 920w, https:\/\/infoecos.com.ar\/wp-content\/uploads\/2021\/06\/Proyecto-Regionalizacion-y-Consumo-460x210.jpg 460w, https:\/\/infoecos.com.ar\/wp-content\/uploads\/2021\/06\/Proyecto-Regionalizacion-y-Consumo-768x350.jpg 768w, https:\/\/infoecos.com.ar\/wp-content\/uploads\/2021\/06\/Proyecto-Regionalizacion-y-Consumo-1024x466.jpg 1024w, https:\/\/infoecos.com.ar\/wp-content\/uploads\/2021\/06\/Proyecto-Regionalizacion-y-Consumo.jpg 1280w\" sizes=\"(max-width: 920px) 100vw, 920px\" \/><\/figure><\/div>\n\n\n\n<p>\u201cHoy tenemos dividido el universo distrital y regional en lo que es el sector primario, secundario y terciario y dentro de esa divisi\u00f3n hay rubros, sub-rubros y actividades y a partir de esto podemos empezar a encarar acciones puntuales para cada uno de ellos\u201d, explic\u00f3.<\/p>\n\n\n\n<p>Y adelant\u00f3 que \u201cestamos en el lanzamiento de la segunda etapa que consiste en un Censo Econ\u00f3mico, que todos los actores van a recibir de manera virtual y que fue armado entre todos los municipios y coordinado por la direcci\u00f3n Provincial de Estad\u00edsticas que le dio el marco legal y metodol\u00f3gico para que podamos obtener informaci\u00f3n de calidad y que adem\u00e1s se pueda tabular y nos ayude a tomar decisiones\u201d.<\/p>\n\n\n\n<p>Fabris invit\u00f3 a todos los que reciban esta encuesta \u201ca contactarse con nosotros ante cualquier duda porque \u00e9sta es informaci\u00f3n que va a estar contemplada dentro de este proyecto que est\u00e1 formalmente avalado y que tiene la rigurosidad de la confidencialidad de los datos para este tipo de actividades\u201d.<\/p>\n\n\n\n<p>\u201cEste segundo paso que estamos dando es el que va a reforzar todo el camino recorrido y nos va a permitir a empezar a delinear la tercera etapa del proyecto, que se encuentra en proceso de desarrollo con el objetivo de delinear pol\u00edticas p\u00fablicas tendientes a impactar en los distintos sectores seg\u00fan sus necesidades y generar las acciones locales y fundamentalmente en conjunto con la regi\u00f3n para potenciar nuestras econom\u00edas regionales\u201d.<\/p>\n\n\n\n<p>Acerca de RIL coment\u00f3 que \u201cnuestra intenci\u00f3n es que siga creciendo, pero como somos un grupo consolidado que hace rato que viene trabajando arrancamos por ac\u00e1 porque es un trabajo muy dif\u00edcil y de generar muchos acuerdos\u201d.<\/p>\n\n\n\n<p>Y agreg\u00f3: \u201cEs un trabajo lento y silencioso, pero consideramos de vital importancia tomarnos el tiempo para hacerlo, asumir la responsabilidad y generar los lazos de confianza necesarios para seguir construyendo sobre una base s\u00f3lida\u201d.<\/p>\n\n\n\n<p>Como se\u00f1al\u00f3 Fabris \u201cel mapa econ\u00f3mico georreferenciado y este Censo Econ\u00f3mico nos va a permitir asistir y dar herramientas a todos los referentes del sector econ\u00f3mico de nuestro distrito\u201d.<\/p>\n","protected":false},"excerpt":{"rendered":"<p>Presentaci\u00f3n al intendente municipal, Miguel Fern\u00e1ndez, a funcionarios de su gabinete y a referentes de las distintas fuerzas pol\u00edticas, entidades financieras, gremiales empresarias, sindicatos, sistema educativo e instituciones del tercer sector<\/p>\n","protected":false},"author":2,"featured_media":79498,"comment_status":"closed","ping_status":"open","sticky":false,"template":"","format":"standard","meta":{"footnotes":""},"categories":[41],"tags":[3062],"class_list":["post-79494","post","type-post","status-publish","format-standard","has-post-thumbnail","hentry","category-inferior2","tag-en-trenque-lauquen"],"yoast_head":"<!-- This site is optimized with the Yoast SEO plugin v23.4 - https:\/\/yoast.com\/wordpress\/plugins\/seo\/ -->\n<title>Avances de la primera y segunda etapa del Proyecto de Regionalizaci\u00f3n de la Producci\u00f3n y el Consumo - Infoecos<\/title>\n<meta name=\"robots\" content=\"index, follow, max-snippet:-1, max-image-preview:large, max-video-preview:-1\" \/>\n<link rel=\"canonical\" href=\"https:\/\/infoecos.com.ar\/index.php\/se-presentaron-los-avances-de-la-primera-y-segunda-etapa-del-proyecto-de-regionalizacion-de-la-produccion-y-el-consumo\/\" \/>\n<meta property=\"og:locale\" content=\"es_ES\" \/>\n<meta property=\"og:type\" content=\"article\" \/>\n<meta property=\"og:title\" content=\"Avances de la primera y segunda etapa del Proyecto de Regionalizaci\u00f3n de la Producci\u00f3n y el Consumo - Infoecos\" \/>\n<meta property=\"og:description\" content=\"Presentaci\u00f3n al intendente municipal, Miguel Fern\u00e1ndez, a funcionarios de su gabinete y a referentes de las distintas fuerzas pol\u00edticas, entidades financieras, gremiales empresarias, sindicatos, sistema educativo e instituciones del tercer sector\" \/>\n<meta property=\"og:url\" content=\"https:\/\/infoecos.com.ar\/index.php\/se-presentaron-los-avances-de-la-primera-y-segunda-etapa-del-proyecto-de-regionalizacion-de-la-produccion-y-el-consumo\/\" \/>\n<meta property=\"og:site_name\" content=\"Infoecos\" \/>\n<meta property=\"article:publisher\" content=\"https:\/\/www.facebook.com\/profile.php?id=100063200290284\" \/>\n<meta property=\"article:published_time\" content=\"2021-06-12T04:55:35+00:00\" \/>\n<meta property=\"article:modified_time\" content=\"2021-06-14T05:03:46+00:00\" \/>\n<meta property=\"og:image\" content=\"https:\/\/infoecos.com.ar\/wp-content\/uploads\/2021\/06\/Proyecto-Regionalizacion-y-Consumo.jpg\" \/>\n\t<meta property=\"og:image:width\" content=\"1280\" \/>\n\t<meta property=\"og:image:height\" content=\"583\" \/>\n\t<meta property=\"og:image:type\" content=\"image\/jpeg\" \/>\n<meta name=\"author\" content=\"Jorge Matheus\" \/>\n<meta name=\"twitter:card\" content=\"summary_large_image\" \/>\n<meta name=\"twitter:creator\" content=\"@infoecos\" \/>\n<meta name=\"twitter:site\" content=\"@infoecos\" \/>\n<meta name=\"twitter:label1\" content=\"Escrito por\" \/>\n\t<meta name=\"twitter:data1\" content=\"Jorge Matheus\" \/>\n\t<meta name=\"twitter:label2\" content=\"Tiempo de lectura\" \/>\n\t<meta name=\"twitter:data2\" content=\"4 minutos\" \/>\n<script type=\"application\/ld+json\" class=\"yoast-schema-graph\">{\"@context\":\"https:\/\/schema.org\",\"@graph\":[{\"@type\":\"Article\",\"@id\":\"https:\/\/infoecos.com.ar\/index.php\/se-presentaron-los-avances-de-la-primera-y-segunda-etapa-del-proyecto-de-regionalizacion-de-la-produccion-y-el-consumo\/#article\",\"isPartOf\":{\"@id\":\"https:\/\/infoecos.com.ar\/index.php\/se-presentaron-los-avances-de-la-primera-y-segunda-etapa-del-proyecto-de-regionalizacion-de-la-produccion-y-el-consumo\/\"},\"author\":{\"name\":\"Jorge Matheus\",\"@id\":\"https:\/\/infoecos.com.ar\/#\/schema\/person\/8f5ace5ce73b4b4aac4b7245aee6f191\"},\"headline\":\"Avances de la primera y segunda etapa del Proyecto de Regionalizaci\u00f3n de la Producci\u00f3n y el Consumo\",\"datePublished\":\"2021-06-12T04:55:35+00:00\",\"dateModified\":\"2021-06-14T05:03:46+00:00\",\"mainEntityOfPage\":{\"@id\":\"https:\/\/infoecos.com.ar\/index.php\/se-presentaron-los-avances-de-la-primera-y-segunda-etapa-del-proyecto-de-regionalizacion-de-la-produccion-y-el-consumo\/\"},\"wordCount\":827,\"publisher\":{\"@id\":\"https:\/\/infoecos.com.ar\/#organization\"},\"image\":{\"@id\":\"https:\/\/infoecos.com.ar\/index.php\/se-presentaron-los-avances-de-la-primera-y-segunda-etapa-del-proyecto-de-regionalizacion-de-la-produccion-y-el-consumo\/#primaryimage\"},\"thumbnailUrl\":\"https:\/\/infoecos.com.ar\/wp-content\/uploads\/2021\/06\/Proyecto-Regionalizacion-y-Consumo.jpg\",\"keywords\":[\"EN TRENQUE LAUQUEN\"],\"articleSection\":[\"Bloque inferior - 2\"],\"inLanguage\":\"es\"},{\"@type\":\"WebPage\",\"@id\":\"https:\/\/infoecos.com.ar\/index.php\/se-presentaron-los-avances-de-la-primera-y-segunda-etapa-del-proyecto-de-regionalizacion-de-la-produccion-y-el-consumo\/\",\"url\":\"https:\/\/infoecos.com.ar\/index.php\/se-presentaron-los-avances-de-la-primera-y-segunda-etapa-del-proyecto-de-regionalizacion-de-la-produccion-y-el-consumo\/\",\"name\":\"Avances de la primera y segunda etapa del Proyecto de Regionalizaci\u00f3n de la Producci\u00f3n y el Consumo - Infoecos\",\"isPartOf\":{\"@id\":\"https:\/\/infoecos.com.ar\/#website\"},\"primaryImageOfPage\":{\"@id\":\"https:\/\/infoecos.com.ar\/index.php\/se-presentaron-los-avances-de-la-primera-y-segunda-etapa-del-proyecto-de-regionalizacion-de-la-produccion-y-el-consumo\/#primaryimage\"},\"image\":{\"@id\":\"https:\/\/infoecos.com.ar\/index.php\/se-presentaron-los-avances-de-la-primera-y-segunda-etapa-del-proyecto-de-regionalizacion-de-la-produccion-y-el-consumo\/#primaryimage\"},\"thumbnailUrl\":\"https:\/\/infoecos.com.ar\/wp-content\/uploads\/2021\/06\/Proyecto-Regionalizacion-y-Consumo.jpg\",\"datePublished\":\"2021-06-12T04:55:35+00:00\",\"dateModified\":\"2021-06-14T05:03:46+00:00\",\"breadcrumb\":{\"@id\":\"https:\/\/infoecos.com.ar\/index.php\/se-presentaron-los-avances-de-la-primera-y-segunda-etapa-del-proyecto-de-regionalizacion-de-la-produccion-y-el-consumo\/#breadcrumb\"},\"inLanguage\":\"es\",\"potentialAction\":[{\"@type\":\"ReadAction\",\"target\":[\"https:\/\/infoecos.com.ar\/index.php\/se-presentaron-los-avances-de-la-primera-y-segunda-etapa-del-proyecto-de-regionalizacion-de-la-produccion-y-el-consumo\/\"]}]},{\"@type\":\"ImageObject\",\"inLanguage\":\"es\",\"@id\":\"https:\/\/infoecos.com.ar\/index.php\/se-presentaron-los-avances-de-la-primera-y-segunda-etapa-del-proyecto-de-regionalizacion-de-la-produccion-y-el-consumo\/#primaryimage\",\"url\":\"https:\/\/infoecos.com.ar\/wp-content\/uploads\/2021\/06\/Proyecto-Regionalizacion-y-Consumo.jpg\",\"contentUrl\":\"https:\/\/infoecos.com.ar\/wp-content\/uploads\/2021\/06\/Proyecto-Regionalizacion-y-Consumo.jpg\",\"width\":1280,\"height\":583},{\"@type\":\"BreadcrumbList\",\"@id\":\"https:\/\/infoecos.com.ar\/index.php\/se-presentaron-los-avances-de-la-primera-y-segunda-etapa-del-proyecto-de-regionalizacion-de-la-produccion-y-el-consumo\/#breadcrumb\",\"itemListElement\":[{\"@type\":\"ListItem\",\"position\":1,\"name\":\"Portada\",\"item\":\"https:\/\/infoecos.com.ar\/\"},{\"@type\":\"ListItem\",\"position\":2,\"name\":\"Avances de la primera y segunda etapa del Proyecto de Regionalizaci\u00f3n de la Producci\u00f3n y el Consumo\"}]},{\"@type\":\"WebSite\",\"@id\":\"https:\/\/infoecos.com.ar\/#website\",\"url\":\"https:\/\/infoecos.com.ar\/\",\"name\":\"Infoecos\",\"description\":\"Noticias de trenque lauquen y la zona\",\"publisher\":{\"@id\":\"https:\/\/infoecos.com.ar\/#organization\"},\"alternateName\":\"Noticias\",\"potentialAction\":[{\"@type\":\"SearchAction\",\"target\":{\"@type\":\"EntryPoint\",\"urlTemplate\":\"https:\/\/infoecos.com.ar\/?s={search_term_string}\"},\"query-input\":{\"@type\":\"PropertyValueSpecification\",\"valueRequired\":true,\"valueName\":\"search_term_string\"}}],\"inLanguage\":\"es\"},{\"@type\":\"Organization\",\"@id\":\"https:\/\/infoecos.com.ar\/#organization\",\"name\":\"Infoecos\",\"alternateName\":\"Noticias\",\"url\":\"https:\/\/infoecos.com.ar\/\",\"logo\":{\"@type\":\"ImageObject\",\"inLanguage\":\"es\",\"@id\":\"https:\/\/infoecos.com.ar\/#\/schema\/logo\/image\/\",\"url\":\"https:\/\/infoecos.com.ar\/wp-content\/uploads\/2024\/03\/cropped-logo.png\",\"contentUrl\":\"https:\/\/infoecos.com.ar\/wp-content\/uploads\/2024\/03\/cropped-logo.png\",\"width\":374,\"height\":90,\"caption\":\"Infoecos\"},\"image\":{\"@id\":\"https:\/\/infoecos.com.ar\/#\/schema\/logo\/image\/\"},\"sameAs\":[\"https:\/\/www.facebook.com\/profile.php?id=100063200290284\",\"https:\/\/x.com\/infoecos\"]},{\"@type\":\"Person\",\"@id\":\"https:\/\/infoecos.com.ar\/#\/schema\/person\/8f5ace5ce73b4b4aac4b7245aee6f191\",\"name\":\"Jorge Matheus\",\"url\":\"https:\/\/infoecos.com.ar\/index.php\/author\/jomatheus\/\"}]}<\/script>\n<!-- \/ Yoast SEO plugin. -->","yoast_head_json":{"title":"Avances de la primera y segunda etapa del Proyecto de Regionalizaci\u00f3n de la Producci\u00f3n y el Consumo - Infoecos","robots":{"index":"index","follow":"follow","max-snippet":"max-snippet:-1","max-image-preview":"max-image-preview:large","max-video-preview":"max-video-preview:-1"},"canonical":"https:\/\/infoecos.com.ar\/index.php\/se-presentaron-los-avances-de-la-primera-y-segunda-etapa-del-proyecto-de-regionalizacion-de-la-produccion-y-el-consumo\/","og_locale":"es_ES","og_type":"article","og_title":"Avances de la primera y segunda etapa del Proyecto de Regionalizaci\u00f3n de la Producci\u00f3n y el Consumo - Infoecos","og_description":"Presentaci\u00f3n al intendente municipal, Miguel Fern\u00e1ndez, a funcionarios de su gabinete y a referentes de las distintas fuerzas pol\u00edticas, entidades financieras, gremiales empresarias, sindicatos, sistema educativo e instituciones del tercer sector","og_url":"https:\/\/infoecos.com.ar\/index.php\/se-presentaron-los-avances-de-la-primera-y-segunda-etapa-del-proyecto-de-regionalizacion-de-la-produccion-y-el-consumo\/","og_site_name":"Infoecos","article_publisher":"https:\/\/www.facebook.com\/profile.php?id=100063200290284","article_published_time":"2021-06-12T04:55:35+00:00","article_modified_time":"2021-06-14T05:03:46+00:00","og_image":[{"width":1280,"height":583,"url":"https:\/\/infoecos.com.ar\/wp-content\/uploads\/2021\/06\/Proyecto-Regionalizacion-y-Consumo.jpg","type":"image\/jpeg"}],"author":"Jorge Matheus","twitter_card":"summary_large_image","twitter_creator":"@infoecos","twitter_site":"@infoecos","twitter_misc":{"Escrito por":"Jorge Matheus","Tiempo de lectura":"4 minutos"},"schema":{"@context":"https:\/\/schema.org","@graph":[{"@type":"Article","@id":"https:\/\/infoecos.com.ar\/index.php\/se-presentaron-los-avances-de-la-primera-y-segunda-etapa-del-proyecto-de-regionalizacion-de-la-produccion-y-el-consumo\/#article","isPartOf":{"@id":"https:\/\/infoecos.com.ar\/index.php\/se-presentaron-los-avances-de-la-primera-y-segunda-etapa-del-proyecto-de-regionalizacion-de-la-produccion-y-el-consumo\/"},"author":{"name":"Jorge Matheus","@id":"https:\/\/infoecos.com.ar\/#\/schema\/person\/8f5ace5ce73b4b4aac4b7245aee6f191"},"headline":"Avances de la primera y segunda etapa del Proyecto de Regionalizaci\u00f3n de la Producci\u00f3n y el Consumo","datePublished":"2021-06-12T04:55:35+00:00","dateModified":"2021-06-14T05:03:46+00:00","mainEntityOfPage":{"@id":"https:\/\/infoecos.com.ar\/index.php\/se-presentaron-los-avances-de-la-primera-y-segunda-etapa-del-proyecto-de-regionalizacion-de-la-produccion-y-el-consumo\/"},"wordCount":827,"publisher":{"@id":"https:\/\/infoecos.com.ar\/#organization"},"image":{"@id":"https:\/\/infoecos.com.ar\/index.php\/se-presentaron-los-avances-de-la-primera-y-segunda-etapa-del-proyecto-de-regionalizacion-de-la-produccion-y-el-consumo\/#primaryimage"},"thumbnailUrl":"https:\/\/infoecos.com.ar\/wp-content\/uploads\/2021\/06\/Proyecto-Regionalizacion-y-Consumo.jpg","keywords":["EN TRENQUE LAUQUEN"],"articleSection":["Bloque inferior - 2"],"inLanguage":"es"},{"@type":"WebPage","@id":"https:\/\/infoecos.com.ar\/index.php\/se-presentaron-los-avances-de-la-primera-y-segunda-etapa-del-proyecto-de-regionalizacion-de-la-produccion-y-el-consumo\/","url":"https:\/\/infoecos.com.ar\/index.php\/se-presentaron-los-avances-de-la-primera-y-segunda-etapa-del-proyecto-de-regionalizacion-de-la-produccion-y-el-consumo\/","name":"Avances de la primera y segunda etapa del Proyecto de Regionalizaci\u00f3n de la Producci\u00f3n y el Consumo - Infoecos","isPartOf":{"@id":"https:\/\/infoecos.com.ar\/#website"},"primaryImageOfPage":{"@id":"https:\/\/infoecos.com.ar\/index.php\/se-presentaron-los-avances-de-la-primera-y-segunda-etapa-del-proyecto-de-regionalizacion-de-la-produccion-y-el-consumo\/#primaryimage"},"image":{"@id":"https:\/\/infoecos.com.ar\/index.php\/se-presentaron-los-avances-de-la-primera-y-segunda-etapa-del-proyecto-de-regionalizacion-de-la-produccion-y-el-consumo\/#primaryimage"},"thumbnailUrl":"https:\/\/infoecos.com.ar\/wp-content\/uploads\/2021\/06\/Proyecto-Regionalizacion-y-Consumo.jpg","datePublished":"2021-06-12T04:55:35+00:00","dateModified":"2021-06-14T05:03:46+00:00","breadcrumb":{"@id":"https:\/\/infoecos.com.ar\/index.php\/se-presentaron-los-avances-de-la-primera-y-segunda-etapa-del-proyecto-de-regionalizacion-de-la-produccion-y-el-consumo\/#breadcrumb"},"inLanguage":"es","potentialAction":[{"@type":"ReadAction","target":["https:\/\/infoecos.com.ar\/index.php\/se-presentaron-los-avances-de-la-primera-y-segunda-etapa-del-proyecto-de-regionalizacion-de-la-produccion-y-el-consumo\/"]}]},{"@type":"ImageObject","inLanguage":"es","@id":"https:\/\/infoecos.com.ar\/index.php\/se-presentaron-los-avances-de-la-primera-y-segunda-etapa-del-proyecto-de-regionalizacion-de-la-produccion-y-el-consumo\/#primaryimage","url":"https:\/\/infoecos.com.ar\/wp-content\/uploads\/2021\/06\/Proyecto-Regionalizacion-y-Consumo.jpg","contentUrl":"https:\/\/infoecos.com.ar\/wp-content\/uploads\/2021\/06\/Proyecto-Regionalizacion-y-Consumo.jpg","width":1280,"height":583},{"@type":"BreadcrumbList","@id":"https:\/\/infoecos.com.ar\/index.php\/se-presentaron-los-avances-de-la-primera-y-segunda-etapa-del-proyecto-de-regionalizacion-de-la-produccion-y-el-consumo\/#breadcrumb","itemListElement":[{"@type":"ListItem","position":1,"name":"Portada","item":"https:\/\/infoecos.com.ar\/"},{"@type":"ListItem","position":2,"name":"Avances de la primera y segunda etapa del Proyecto de Regionalizaci\u00f3n de la Producci\u00f3n y el Consumo"}]},{"@type":"WebSite","@id":"https:\/\/infoecos.com.ar\/#website","url":"https:\/\/infoecos.com.ar\/","name":"Infoecos","description":"Noticias de trenque lauquen y la zona","publisher":{"@id":"https:\/\/infoecos.com.ar\/#organization"},"alternateName":"Noticias","potentialAction":[{"@type":"SearchAction","target":{"@type":"EntryPoint","urlTemplate":"https:\/\/infoecos.com.ar\/?s={search_term_string}"},"query-input":{"@type":"PropertyValueSpecification","valueRequired":true,"valueName":"search_term_string"}}],"inLanguage":"es"},{"@type":"Organization","@id":"https:\/\/infoecos.com.ar\/#organization","name":"Infoecos","alternateName":"Noticias","url":"https:\/\/infoecos.com.ar\/","logo":{"@type":"ImageObject","inLanguage":"es","@id":"https:\/\/infoecos.com.ar\/#\/schema\/logo\/image\/","url":"https:\/\/infoecos.com.ar\/wp-content\/uploads\/2024\/03\/cropped-logo.png","contentUrl":"https:\/\/infoecos.com.ar\/wp-content\/uploads\/2024\/03\/cropped-logo.png","width":374,"height":90,"caption":"Infoecos"},"image":{"@id":"https:\/\/infoecos.com.ar\/#\/schema\/logo\/image\/"},"sameAs":["https:\/\/www.facebook.com\/profile.php?id=100063200290284","https:\/\/x.com\/infoecos"]},{"@type":"Person","@id":"https:\/\/infoecos.com.ar\/#\/schema\/person\/8f5ace5ce73b4b4aac4b7245aee6f191","name":"Jorge Matheus","url":"https:\/\/infoecos.com.ar\/index.php\/author\/jomatheus\/"}]}},"featured_image_urls":{"full":["https:\/\/infoecos.com.ar\/wp-content\/uploads\/2021\/06\/Proyecto-Regionalizacion-y-Consumo.jpg",1280,583,false],"thumbnail":["https:\/\/infoecos.com.ar\/wp-content\/uploads\/2021\/06\/Proyecto-Regionalizacion-y-Consumo-150x150.jpg",150,150,true],"medium":["https:\/\/infoecos.com.ar\/wp-content\/uploads\/2021\/06\/Proyecto-Regionalizacion-y-Consumo-460x210.jpg",460,210,true],"medium_large":["https:\/\/infoecos.com.ar\/wp-content\/uploads\/2021\/06\/Proyecto-Regionalizacion-y-Consumo-768x350.jpg",640,292,true],"large":["https:\/\/infoecos.com.ar\/wp-content\/uploads\/2021\/06\/Proyecto-Regionalizacion-y-Consumo-920x419.jpg",640,291,true],"1536x1536":["https:\/\/infoecos.com.ar\/wp-content\/uploads\/2021\/06\/Proyecto-Regionalizacion-y-Consumo.jpg",1280,583,false],"2048x2048":["https:\/\/infoecos.com.ar\/wp-content\/uploads\/2021\/06\/Proyecto-Regionalizacion-y-Consumo.jpg",1280,583,false],"covernews-slider-full":["https:\/\/infoecos.com.ar\/wp-content\/uploads\/2021\/06\/Proyecto-Regionalizacion-y-Consumo.jpg",1115,508,false],"covernews-slider-center":["https:\/\/infoecos.com.ar\/wp-content\/uploads\/2021\/06\/Proyecto-Regionalizacion-y-Consumo-936x583.jpg",800,498,true],"covernews-featured":["https:\/\/infoecos.com.ar\/wp-content\/uploads\/2021\/06\/Proyecto-Regionalizacion-y-Consumo-1024x466.jpg",1024,466,true],"covernews-medium":["https:\/\/infoecos.com.ar\/wp-content\/uploads\/2021\/06\/Proyecto-Regionalizacion-y-Consumo-720x380.jpg",540,285,true],"covernews-medium-square":["https:\/\/infoecos.com.ar\/wp-content\/uploads\/2021\/06\/Proyecto-Regionalizacion-y-Consumo-675x450.jpg",375,250,true]},"author_info":{"info":["Jorge Matheus"]},"category_info":"<a href=\"https:\/\/infoecos.com.ar\/index.php\/category\/inferior2\/\" rel=\"category tag\">Bloque inferior - 2<\/a>","tag_info":"Bloque inferior - 2","comment_count":"0","_links":{"self":[{"href":"https:\/\/infoecos.com.ar\/index.php\/wp-json\/wp\/v2\/posts\/79494"}],"collection":[{"href":"https:\/\/infoecos.com.ar\/index.php\/wp-json\/wp\/v2\/posts"}],"about":[{"href":"https:\/\/infoecos.com.ar\/index.php\/wp-json\/wp\/v2\/types\/post"}],"author":[{"embeddable":true,"href":"https:\/\/infoecos.com.ar\/index.php\/wp-json\/wp\/v2\/users\/2"}],"replies":[{"embeddable":true,"href":"https:\/\/infoecos.com.ar\/index.php\/wp-json\/wp\/v2\/comments?post=79494"}],"version-history":[{"count":2,"href":"https:\/\/infoecos.com.ar\/index.php\/wp-json\/wp\/v2\/posts\/79494\/revisions"}],"predecessor-version":[{"id":79502,"href":"https:\/\/infoecos.com.ar\/index.php\/wp-json\/wp\/v2\/posts\/79494\/revisions\/79502"}],"wp:featuredmedia":[{"embeddable":true,"href":"https:\/\/infoecos.com.ar\/index.php\/wp-json\/wp\/v2\/media\/79498"}],"wp:attachment":[{"href":"https:\/\/infoecos.com.ar\/index.php\/wp-json\/wp\/v2\/media?parent=79494"}],"wp:term":[{"taxonomy":"category","embeddable":true,"href":"https:\/\/infoecos.com.ar\/index.php\/wp-json\/wp\/v2\/categories?post=79494"},{"taxonomy":"post_tag","embeddable":true,"href":"https:\/\/infoecos.com.ar\/index.php\/wp-json\/wp\/v2\/tags?post=79494"}],"curies":[{"name":"wp","href":"https:\/\/api.w.org\/{rel}","templated":true}]}}