{"id":79503,"date":"2021-06-12T02:11:45","date_gmt":"2021-06-12T05:11:45","guid":{"rendered":"http:\/\/infoecos.com.ar\/?p=79503"},"modified":"2021-06-12T02:11:46","modified_gmt":"2021-06-12T05:11:46","slug":"general-villegas-salliquelo-y-bahia-blanca-vuelven-a-fase-2-no-habra-presencialidad-escolar","status":"publish","type":"post","link":"https:\/\/infoecos.com.ar\/index.php\/general-villegas-salliquelo-y-bahia-blanca-vuelven-a-fase-2-no-habra-presencialidad-escolar\/","title":{"rendered":"General Villegas, Salliquel\u00f3 y Bah\u00eda Blanca vuelven a Fase 2: no habr\u00e1 presencialidad escolar"},"content":{"rendered":"\n<p class=\"wp-block-paragraph\">El gobernador de la provincia de Buenos Aires, Axel Kicillof, en el marco de la conferencia de prensa que brind\u00f3 el viernes gener\u00f3 una sorpresa inesperada y no deseada en el distrito de General Villegas. Anunci\u00f3 que el distrito vuelve a Fase 2. A principios de la semana se lo hab\u00eda incorporado a Fase 3. <\/p>\n\n\n\n<div class=\"wp-block-image\"><figure class=\"aligncenter size-medium\"><img loading=\"lazy\" decoding=\"async\" width=\"460\" height=\"345\" src=\"http:\/\/infoecos.com.ar\/wp-content\/uploads\/Frente-Palacio-Municipal-460x345.jpeg\" alt=\"\" class=\"wp-image-59028\" srcset=\"https:\/\/infoecos.com.ar\/wp-content\/uploads\/Frente-Palacio-Municipal-460x345.jpeg 460w, https:\/\/infoecos.com.ar\/wp-content\/uploads\/Frente-Palacio-Municipal.jpeg 768w\" sizes=\"auto, (max-width: 460px) 100vw, 460px\" \/><\/figure><\/div>\n\n\n\n<p class=\"wp-block-paragraph\">Villegas hab\u00eda iniciado un proceso de levantamiento paulatino de restricciones. Entre otras medidas el sector gastron\u00f3mico iba a poder trabajar hasta las 23. Por otro lado queda en suspenso la vuelta a las clases presenciales.<\/p>\n\n\n\n<p class=\"wp-block-paragraph\">La medida del gobierno bonaerense se toma en momento en que hay una baja de casos activos en el distrito. <\/p>\n\n\n\n<p class=\"wp-block-paragraph\">Tambi\u00e9n pasan a Fase 2 los distritos de Bah\u00eda Blanca y Salliquel\u00f3. <\/p>\n","protected":false},"excerpt":{"rendered":"<p>Villegas hab\u00eda iniciado un proceso de levantamiento paulatino de restricciones. Entre otras medidas el sector gastron\u00f3mico iba a poder trabajar hasta las 23. Por otro lado queda en suspenso la vuelta a las clases presenciales<\/p>\n","protected":false},"author":2,"featured_media":59028,"comment_status":"closed","ping_status":"open","sticky":false,"template":"","format":"standard","meta":{"footnotes":""},"categories":[46],"tags":[3886],"class_list":["post-79503","post","type-post","status-publish","format-standard","has-post-thumbnail","hentry","category-c2nota2","tag-lo-dijo-el-gobernador-kicillof"],"featured_image_urls":{"full":["https:\/\/infoecos.com.ar\/wp-content\/uploads\/Frente-Palacio-Municipal.jpeg",768,576,false],"thumbnail":["https:\/\/infoecos.com.ar\/wp-content\/uploads\/Frente-Palacio-Municipal-150x150.jpeg",150,150,true],"medium":["https:\/\/infoecos.com.ar\/wp-content\/uploads\/Frente-Palacio-Municipal-460x345.jpeg",460,345,true],"medium_large":["https:\/\/infoecos.com.ar\/wp-content\/uploads\/Frente-Palacio-Municipal.jpeg",640,480,false],"large":["https:\/\/infoecos.com.ar\/wp-content\/uploads\/Frente-Palacio-Municipal.jpeg",640,480,false],"1536x1536":["https:\/\/infoecos.com.ar\/wp-content\/uploads\/Frente-Palacio-Municipal.jpeg",768,576,false],"2048x2048":["https:\/\/infoecos.com.ar\/wp-content\/uploads\/Frente-Palacio-Municipal.jpeg",768,576,false],"covernews-slider-full":["https:\/\/infoecos.com.ar\/wp-content\/uploads\/Frente-Palacio-Municipal.jpeg",768,576,false],"covernews-slider-center":["https:\/\/infoecos.com.ar\/wp-content\/uploads\/Frente-Palacio-Municipal.jpeg",667,500,false],"covernews-featured":["https:\/\/infoecos.com.ar\/wp-content\/uploads\/Frente-Palacio-Municipal.jpeg",768,576,false],"covernews-medium":["https:\/\/infoecos.com.ar\/wp-content\/uploads\/Frente-Palacio-Municipal-720x380.jpeg",540,285,true],"covernews-medium-square":["https:\/\/infoecos.com.ar\/wp-content\/uploads\/Frente-Palacio-Municipal-675x450.jpeg",375,250,true]},"author_info":{"info":["Jorge Matheus"]},"category_info":"<a href=\"https:\/\/infoecos.com.ar\/index.php\/category\/c2nota2\/\" rel=\"category tag\">C2 N2<\/a>","tag_info":"C2 N2","comment_count":"0","_links":{"self":[{"href":"https:\/\/infoecos.com.ar\/index.php\/wp-json\/wp\/v2\/posts\/79503","targetHints":{"allow":["GET"]}}],"collection":[{"href":"https:\/\/infoecos.com.ar\/index.php\/wp-json\/wp\/v2\/posts"}],"about":[{"href":"https:\/\/infoecos.com.ar\/index.php\/wp-json\/wp\/v2\/types\/post"}],"author":[{"embeddable":true,"href":"https:\/\/infoecos.com.ar\/index.php\/wp-json\/wp\/v2\/users\/2"}],"replies":[{"embeddable":true,"href":"https:\/\/infoecos.com.ar\/index.php\/wp-json\/wp\/v2\/comments?post=79503"}],"version-history":[{"count":1,"href":"https:\/\/infoecos.com.ar\/index.php\/wp-json\/wp\/v2\/posts\/79503\/revisions"}],"predecessor-version":[{"id":79504,"href":"https:\/\/infoecos.com.ar\/index.php\/wp-json\/wp\/v2\/posts\/79503\/revisions\/79504"}],"wp:featuredmedia":[{"embeddable":true,"href":"https:\/\/infoecos.com.ar\/index.php\/wp-json\/wp\/v2\/media\/59028"}],"wp:attachment":[{"href":"https:\/\/infoecos.com.ar\/index.php\/wp-json\/wp\/v2\/media?parent=79503"}],"wp:term":[{"taxonomy":"category","embeddable":true,"href":"https:\/\/infoecos.com.ar\/index.php\/wp-json\/wp\/v2\/categories?post=79503"},{"taxonomy":"post_tag","embeddable":true,"href":"https:\/\/infoecos.com.ar\/index.php\/wp-json\/wp\/v2\/tags?post=79503"}],"curies":[{"name":"wp","href":"https:\/\/api.w.org\/{rel}","templated":true}]}}