{"id":79511,"date":"2021-06-12T02:36:56","date_gmt":"2021-06-12T05:36:56","guid":{"rendered":"http:\/\/infoecos.com.ar\/?p=79511"},"modified":"2021-06-12T02:36:57","modified_gmt":"2021-06-12T05:36:57","slug":"pehuajo-seguira-con-las-medidas-en-vigencia-hasta-el-lunes-14","status":"publish","type":"post","link":"https:\/\/infoecos.com.ar\/index.php\/pehuajo-seguira-con-las-medidas-en-vigencia-hasta-el-lunes-14\/","title":{"rendered":"Pehuaj\u00f3 seguir\u00e1 con las medidas en vigencia hasta el lunes 14"},"content":{"rendered":"\n<p>El intendente de Pehuaj\u00f3, Pablo Zurro, anunci\u00f3 en la noche de ayer que el distrito continuar\u00e1 con las medidas vigentes hasta el pr\u00f3ximo lunes 14.<\/p>\n\n\n\n<div class=\"wp-block-image\"><figure class=\"aligncenter size-large\"><img loading=\"lazy\" decoding=\"async\" width=\"640\" height=\"426\" src=\"http:\/\/infoecos.com.ar\/wp-content\/uploads\/2021\/05\/zurropabloconprensa.jpeg\" alt=\"\" class=\"wp-image-78725\" srcset=\"https:\/\/infoecos.com.ar\/wp-content\/uploads\/2021\/05\/zurropabloconprensa.jpeg 640w, https:\/\/infoecos.com.ar\/wp-content\/uploads\/2021\/05\/zurropabloconprensa-460x306.jpeg 460w\" sizes=\"(max-width: 640px) 100vw, 640px\" \/><\/figure><\/div>\n\n\n\n<p>El Jefe Comunal se\u00f1al\u00f3 que ese d\u00eda se comunicar\u00e1n las fases y medidas de acuerdo al trabajo que se viene desarrollando en el marco de la pandemia.<\/p>\n\n\n\n<p>La ocasi\u00f3n fue aprovechada por Zurro para informar que al d\u00eda viernes se registran 16.725 vacunados con primera dosis y 3803 con dos dosis. <\/p>\n","protected":false},"excerpt":{"rendered":"<p>El Jefe Comunal se\u00f1al\u00f3 que ese d\u00eda se comunicar\u00e1n las fases y medidas de acuerdo al trabajo que se viene desarrollando en el marco de la pandemia<\/p>\n","protected":false},"author":2,"featured_media":78725,"comment_status":"closed","ping_status":"open","sticky":false,"template":"","format":"standard","meta":{"footnotes":""},"categories":[48],"tags":[2603],"class_list":["post-79511","post","type-post","status-publish","format-standard","has-post-thumbnail","hentry","category-c2nota3","tag-anuncio-del-intendente"],"yoast_head":"<!-- This site is optimized with the Yoast SEO plugin v23.4 - https:\/\/yoast.com\/wordpress\/plugins\/seo\/ -->\n<title>Pehuaj\u00f3 seguir\u00e1 con las medidas en vigencia hasta el lunes 14 - Infoecos<\/title>\n<meta name=\"robots\" content=\"index, follow, max-snippet:-1, max-image-preview:large, max-video-preview:-1\" \/>\n<link rel=\"canonical\" href=\"https:\/\/infoecos.com.ar\/index.php\/pehuajo-seguira-con-las-medidas-en-vigencia-hasta-el-lunes-14\/\" \/>\n<meta property=\"og:locale\" content=\"es_ES\" \/>\n<meta property=\"og:type\" content=\"article\" \/>\n<meta property=\"og:title\" content=\"Pehuaj\u00f3 seguir\u00e1 con las medidas en vigencia hasta el lunes 14 - Infoecos\" \/>\n<meta property=\"og:description\" content=\"El Jefe Comunal se\u00f1al\u00f3 que ese d\u00eda se comunicar\u00e1n las fases y medidas de acuerdo al trabajo que se viene desarrollando en el marco de la pandemia\" \/>\n<meta property=\"og:url\" content=\"https:\/\/infoecos.com.ar\/index.php\/pehuajo-seguira-con-las-medidas-en-vigencia-hasta-el-lunes-14\/\" \/>\n<meta property=\"og:site_name\" content=\"Infoecos\" \/>\n<meta property=\"article:publisher\" content=\"https:\/\/www.facebook.com\/profile.php?id=100063200290284\" \/>\n<meta property=\"article:published_time\" content=\"2021-06-12T05:36:56+00:00\" \/>\n<meta property=\"article:modified_time\" content=\"2021-06-12T05:36:57+00:00\" \/>\n<meta property=\"og:image\" content=\"https:\/\/infoecos.com.ar\/wp-content\/uploads\/2021\/05\/zurropabloconprensa.jpeg\" \/>\n\t<meta property=\"og:image:width\" content=\"640\" \/>\n\t<meta property=\"og:image:height\" content=\"426\" \/>\n\t<meta property=\"og:image:type\" content=\"image\/jpeg\" \/>\n<meta name=\"author\" content=\"Jorge Matheus\" \/>\n<meta name=\"twitter:card\" content=\"summary_large_image\" \/>\n<meta name=\"twitter:creator\" content=\"@infoecos\" \/>\n<meta name=\"twitter:site\" content=\"@infoecos\" \/>\n<meta name=\"twitter:label1\" content=\"Escrito por\" \/>\n\t<meta name=\"twitter:data1\" content=\"Jorge Matheus\" \/>\n<script type=\"application\/ld+json\" class=\"yoast-schema-graph\">{\"@context\":\"https:\/\/schema.org\",\"@graph\":[{\"@type\":\"Article\",\"@id\":\"https:\/\/infoecos.com.ar\/index.php\/pehuajo-seguira-con-las-medidas-en-vigencia-hasta-el-lunes-14\/#article\",\"isPartOf\":{\"@id\":\"https:\/\/infoecos.com.ar\/index.php\/pehuajo-seguira-con-las-medidas-en-vigencia-hasta-el-lunes-14\/\"},\"author\":{\"name\":\"Jorge Matheus\",\"@id\":\"https:\/\/infoecos.com.ar\/#\/schema\/person\/8f5ace5ce73b4b4aac4b7245aee6f191\"},\"headline\":\"Pehuaj\u00f3 seguir\u00e1 con las medidas en vigencia hasta el lunes 14\",\"datePublished\":\"2021-06-12T05:36:56+00:00\",\"dateModified\":\"2021-06-12T05:36:57+00:00\",\"mainEntityOfPage\":{\"@id\":\"https:\/\/infoecos.com.ar\/index.php\/pehuajo-seguira-con-las-medidas-en-vigencia-hasta-el-lunes-14\/\"},\"wordCount\":89,\"publisher\":{\"@id\":\"https:\/\/infoecos.com.ar\/#organization\"},\"image\":{\"@id\":\"https:\/\/infoecos.com.ar\/index.php\/pehuajo-seguira-con-las-medidas-en-vigencia-hasta-el-lunes-14\/#primaryimage\"},\"thumbnailUrl\":\"https:\/\/infoecos.com.ar\/wp-content\/uploads\/2021\/05\/zurropabloconprensa.jpeg\",\"keywords\":[\"ANUNCIO DEL INTENDENTE\"],\"articleSection\":[\"C2 N3\"],\"inLanguage\":\"es\"},{\"@type\":\"WebPage\",\"@id\":\"https:\/\/infoecos.com.ar\/index.php\/pehuajo-seguira-con-las-medidas-en-vigencia-hasta-el-lunes-14\/\",\"url\":\"https:\/\/infoecos.com.ar\/index.php\/pehuajo-seguira-con-las-medidas-en-vigencia-hasta-el-lunes-14\/\",\"name\":\"Pehuaj\u00f3 seguir\u00e1 con las medidas en vigencia hasta el lunes 14 - Infoecos\",\"isPartOf\":{\"@id\":\"https:\/\/infoecos.com.ar\/#website\"},\"primaryImageOfPage\":{\"@id\":\"https:\/\/infoecos.com.ar\/index.php\/pehuajo-seguira-con-las-medidas-en-vigencia-hasta-el-lunes-14\/#primaryimage\"},\"image\":{\"@id\":\"https:\/\/infoecos.com.ar\/index.php\/pehuajo-seguira-con-las-medidas-en-vigencia-hasta-el-lunes-14\/#primaryimage\"},\"thumbnailUrl\":\"https:\/\/infoecos.com.ar\/wp-content\/uploads\/2021\/05\/zurropabloconprensa.jpeg\",\"datePublished\":\"2021-06-12T05:36:56+00:00\",\"dateModified\":\"2021-06-12T05:36:57+00:00\",\"breadcrumb\":{\"@id\":\"https:\/\/infoecos.com.ar\/index.php\/pehuajo-seguira-con-las-medidas-en-vigencia-hasta-el-lunes-14\/#breadcrumb\"},\"inLanguage\":\"es\",\"potentialAction\":[{\"@type\":\"ReadAction\",\"target\":[\"https:\/\/infoecos.com.ar\/index.php\/pehuajo-seguira-con-las-medidas-en-vigencia-hasta-el-lunes-14\/\"]}]},{\"@type\":\"ImageObject\",\"inLanguage\":\"es\",\"@id\":\"https:\/\/infoecos.com.ar\/index.php\/pehuajo-seguira-con-las-medidas-en-vigencia-hasta-el-lunes-14\/#primaryimage\",\"url\":\"https:\/\/infoecos.com.ar\/wp-content\/uploads\/2021\/05\/zurropabloconprensa.jpeg\",\"contentUrl\":\"https:\/\/infoecos.com.ar\/wp-content\/uploads\/2021\/05\/zurropabloconprensa.jpeg\",\"width\":640,\"height\":426},{\"@type\":\"BreadcrumbList\",\"@id\":\"https:\/\/infoecos.com.ar\/index.php\/pehuajo-seguira-con-las-medidas-en-vigencia-hasta-el-lunes-14\/#breadcrumb\",\"itemListElement\":[{\"@type\":\"ListItem\",\"position\":1,\"name\":\"Portada\",\"item\":\"https:\/\/infoecos.com.ar\/\"},{\"@type\":\"ListItem\",\"position\":2,\"name\":\"Pehuaj\u00f3 seguir\u00e1 con las medidas en vigencia hasta el lunes 14\"}]},{\"@type\":\"WebSite\",\"@id\":\"https:\/\/infoecos.com.ar\/#website\",\"url\":\"https:\/\/infoecos.com.ar\/\",\"name\":\"Infoecos\",\"description\":\"Noticias de trenque lauquen y la zona\",\"publisher\":{\"@id\":\"https:\/\/infoecos.com.ar\/#organization\"},\"alternateName\":\"Noticias\",\"potentialAction\":[{\"@type\":\"SearchAction\",\"target\":{\"@type\":\"EntryPoint\",\"urlTemplate\":\"https:\/\/infoecos.com.ar\/?s={search_term_string}\"},\"query-input\":{\"@type\":\"PropertyValueSpecification\",\"valueRequired\":true,\"valueName\":\"search_term_string\"}}],\"inLanguage\":\"es\"},{\"@type\":\"Organization\",\"@id\":\"https:\/\/infoecos.com.ar\/#organization\",\"name\":\"Infoecos\",\"alternateName\":\"Noticias\",\"url\":\"https:\/\/infoecos.com.ar\/\",\"logo\":{\"@type\":\"ImageObject\",\"inLanguage\":\"es\",\"@id\":\"https:\/\/infoecos.com.ar\/#\/schema\/logo\/image\/\",\"url\":\"https:\/\/infoecos.com.ar\/wp-content\/uploads\/2024\/03\/cropped-logo.png\",\"contentUrl\":\"https:\/\/infoecos.com.ar\/wp-content\/uploads\/2024\/03\/cropped-logo.png\",\"width\":374,\"height\":90,\"caption\":\"Infoecos\"},\"image\":{\"@id\":\"https:\/\/infoecos.com.ar\/#\/schema\/logo\/image\/\"},\"sameAs\":[\"https:\/\/www.facebook.com\/profile.php?id=100063200290284\",\"https:\/\/x.com\/infoecos\"]},{\"@type\":\"Person\",\"@id\":\"https:\/\/infoecos.com.ar\/#\/schema\/person\/8f5ace5ce73b4b4aac4b7245aee6f191\",\"name\":\"Jorge Matheus\",\"url\":\"https:\/\/infoecos.com.ar\/index.php\/author\/jomatheus\/\"}]}<\/script>\n<!-- \/ Yoast SEO plugin. -->","yoast_head_json":{"title":"Pehuaj\u00f3 seguir\u00e1 con las medidas en vigencia hasta el lunes 14 - Infoecos","robots":{"index":"index","follow":"follow","max-snippet":"max-snippet:-1","max-image-preview":"max-image-preview:large","max-video-preview":"max-video-preview:-1"},"canonical":"https:\/\/infoecos.com.ar\/index.php\/pehuajo-seguira-con-las-medidas-en-vigencia-hasta-el-lunes-14\/","og_locale":"es_ES","og_type":"article","og_title":"Pehuaj\u00f3 seguir\u00e1 con las medidas en vigencia hasta el lunes 14 - Infoecos","og_description":"El Jefe Comunal se\u00f1al\u00f3 que ese d\u00eda se comunicar\u00e1n las fases y medidas de acuerdo al trabajo que se viene desarrollando en el marco de la pandemia","og_url":"https:\/\/infoecos.com.ar\/index.php\/pehuajo-seguira-con-las-medidas-en-vigencia-hasta-el-lunes-14\/","og_site_name":"Infoecos","article_publisher":"https:\/\/www.facebook.com\/profile.php?id=100063200290284","article_published_time":"2021-06-12T05:36:56+00:00","article_modified_time":"2021-06-12T05:36:57+00:00","og_image":[{"width":640,"height":426,"url":"https:\/\/infoecos.com.ar\/wp-content\/uploads\/2021\/05\/zurropabloconprensa.jpeg","type":"image\/jpeg"}],"author":"Jorge Matheus","twitter_card":"summary_large_image","twitter_creator":"@infoecos","twitter_site":"@infoecos","twitter_misc":{"Escrito por":"Jorge Matheus"},"schema":{"@context":"https:\/\/schema.org","@graph":[{"@type":"Article","@id":"https:\/\/infoecos.com.ar\/index.php\/pehuajo-seguira-con-las-medidas-en-vigencia-hasta-el-lunes-14\/#article","isPartOf":{"@id":"https:\/\/infoecos.com.ar\/index.php\/pehuajo-seguira-con-las-medidas-en-vigencia-hasta-el-lunes-14\/"},"author":{"name":"Jorge Matheus","@id":"https:\/\/infoecos.com.ar\/#\/schema\/person\/8f5ace5ce73b4b4aac4b7245aee6f191"},"headline":"Pehuaj\u00f3 seguir\u00e1 con las medidas en vigencia hasta el lunes 14","datePublished":"2021-06-12T05:36:56+00:00","dateModified":"2021-06-12T05:36:57+00:00","mainEntityOfPage":{"@id":"https:\/\/infoecos.com.ar\/index.php\/pehuajo-seguira-con-las-medidas-en-vigencia-hasta-el-lunes-14\/"},"wordCount":89,"publisher":{"@id":"https:\/\/infoecos.com.ar\/#organization"},"image":{"@id":"https:\/\/infoecos.com.ar\/index.php\/pehuajo-seguira-con-las-medidas-en-vigencia-hasta-el-lunes-14\/#primaryimage"},"thumbnailUrl":"https:\/\/infoecos.com.ar\/wp-content\/uploads\/2021\/05\/zurropabloconprensa.jpeg","keywords":["ANUNCIO DEL INTENDENTE"],"articleSection":["C2 N3"],"inLanguage":"es"},{"@type":"WebPage","@id":"https:\/\/infoecos.com.ar\/index.php\/pehuajo-seguira-con-las-medidas-en-vigencia-hasta-el-lunes-14\/","url":"https:\/\/infoecos.com.ar\/index.php\/pehuajo-seguira-con-las-medidas-en-vigencia-hasta-el-lunes-14\/","name":"Pehuaj\u00f3 seguir\u00e1 con las medidas en vigencia hasta el lunes 14 - Infoecos","isPartOf":{"@id":"https:\/\/infoecos.com.ar\/#website"},"primaryImageOfPage":{"@id":"https:\/\/infoecos.com.ar\/index.php\/pehuajo-seguira-con-las-medidas-en-vigencia-hasta-el-lunes-14\/#primaryimage"},"image":{"@id":"https:\/\/infoecos.com.ar\/index.php\/pehuajo-seguira-con-las-medidas-en-vigencia-hasta-el-lunes-14\/#primaryimage"},"thumbnailUrl":"https:\/\/infoecos.com.ar\/wp-content\/uploads\/2021\/05\/zurropabloconprensa.jpeg","datePublished":"2021-06-12T05:36:56+00:00","dateModified":"2021-06-12T05:36:57+00:00","breadcrumb":{"@id":"https:\/\/infoecos.com.ar\/index.php\/pehuajo-seguira-con-las-medidas-en-vigencia-hasta-el-lunes-14\/#breadcrumb"},"inLanguage":"es","potentialAction":[{"@type":"ReadAction","target":["https:\/\/infoecos.com.ar\/index.php\/pehuajo-seguira-con-las-medidas-en-vigencia-hasta-el-lunes-14\/"]}]},{"@type":"ImageObject","inLanguage":"es","@id":"https:\/\/infoecos.com.ar\/index.php\/pehuajo-seguira-con-las-medidas-en-vigencia-hasta-el-lunes-14\/#primaryimage","url":"https:\/\/infoecos.com.ar\/wp-content\/uploads\/2021\/05\/zurropabloconprensa.jpeg","contentUrl":"https:\/\/infoecos.com.ar\/wp-content\/uploads\/2021\/05\/zurropabloconprensa.jpeg","width":640,"height":426},{"@type":"BreadcrumbList","@id":"https:\/\/infoecos.com.ar\/index.php\/pehuajo-seguira-con-las-medidas-en-vigencia-hasta-el-lunes-14\/#breadcrumb","itemListElement":[{"@type":"ListItem","position":1,"name":"Portada","item":"https:\/\/infoecos.com.ar\/"},{"@type":"ListItem","position":2,"name":"Pehuaj\u00f3 seguir\u00e1 con las medidas en vigencia hasta el lunes 14"}]},{"@type":"WebSite","@id":"https:\/\/infoecos.com.ar\/#website","url":"https:\/\/infoecos.com.ar\/","name":"Infoecos","description":"Noticias de trenque lauquen y la zona","publisher":{"@id":"https:\/\/infoecos.com.ar\/#organization"},"alternateName":"Noticias","potentialAction":[{"@type":"SearchAction","target":{"@type":"EntryPoint","urlTemplate":"https:\/\/infoecos.com.ar\/?s={search_term_string}"},"query-input":{"@type":"PropertyValueSpecification","valueRequired":true,"valueName":"search_term_string"}}],"inLanguage":"es"},{"@type":"Organization","@id":"https:\/\/infoecos.com.ar\/#organization","name":"Infoecos","alternateName":"Noticias","url":"https:\/\/infoecos.com.ar\/","logo":{"@type":"ImageObject","inLanguage":"es","@id":"https:\/\/infoecos.com.ar\/#\/schema\/logo\/image\/","url":"https:\/\/infoecos.com.ar\/wp-content\/uploads\/2024\/03\/cropped-logo.png","contentUrl":"https:\/\/infoecos.com.ar\/wp-content\/uploads\/2024\/03\/cropped-logo.png","width":374,"height":90,"caption":"Infoecos"},"image":{"@id":"https:\/\/infoecos.com.ar\/#\/schema\/logo\/image\/"},"sameAs":["https:\/\/www.facebook.com\/profile.php?id=100063200290284","https:\/\/x.com\/infoecos"]},{"@type":"Person","@id":"https:\/\/infoecos.com.ar\/#\/schema\/person\/8f5ace5ce73b4b4aac4b7245aee6f191","name":"Jorge Matheus","url":"https:\/\/infoecos.com.ar\/index.php\/author\/jomatheus\/"}]}},"featured_image_urls":{"full":["https:\/\/infoecos.com.ar\/wp-content\/uploads\/2021\/05\/zurropabloconprensa.jpeg",640,426,false],"thumbnail":["https:\/\/infoecos.com.ar\/wp-content\/uploads\/2021\/05\/zurropabloconprensa-150x150.jpeg",150,150,true],"medium":["https:\/\/infoecos.com.ar\/wp-content\/uploads\/2021\/05\/zurropabloconprensa-460x306.jpeg",460,306,true],"medium_large":["https:\/\/infoecos.com.ar\/wp-content\/uploads\/2021\/05\/zurropabloconprensa.jpeg",640,426,false],"large":["https:\/\/infoecos.com.ar\/wp-content\/uploads\/2021\/05\/zurropabloconprensa.jpeg",640,426,false],"1536x1536":["https:\/\/infoecos.com.ar\/wp-content\/uploads\/2021\/05\/zurropabloconprensa.jpeg",640,426,false],"2048x2048":["https:\/\/infoecos.com.ar\/wp-content\/uploads\/2021\/05\/zurropabloconprensa.jpeg",640,426,false],"covernews-slider-full":["https:\/\/infoecos.com.ar\/wp-content\/uploads\/2021\/05\/zurropabloconprensa.jpeg",640,426,false],"covernews-slider-center":["https:\/\/infoecos.com.ar\/wp-content\/uploads\/2021\/05\/zurropabloconprensa.jpeg",640,426,false],"covernews-featured":["https:\/\/infoecos.com.ar\/wp-content\/uploads\/2021\/05\/zurropabloconprensa.jpeg",640,426,false],"covernews-medium":["https:\/\/infoecos.com.ar\/wp-content\/uploads\/2021\/05\/zurropabloconprensa-640x380.jpeg",540,321,true],"covernews-medium-square":["https:\/\/infoecos.com.ar\/wp-content\/uploads\/2021\/05\/zurropabloconprensa.jpeg",376,250,false]},"author_info":{"info":["Jorge Matheus"]},"category_info":"<a href=\"https:\/\/infoecos.com.ar\/index.php\/category\/c2nota3\/\" rel=\"category tag\">C2 N3<\/a>","tag_info":"C2 N3","comment_count":"0","_links":{"self":[{"href":"https:\/\/infoecos.com.ar\/index.php\/wp-json\/wp\/v2\/posts\/79511"}],"collection":[{"href":"https:\/\/infoecos.com.ar\/index.php\/wp-json\/wp\/v2\/posts"}],"about":[{"href":"https:\/\/infoecos.com.ar\/index.php\/wp-json\/wp\/v2\/types\/post"}],"author":[{"embeddable":true,"href":"https:\/\/infoecos.com.ar\/index.php\/wp-json\/wp\/v2\/users\/2"}],"replies":[{"embeddable":true,"href":"https:\/\/infoecos.com.ar\/index.php\/wp-json\/wp\/v2\/comments?post=79511"}],"version-history":[{"count":1,"href":"https:\/\/infoecos.com.ar\/index.php\/wp-json\/wp\/v2\/posts\/79511\/revisions"}],"predecessor-version":[{"id":79512,"href":"https:\/\/infoecos.com.ar\/index.php\/wp-json\/wp\/v2\/posts\/79511\/revisions\/79512"}],"wp:featuredmedia":[{"embeddable":true,"href":"https:\/\/infoecos.com.ar\/index.php\/wp-json\/wp\/v2\/media\/78725"}],"wp:attachment":[{"href":"https:\/\/infoecos.com.ar\/index.php\/wp-json\/wp\/v2\/media?parent=79511"}],"wp:term":[{"taxonomy":"category","embeddable":true,"href":"https:\/\/infoecos.com.ar\/index.php\/wp-json\/wp\/v2\/categories?post=79511"},{"taxonomy":"post_tag","embeddable":true,"href":"https:\/\/infoecos.com.ar\/index.php\/wp-json\/wp\/v2\/tags?post=79511"}],"curies":[{"name":"wp","href":"https:\/\/api.w.org\/{rel}","templated":true}]}}