{"id":79513,"date":"2021-06-12T02:48:41","date_gmt":"2021-06-12T05:48:41","guid":{"rendered":"http:\/\/infoecos.com.ar\/?p=79513"},"modified":"2021-06-15T02:34:11","modified_gmt":"2021-06-15T05:34:11","slug":"9-de-julio-carlos-tejedor-y-bragado-contemplados-en-obras-de-agua-y-saneamiento-con-inversion-de-provincia","status":"publish","type":"post","link":"https:\/\/infoecos.com.ar\/index.php\/9-de-julio-carlos-tejedor-y-bragado-contemplados-en-obras-de-agua-y-saneamiento-con-inversion-de-provincia\/","title":{"rendered":"9 de Julio, Carlos Tejedor y Bragado contemplados en obras de agua y saneamiento con inversi\u00f3n de provincia"},"content":{"rendered":"\n<p class=\"wp-block-paragraph\">El ministro de Infraestructura y Servicios P\u00fablicos de la Provincia, Agust\u00edn Simone, anunci\u00f3 la firma de un convenio con Naci\u00f3n para ejecutar obras de agua y saneamiento en 17 municipios del territorio bonaerense con una inversi\u00f3n de $119.226.257,73. Lo hizo en un acto que encabez\u00f3 junto al subsecretario de Recursos H\u00eddricos, Guillermo Jelinski, y el titular de la empresa estatal ABSA, Germ\u00e1n Ciucci.<\/p>\n\n\n\n<p class=\"wp-block-paragraph\">En ese sentido, se presentaron 32 contratos para perforaciones en distintos municipios de la provincia, financiados por el Ministerio de Obras P\u00fablicas de la Naci\u00f3n, a trav\u00e9s del Ente Nacional de Obras H\u00eddricas de Saneamiento (ENOHSA). Los trabajos consistir\u00e1n en la captaci\u00f3n de agua y se enmarcan en la tercera etapa de un plan integral de 135 nuevos pozos.<\/p>\n\n\n\n<div class=\"wp-block-image\"><figure class=\"aligncenter size-large\"><img loading=\"lazy\" decoding=\"async\" width=\"700\" height=\"466\" src=\"http:\/\/infoecos.com.ar\/wp-content\/uploads\/2021\/06\/simone-absa.jpg\" alt=\"\" class=\"wp-image-79514\" srcset=\"https:\/\/infoecos.com.ar\/wp-content\/uploads\/2021\/06\/simone-absa.jpg 700w, https:\/\/infoecos.com.ar\/wp-content\/uploads\/2021\/06\/simone-absa-460x306.jpg 460w, https:\/\/infoecos.com.ar\/wp-content\/uploads\/2021\/06\/simone-absa-675x450.jpg 675w\" sizes=\"auto, (max-width: 700px) 100vw, 700px\" \/><\/figure><\/div>\n\n\n\n<p class=\"wp-block-paragraph\">Al respecto, Simone expres\u00f3: \u201cHacer pozos de agua es algo que hac\u00eda mucho que no se hac\u00eda, son obras que no se ven y posiblemente por eso no se le hayan dado la importancia que tiene. Los pozos mejoran el caudal, la presi\u00f3n y la calidad de agua\u201d, y agreg\u00f3 que \u201cha sido posible gracias al trabajo con el ENOHSA, por eso agradecemos al sub-administrador N\u00e9stor \u00c1lvarez y al ministro Gabriel Katopodis\u201d.<\/p>\n\n\n\n<p class=\"wp-block-paragraph\">Por su parte, el subsecretario Jelinski asegur\u00f3 que acuerdos como este \u201cson fundamentales porque las obras de agua potable, como las de saneamiento, llegan a la salud de la gente, estamos dando salud y calidad de vida\u201d. \u201cLas perforaciones sirven para inyectar r\u00e1pidamente agua al sistema\u201d, finaliz\u00f3.<\/p>\n\n\n\n<p class=\"wp-block-paragraph\">Los trabajos permitir\u00e1n elevar el caudal de agua en las zonas beneficiadas y generar una mayor previsibilidad ante incidentes que afecten al servicio, adem\u00e1s de las tareas de mantenimiento en las redes que se ejecutar\u00e1n sin generar inconvenientes con el suministro a los usuarios.<\/p>\n\n\n\n<p class=\"wp-block-paragraph\">Por \u00faltimo, Germ\u00e1n Ciucci destac\u00f3: \u201cCuando asumimos el Ministro Simone y Guillermo Jelinski&nbsp; nos instruyeron a trabajar nuevamente en la imagen de ABSA, que estaba en un deterioro muy importante. En base a eso pensamos en la transformaci\u00f3n de la empresa, en articulaci\u00f3n con Naci\u00f3n, Provincia y municipios. Los resultados son muy importantes\u201d.<\/p>\n\n\n\n<p class=\"wp-block-paragraph\">Cabe destacar que los municipios beneficiados por este convenio ser\u00e1n: San Vicente, Gral. Rodr\u00edguez, Alte. Brown, <strong>9 de Julio<\/strong>, <strong>Bragado<\/strong>, <strong>Carlos Tejedor<\/strong>, San Miguel del Monte, &nbsp;Ca\u00f1uelas, Tapalqu\u00e9, Las Flores, Gral. Alvear, Coronel Vidal, Ayacucho, Gral. Madariaga, San Cayetano, Gral. Lamadrid y Tres Arroyos.<\/p>\n","protected":false},"excerpt":{"rendered":"<p>se presentaron 32 contratos para perforaciones en distintos municipios de la provincia, financiados por el Ministerio de Obras P\u00fablicas de la Naci\u00f3n, a trav\u00e9s del Ente Nacional de Obras H\u00eddricas de Saneamiento (ENOHSA)<\/p>\n","protected":false},"author":2,"featured_media":79514,"comment_status":"closed","ping_status":"open","sticky":false,"template":"","format":"standard","meta":{"footnotes":""},"categories":[1331],"tags":[2459],"class_list":["post-79513","post","type-post","status-publish","format-standard","has-post-thumbnail","hentry","category-inferior11","tag-acto-en-la-plata"],"featured_image_urls":{"full":["https:\/\/infoecos.com.ar\/wp-content\/uploads\/2021\/06\/simone-absa.jpg",700,466,false],"thumbnail":["https:\/\/infoecos.com.ar\/wp-content\/uploads\/2021\/06\/simone-absa-150x150.jpg",150,150,true],"medium":["https:\/\/infoecos.com.ar\/wp-content\/uploads\/2021\/06\/simone-absa-460x306.jpg",460,306,true],"medium_large":["https:\/\/infoecos.com.ar\/wp-content\/uploads\/2021\/06\/simone-absa.jpg",640,426,false],"large":["https:\/\/infoecos.com.ar\/wp-content\/uploads\/2021\/06\/simone-absa.jpg",640,426,false],"1536x1536":["https:\/\/infoecos.com.ar\/wp-content\/uploads\/2021\/06\/simone-absa.jpg",700,466,false],"2048x2048":["https:\/\/infoecos.com.ar\/wp-content\/uploads\/2021\/06\/simone-absa.jpg",700,466,false],"covernews-slider-full":["https:\/\/infoecos.com.ar\/wp-content\/uploads\/2021\/06\/simone-absa.jpg",700,466,false],"covernews-slider-center":["https:\/\/infoecos.com.ar\/wp-content\/uploads\/2021\/06\/simone-absa.jpg",700,466,false],"covernews-featured":["https:\/\/infoecos.com.ar\/wp-content\/uploads\/2021\/06\/simone-absa.jpg",700,466,false],"covernews-medium":["https:\/\/infoecos.com.ar\/wp-content\/uploads\/2021\/06\/simone-absa-700x380.jpg",540,293,true],"covernews-medium-square":["https:\/\/infoecos.com.ar\/wp-content\/uploads\/2021\/06\/simone-absa-675x450.jpg",375,250,true]},"author_info":{"info":["Jorge Matheus"]},"category_info":"<a href=\"https:\/\/infoecos.com.ar\/index.php\/category\/inferior11\/\" rel=\"category tag\">Bloque inferior - 11<\/a>","tag_info":"Bloque inferior - 11","comment_count":"0","_links":{"self":[{"href":"https:\/\/infoecos.com.ar\/index.php\/wp-json\/wp\/v2\/posts\/79513","targetHints":{"allow":["GET"]}}],"collection":[{"href":"https:\/\/infoecos.com.ar\/index.php\/wp-json\/wp\/v2\/posts"}],"about":[{"href":"https:\/\/infoecos.com.ar\/index.php\/wp-json\/wp\/v2\/types\/post"}],"author":[{"embeddable":true,"href":"https:\/\/infoecos.com.ar\/index.php\/wp-json\/wp\/v2\/users\/2"}],"replies":[{"embeddable":true,"href":"https:\/\/infoecos.com.ar\/index.php\/wp-json\/wp\/v2\/comments?post=79513"}],"version-history":[{"count":2,"href":"https:\/\/infoecos.com.ar\/index.php\/wp-json\/wp\/v2\/posts\/79513\/revisions"}],"predecessor-version":[{"id":79643,"href":"https:\/\/infoecos.com.ar\/index.php\/wp-json\/wp\/v2\/posts\/79513\/revisions\/79643"}],"wp:featuredmedia":[{"embeddable":true,"href":"https:\/\/infoecos.com.ar\/index.php\/wp-json\/wp\/v2\/media\/79514"}],"wp:attachment":[{"href":"https:\/\/infoecos.com.ar\/index.php\/wp-json\/wp\/v2\/media?parent=79513"}],"wp:term":[{"taxonomy":"category","embeddable":true,"href":"https:\/\/infoecos.com.ar\/index.php\/wp-json\/wp\/v2\/categories?post=79513"},{"taxonomy":"post_tag","embeddable":true,"href":"https:\/\/infoecos.com.ar\/index.php\/wp-json\/wp\/v2\/tags?post=79513"}],"curies":[{"name":"wp","href":"https:\/\/api.w.org\/{rel}","templated":true}]}}