{"id":79543,"date":"2021-06-13T02:41:29","date_gmt":"2021-06-13T05:41:29","guid":{"rendered":"http:\/\/infoecos.com.ar\/?p=79543"},"modified":"2021-06-13T02:42:48","modified_gmt":"2021-06-13T05:42:48","slug":"el-gobernador-kicillof-se-reunio-con-trotta-para-hablar-de-la-presencialidad-segura-a-partir-del-miercoles","status":"publish","type":"post","link":"https:\/\/infoecos.com.ar\/index.php\/el-gobernador-kicillof-se-reunio-con-trotta-para-hablar-de-la-presencialidad-segura-a-partir-del-miercoles\/","title":{"rendered":"Kicillof y Trotta hablaron de la presencialidad segura a partir del mi\u00e9rcoles"},"content":{"rendered":"\n<p class=\"wp-block-paragraph\">El gobernador bonaerense Axel Kicillof manifest\u00f3 ayer a trav\u00e9s de sus redes sociales que se sigue \u201ctrabajando entre todos los niveles del Estado para coordinar el regreso a la presencialidad segura\u00bb en toda la provincia a partir del mi\u00e9rcoles pr\u00f3ximo.<\/p>\n\n\n\n<div class=\"wp-block-image\"><figure class=\"aligncenter size-medium\"><img loading=\"lazy\" decoding=\"async\" width=\"460\" height=\"306\" src=\"http:\/\/infoecos.com.ar\/wp-content\/uploads\/2021\/02\/MG_4423_2-460x306.jpg\" alt=\"\" class=\"wp-image-74260\" srcset=\"https:\/\/infoecos.com.ar\/wp-content\/uploads\/2021\/02\/MG_4423_2-460x306.jpg 460w, https:\/\/infoecos.com.ar\/wp-content\/uploads\/2021\/02\/MG_4423_2-920x613.jpg 920w, https:\/\/infoecos.com.ar\/wp-content\/uploads\/2021\/02\/MG_4423_2-768x512.jpg 768w, https:\/\/infoecos.com.ar\/wp-content\/uploads\/2021\/02\/MG_4423_2-1536x1020.jpg 1536w, https:\/\/infoecos.com.ar\/wp-content\/uploads\/2021\/02\/MG_4423_2-2048x1364.jpg 2048w, https:\/\/infoecos.com.ar\/wp-content\/uploads\/2021\/02\/MG_4423_2-1024x682.jpg 1024w, https:\/\/infoecos.com.ar\/wp-content\/uploads\/2021\/02\/MG_4423_2-675x450.jpg 675w\" sizes=\"auto, (max-width: 460px) 100vw, 460px\" \/><figcaption>Im\u00e1gen de archivo<\/figcaption><\/figure><\/div>\n\n\n\n<p class=\"wp-block-paragraph\">El mandatario provincial coment\u00f3 que se reuni\u00f3 con los responsables de las carteras educativas de Naci\u00f3n, Nicol\u00e1s Trotta, y de la provincia, Agustina Vila, para analizar las medidas con la intenci\u00f3n de \u201cseguir cuidando el entorno de las escuelas\u201d.<\/p>\n\n\n\n<figure class=\"wp-block-embed is-type-rich is-provider-twitter wp-block-embed-twitter\"><div class=\"wp-block-embed__wrapper\">\n<blockquote class=\"twitter-tweet\" data-width=\"550\" data-dnt=\"true\"><p lang=\"es\" dir=\"ltr\">Seguimos trabajando entre todos los niveles del Estado para coordinar el regreso a la presencialidad segura en la Provincia.<br><br>Junto a <a href=\"https:\/\/twitter.com\/trottanico?ref_src=twsrc%5Etfw\">@trottanico<\/a> y Agustina Vila analizamos las medidas para seguir cuidando el entorno en las escuelas. <a href=\"https:\/\/t.co\/94SvgvMb9U\">https:\/\/t.co\/94SvgvMb9U<\/a><\/p>&mdash; Axel Kicillof (@Kicillofok) <a href=\"https:\/\/twitter.com\/Kicillofok\/status\/1403756980532088840?ref_src=twsrc%5Etfw\">June 12, 2021<\/a><\/blockquote><script async src=\"https:\/\/platform.twitter.com\/widgets.js\" charset=\"utf-8\"><\/script>\n<\/div><\/figure>\n\n\n\n<p class=\"wp-block-paragraph\">Asimismo, desde la<strong>&nbsp;Direcci\u00f3n General de Cultura y Educaci\u00f3n bonaerense se inform\u00f3 que se est\u00e1n dando nuevos turnos para de vacunaci\u00f3n para docentes y auxiliare<\/strong>s y en tal sentido se pide revisar los correos electr\u00f3nicos, la app y la web de Buenos Aires Vacunate.<\/p>\n\n\n\n<p class=\"wp-block-paragraph\">El Gobierno bonaerense anunci\u00f3 que durante&nbsp;<strong>este fin de semana se distribuir\u00e1n los turnos de vacunaci\u00f3n<\/strong>&nbsp;para la totalidad de docentes y auxiliares inscriptos que a\u00fan no hayan recibido su primera dosis, de cara al regreso a partir del mi\u00e9rcoles de las clases presenciales en el conurbano.<\/p>\n\n\n\n<p class=\"wp-block-paragraph\">As\u00ed lo inform\u00f3 en un comunicado&nbsp;<strong>la Direcci\u00f3n General de Cultura y Educaci\u00f3n de la provincia<\/strong>, que destac\u00f3 que \u00abcon el esquema de presencialidad administrada que estaba vigente antes de la suspensi\u00f3n temporal de las clases presenciales,<strong>&nbsp;la semana que viene las escuelas ubicadas en los municipios bonaerenses que integran el AMBA empiezan a retomar la presencialidad\u00bb.<\/strong><\/p>\n","protected":false},"excerpt":{"rendered":"<p>El mandatario provincial coment\u00f3 que se reuni\u00f3 con los responsables de las carteras educativas de Naci\u00f3n, Nicol\u00e1s Trotta, y de la provincia, Agustina Vila, para analizar las medidas con la intenci\u00f3n de \u201cseguir cuidando el entorno de las escuelas\u201d<\/p>\n","protected":false},"author":2,"featured_media":74260,"comment_status":"closed","ping_status":"open","sticky":false,"template":"","format":"standard","meta":{"footnotes":""},"categories":[1341],"tags":[3892],"class_list":["post-79543","post","type-post","status-publish","format-standard","has-post-thumbnail","hentry","category-c1nota7","tag-tambien-estuvo-agustina-vila"],"featured_image_urls":{"full":["https:\/\/infoecos.com.ar\/wp-content\/uploads\/2021\/02\/MG_4423_2-scaled.jpg",2560,1706,false],"thumbnail":["https:\/\/infoecos.com.ar\/wp-content\/uploads\/2021\/02\/MG_4423_2-150x150.jpg",150,150,true],"medium":["https:\/\/infoecos.com.ar\/wp-content\/uploads\/2021\/02\/MG_4423_2-460x306.jpg",460,306,true],"medium_large":["https:\/\/infoecos.com.ar\/wp-content\/uploads\/2021\/02\/MG_4423_2-768x512.jpg",640,427,true],"large":["https:\/\/infoecos.com.ar\/wp-content\/uploads\/2021\/02\/MG_4423_2-920x613.jpg",640,426,true],"1536x1536":["https:\/\/infoecos.com.ar\/wp-content\/uploads\/2021\/02\/MG_4423_2-1536x1023.jpg",1536,1023,true],"2048x2048":["https:\/\/infoecos.com.ar\/wp-content\/uploads\/2021\/02\/MG_4423_2-2048x1364.jpg",2048,1364,true],"covernews-slider-full":["https:\/\/infoecos.com.ar\/wp-content\/uploads\/2021\/02\/MG_4423_2-1536x1020.jpg",1077,715,true],"covernews-slider-center":["https:\/\/infoecos.com.ar\/wp-content\/uploads\/2021\/02\/MG_4423_2-936x897.jpg",522,500,true],"covernews-featured":["https:\/\/infoecos.com.ar\/wp-content\/uploads\/2021\/02\/MG_4423_2-1024x682.jpg",1024,682,true],"covernews-medium":["https:\/\/infoecos.com.ar\/wp-content\/uploads\/2021\/02\/MG_4423_2-720x380.jpg",540,285,true],"covernews-medium-square":["https:\/\/infoecos.com.ar\/wp-content\/uploads\/2021\/02\/MG_4423_2-675x450.jpg",375,250,true]},"author_info":{"info":["Jorge Matheus"]},"category_info":"<a href=\"https:\/\/infoecos.com.ar\/index.php\/category\/c1nota7\/\" rel=\"category tag\">C1 nota 7<\/a>","tag_info":"C1 nota 7","comment_count":"0","_links":{"self":[{"href":"https:\/\/infoecos.com.ar\/index.php\/wp-json\/wp\/v2\/posts\/79543","targetHints":{"allow":["GET"]}}],"collection":[{"href":"https:\/\/infoecos.com.ar\/index.php\/wp-json\/wp\/v2\/posts"}],"about":[{"href":"https:\/\/infoecos.com.ar\/index.php\/wp-json\/wp\/v2\/types\/post"}],"author":[{"embeddable":true,"href":"https:\/\/infoecos.com.ar\/index.php\/wp-json\/wp\/v2\/users\/2"}],"replies":[{"embeddable":true,"href":"https:\/\/infoecos.com.ar\/index.php\/wp-json\/wp\/v2\/comments?post=79543"}],"version-history":[{"count":3,"href":"https:\/\/infoecos.com.ar\/index.php\/wp-json\/wp\/v2\/posts\/79543\/revisions"}],"predecessor-version":[{"id":79546,"href":"https:\/\/infoecos.com.ar\/index.php\/wp-json\/wp\/v2\/posts\/79543\/revisions\/79546"}],"wp:featuredmedia":[{"embeddable":true,"href":"https:\/\/infoecos.com.ar\/index.php\/wp-json\/wp\/v2\/media\/74260"}],"wp:attachment":[{"href":"https:\/\/infoecos.com.ar\/index.php\/wp-json\/wp\/v2\/media?parent=79543"}],"wp:term":[{"taxonomy":"category","embeddable":true,"href":"https:\/\/infoecos.com.ar\/index.php\/wp-json\/wp\/v2\/categories?post=79543"},{"taxonomy":"post_tag","embeddable":true,"href":"https:\/\/infoecos.com.ar\/index.php\/wp-json\/wp\/v2\/tags?post=79543"}],"curies":[{"name":"wp","href":"https:\/\/api.w.org\/{rel}","templated":true}]}}