{"id":79580,"date":"2021-06-14T02:16:35","date_gmt":"2021-06-14T05:16:35","guid":{"rendered":"http:\/\/infoecos.com.ar\/?p=79580"},"modified":"2021-06-15T02:29:50","modified_gmt":"2021-06-15T05:29:50","slug":"en-quince-dias-podria-ponerse-en-marcha-la-ley-denominada-de-zonas-frias-y-en-agosto-impactaria-en-las-facturas","status":"publish","type":"post","link":"https:\/\/infoecos.com.ar\/index.php\/en-quince-dias-podria-ponerse-en-marcha-la-ley-denominada-de-zonas-frias-y-en-agosto-impactaria-en-las-facturas\/","title":{"rendered":"En quince d\u00edas podr\u00eda ponerse en marcha la ley denominada de \u00abZonas Fr\u00edas\u00bb y en agosto impactar\u00eda en las facturas"},"content":{"rendered":"\n<p>La denominada Ley de \u00abZonas Fr\u00edas\u00bb , que establece descuentos de hasta el 50% para los residentes de distritos con bajas temperatura podr\u00eda ponerse en marcha en no mas de 15 d\u00edas, por lo que en agosto se notar\u00eda el impacto sobre las facturas de gas de los meses de junio y julio.<\/p>\n\n\n\n<div class=\"wp-block-image\"><figure class=\"aligncenter size-medium\"><img decoding=\"async\" src=\"http:\/\/infoecos.com.ar\/wp-content\/uploads\/unnamed-1-11-460x201.jpg\" alt=\"\" class=\"wp-image-28193\"\/><figcaption>Gasoducto<\/figcaption><\/figure><\/div>\n\n\n\n<p>\u00abEsperamos que se le pueda dar tratamiento esta semana o la otra en la C\u00e1mara Alta, porque nuestra intenci\u00f3n es que en las facturas de gas que lleguen en agosto, podamos ver el impacto de la ley. Es un beneficio importante, porque un descuento del 30 o el 50% representa mucho dinero en la tarifa de gas\u00bb, indic\u00f3 la diputada Jimena L\u00f3pez (FdT), una de las autoras de proyecto.<\/p>\n\n\n\n<p>El proyecto, que ya fue aprobado en Diputados, alcanza a 47 distritos bonaerenses que recibir\u00e1n un descuento del 30% en su tarifa de gas de forma autom\u00e1tica, aunque esa cifra llega al 50% para el caso de los usuarios que reciban&nbsp;asignaciones sociales, jubilados, pensionados y monotributistas sociales siempre que suns ingresos no superen los cuatro salarios m\u00ednimos,&nbsp;<\/p>\n\n\n\n<p>L\u00f3pez ze mostr\u00f3 confiada en poner en marcha la Ley en no mas de 15 d\u00edas y en di\u00e1logo con el diario La Nueva, remarc\u00f3 que&nbsp;\u201clo bueno&nbsp;de este tipo de medidas, es que el efecto que generan est\u00e1 vinculado con el consumo cotidiano de la gente. Se trata de mucho dinero que circular\u00e1 por estas localidades, y que se volcar\u00e1 a las compras de almac\u00e9n, ropa y bienes de consumo\u201d.<\/p>\n","protected":false},"excerpt":{"rendered":"<p>El proyecto, que ya fue aprobado en Diputados, alcanza a 47 distritos bonaerenses que recibir\u00e1n un descuento del 30% en su tarifa de gas de forma autom\u00e1tica, aunque esa cifra llega al 50% <\/p>\n","protected":false},"author":2,"featured_media":48393,"comment_status":"closed","ping_status":"open","sticky":false,"template":"","format":"standard","meta":{"footnotes":""},"categories":[40],"tags":[594],"class_list":["post-79580","post","type-post","status-publish","format-standard","has-post-thumbnail","hentry","category-inferior1","tag-servicios-publicos"],"yoast_head":"<!-- This site is optimized with the Yoast SEO plugin v23.4 - https:\/\/yoast.com\/wordpress\/plugins\/seo\/ -->\n<title>En quince d\u00edas podr\u00eda ponerse en marcha la ley denominada de &quot;Zonas Fr\u00edas&quot; y en agosto impactar\u00eda en las facturas - Infoecos<\/title>\n<meta name=\"robots\" content=\"index, follow, max-snippet:-1, max-image-preview:large, max-video-preview:-1\" \/>\n<link rel=\"canonical\" href=\"https:\/\/infoecos.com.ar\/index.php\/en-quince-dias-podria-ponerse-en-marcha-la-ley-denominada-de-zonas-frias-y-en-agosto-impactaria-en-las-facturas\/\" \/>\n<meta property=\"og:locale\" content=\"es_ES\" \/>\n<meta property=\"og:type\" content=\"article\" \/>\n<meta property=\"og:title\" content=\"En quince d\u00edas podr\u00eda ponerse en marcha la ley denominada de &quot;Zonas Fr\u00edas&quot; y en agosto impactar\u00eda en las facturas - Infoecos\" \/>\n<meta property=\"og:description\" content=\"El proyecto, que ya fue aprobado en Diputados, alcanza a 47 distritos bonaerenses que recibir\u00e1n un descuento del 30% en su tarifa de gas de forma autom\u00e1tica, aunque esa cifra llega al 50%\" \/>\n<meta property=\"og:url\" content=\"https:\/\/infoecos.com.ar\/index.php\/en-quince-dias-podria-ponerse-en-marcha-la-ley-denominada-de-zonas-frias-y-en-agosto-impactaria-en-las-facturas\/\" \/>\n<meta property=\"og:site_name\" content=\"Infoecos\" \/>\n<meta property=\"article:publisher\" content=\"https:\/\/www.facebook.com\/profile.php?id=100063200290284\" \/>\n<meta property=\"article:published_time\" content=\"2021-06-14T05:16:35+00:00\" \/>\n<meta property=\"article:modified_time\" content=\"2021-06-15T05:29:50+00:00\" \/>\n<meta property=\"og:image\" content=\"https:\/\/infoecos.com.ar\/wp-content\/uploads\/Camuzzi-960x640.jpg\" \/>\n\t<meta property=\"og:image:width\" content=\"960\" \/>\n\t<meta property=\"og:image:height\" content=\"640\" \/>\n\t<meta property=\"og:image:type\" content=\"image\/jpeg\" \/>\n<meta name=\"author\" content=\"Jorge Matheus\" \/>\n<meta name=\"twitter:card\" content=\"summary_large_image\" \/>\n<meta name=\"twitter:creator\" content=\"@infoecos\" \/>\n<meta name=\"twitter:site\" content=\"@infoecos\" \/>\n<meta name=\"twitter:label1\" content=\"Escrito por\" \/>\n\t<meta name=\"twitter:data1\" content=\"Jorge Matheus\" \/>\n\t<meta name=\"twitter:label2\" content=\"Tiempo de lectura\" \/>\n\t<meta name=\"twitter:data2\" content=\"1 minuto\" \/>\n<script type=\"application\/ld+json\" class=\"yoast-schema-graph\">{\"@context\":\"https:\/\/schema.org\",\"@graph\":[{\"@type\":\"Article\",\"@id\":\"https:\/\/infoecos.com.ar\/index.php\/en-quince-dias-podria-ponerse-en-marcha-la-ley-denominada-de-zonas-frias-y-en-agosto-impactaria-en-las-facturas\/#article\",\"isPartOf\":{\"@id\":\"https:\/\/infoecos.com.ar\/index.php\/en-quince-dias-podria-ponerse-en-marcha-la-ley-denominada-de-zonas-frias-y-en-agosto-impactaria-en-las-facturas\/\"},\"author\":{\"name\":\"Jorge Matheus\",\"@id\":\"https:\/\/infoecos.com.ar\/#\/schema\/person\/8f5ace5ce73b4b4aac4b7245aee6f191\"},\"headline\":\"En quince d\u00edas podr\u00eda ponerse en marcha la ley denominada de \u00abZonas Fr\u00edas\u00bb y en agosto impactar\u00eda en las facturas\",\"datePublished\":\"2021-06-14T05:16:35+00:00\",\"dateModified\":\"2021-06-15T05:29:50+00:00\",\"mainEntityOfPage\":{\"@id\":\"https:\/\/infoecos.com.ar\/index.php\/en-quince-dias-podria-ponerse-en-marcha-la-ley-denominada-de-zonas-frias-y-en-agosto-impactaria-en-las-facturas\/\"},\"wordCount\":286,\"publisher\":{\"@id\":\"https:\/\/infoecos.com.ar\/#organization\"},\"image\":{\"@id\":\"https:\/\/infoecos.com.ar\/index.php\/en-quince-dias-podria-ponerse-en-marcha-la-ley-denominada-de-zonas-frias-y-en-agosto-impactaria-en-las-facturas\/#primaryimage\"},\"thumbnailUrl\":\"\",\"keywords\":[\"SERVICIOS P\u00daBLICOS\"],\"articleSection\":[\"Bloque inferior - 1\"],\"inLanguage\":\"es\"},{\"@type\":\"WebPage\",\"@id\":\"https:\/\/infoecos.com.ar\/index.php\/en-quince-dias-podria-ponerse-en-marcha-la-ley-denominada-de-zonas-frias-y-en-agosto-impactaria-en-las-facturas\/\",\"url\":\"https:\/\/infoecos.com.ar\/index.php\/en-quince-dias-podria-ponerse-en-marcha-la-ley-denominada-de-zonas-frias-y-en-agosto-impactaria-en-las-facturas\/\",\"name\":\"En quince d\u00edas podr\u00eda ponerse en marcha la ley denominada de \\\"Zonas Fr\u00edas\\\" y en agosto impactar\u00eda en las facturas - Infoecos\",\"isPartOf\":{\"@id\":\"https:\/\/infoecos.com.ar\/#website\"},\"primaryImageOfPage\":{\"@id\":\"https:\/\/infoecos.com.ar\/index.php\/en-quince-dias-podria-ponerse-en-marcha-la-ley-denominada-de-zonas-frias-y-en-agosto-impactaria-en-las-facturas\/#primaryimage\"},\"image\":{\"@id\":\"https:\/\/infoecos.com.ar\/index.php\/en-quince-dias-podria-ponerse-en-marcha-la-ley-denominada-de-zonas-frias-y-en-agosto-impactaria-en-las-facturas\/#primaryimage\"},\"thumbnailUrl\":\"\",\"datePublished\":\"2021-06-14T05:16:35+00:00\",\"dateModified\":\"2021-06-15T05:29:50+00:00\",\"breadcrumb\":{\"@id\":\"https:\/\/infoecos.com.ar\/index.php\/en-quince-dias-podria-ponerse-en-marcha-la-ley-denominada-de-zonas-frias-y-en-agosto-impactaria-en-las-facturas\/#breadcrumb\"},\"inLanguage\":\"es\",\"potentialAction\":[{\"@type\":\"ReadAction\",\"target\":[\"https:\/\/infoecos.com.ar\/index.php\/en-quince-dias-podria-ponerse-en-marcha-la-ley-denominada-de-zonas-frias-y-en-agosto-impactaria-en-las-facturas\/\"]}]},{\"@type\":\"ImageObject\",\"inLanguage\":\"es\",\"@id\":\"https:\/\/infoecos.com.ar\/index.php\/en-quince-dias-podria-ponerse-en-marcha-la-ley-denominada-de-zonas-frias-y-en-agosto-impactaria-en-las-facturas\/#primaryimage\",\"url\":\"\",\"contentUrl\":\"\"},{\"@type\":\"BreadcrumbList\",\"@id\":\"https:\/\/infoecos.com.ar\/index.php\/en-quince-dias-podria-ponerse-en-marcha-la-ley-denominada-de-zonas-frias-y-en-agosto-impactaria-en-las-facturas\/#breadcrumb\",\"itemListElement\":[{\"@type\":\"ListItem\",\"position\":1,\"name\":\"Portada\",\"item\":\"https:\/\/infoecos.com.ar\/\"},{\"@type\":\"ListItem\",\"position\":2,\"name\":\"En quince d\u00edas podr\u00eda ponerse en marcha la ley denominada de \u00abZonas Fr\u00edas\u00bb y en agosto impactar\u00eda en las facturas\"}]},{\"@type\":\"WebSite\",\"@id\":\"https:\/\/infoecos.com.ar\/#website\",\"url\":\"https:\/\/infoecos.com.ar\/\",\"name\":\"Infoecos\",\"description\":\"Noticias de trenque lauquen y la zona\",\"publisher\":{\"@id\":\"https:\/\/infoecos.com.ar\/#organization\"},\"alternateName\":\"Noticias\",\"potentialAction\":[{\"@type\":\"SearchAction\",\"target\":{\"@type\":\"EntryPoint\",\"urlTemplate\":\"https:\/\/infoecos.com.ar\/?s={search_term_string}\"},\"query-input\":{\"@type\":\"PropertyValueSpecification\",\"valueRequired\":true,\"valueName\":\"search_term_string\"}}],\"inLanguage\":\"es\"},{\"@type\":\"Organization\",\"@id\":\"https:\/\/infoecos.com.ar\/#organization\",\"name\":\"Infoecos\",\"alternateName\":\"Noticias\",\"url\":\"https:\/\/infoecos.com.ar\/\",\"logo\":{\"@type\":\"ImageObject\",\"inLanguage\":\"es\",\"@id\":\"https:\/\/infoecos.com.ar\/#\/schema\/logo\/image\/\",\"url\":\"https:\/\/infoecos.com.ar\/wp-content\/uploads\/2024\/03\/cropped-logo.png\",\"contentUrl\":\"https:\/\/infoecos.com.ar\/wp-content\/uploads\/2024\/03\/cropped-logo.png\",\"width\":374,\"height\":90,\"caption\":\"Infoecos\"},\"image\":{\"@id\":\"https:\/\/infoecos.com.ar\/#\/schema\/logo\/image\/\"},\"sameAs\":[\"https:\/\/www.facebook.com\/profile.php?id=100063200290284\",\"https:\/\/x.com\/infoecos\"]},{\"@type\":\"Person\",\"@id\":\"https:\/\/infoecos.com.ar\/#\/schema\/person\/8f5ace5ce73b4b4aac4b7245aee6f191\",\"name\":\"Jorge Matheus\",\"url\":\"https:\/\/infoecos.com.ar\/index.php\/author\/jomatheus\/\"}]}<\/script>\n<!-- \/ Yoast SEO plugin. -->","yoast_head_json":{"title":"En quince d\u00edas podr\u00eda ponerse en marcha la ley denominada de \"Zonas Fr\u00edas\" y en agosto impactar\u00eda en las facturas - Infoecos","robots":{"index":"index","follow":"follow","max-snippet":"max-snippet:-1","max-image-preview":"max-image-preview:large","max-video-preview":"max-video-preview:-1"},"canonical":"https:\/\/infoecos.com.ar\/index.php\/en-quince-dias-podria-ponerse-en-marcha-la-ley-denominada-de-zonas-frias-y-en-agosto-impactaria-en-las-facturas\/","og_locale":"es_ES","og_type":"article","og_title":"En quince d\u00edas podr\u00eda ponerse en marcha la ley denominada de \"Zonas Fr\u00edas\" y en agosto impactar\u00eda en las facturas - Infoecos","og_description":"El proyecto, que ya fue aprobado en Diputados, alcanza a 47 distritos bonaerenses que recibir\u00e1n un descuento del 30% en su tarifa de gas de forma autom\u00e1tica, aunque esa cifra llega al 50%","og_url":"https:\/\/infoecos.com.ar\/index.php\/en-quince-dias-podria-ponerse-en-marcha-la-ley-denominada-de-zonas-frias-y-en-agosto-impactaria-en-las-facturas\/","og_site_name":"Infoecos","article_publisher":"https:\/\/www.facebook.com\/profile.php?id=100063200290284","article_published_time":"2021-06-14T05:16:35+00:00","article_modified_time":"2021-06-15T05:29:50+00:00","og_image":[{"width":960,"height":640,"url":"https:\/\/infoecos.com.ar\/wp-content\/uploads\/Camuzzi-960x640.jpg","type":"image\/jpeg"}],"author":"Jorge Matheus","twitter_card":"summary_large_image","twitter_creator":"@infoecos","twitter_site":"@infoecos","twitter_misc":{"Escrito por":"Jorge Matheus","Tiempo de lectura":"1 minuto"},"schema":{"@context":"https:\/\/schema.org","@graph":[{"@type":"Article","@id":"https:\/\/infoecos.com.ar\/index.php\/en-quince-dias-podria-ponerse-en-marcha-la-ley-denominada-de-zonas-frias-y-en-agosto-impactaria-en-las-facturas\/#article","isPartOf":{"@id":"https:\/\/infoecos.com.ar\/index.php\/en-quince-dias-podria-ponerse-en-marcha-la-ley-denominada-de-zonas-frias-y-en-agosto-impactaria-en-las-facturas\/"},"author":{"name":"Jorge Matheus","@id":"https:\/\/infoecos.com.ar\/#\/schema\/person\/8f5ace5ce73b4b4aac4b7245aee6f191"},"headline":"En quince d\u00edas podr\u00eda ponerse en marcha la ley denominada de \u00abZonas Fr\u00edas\u00bb y en agosto impactar\u00eda en las facturas","datePublished":"2021-06-14T05:16:35+00:00","dateModified":"2021-06-15T05:29:50+00:00","mainEntityOfPage":{"@id":"https:\/\/infoecos.com.ar\/index.php\/en-quince-dias-podria-ponerse-en-marcha-la-ley-denominada-de-zonas-frias-y-en-agosto-impactaria-en-las-facturas\/"},"wordCount":286,"publisher":{"@id":"https:\/\/infoecos.com.ar\/#organization"},"image":{"@id":"https:\/\/infoecos.com.ar\/index.php\/en-quince-dias-podria-ponerse-en-marcha-la-ley-denominada-de-zonas-frias-y-en-agosto-impactaria-en-las-facturas\/#primaryimage"},"thumbnailUrl":"","keywords":["SERVICIOS P\u00daBLICOS"],"articleSection":["Bloque inferior - 1"],"inLanguage":"es"},{"@type":"WebPage","@id":"https:\/\/infoecos.com.ar\/index.php\/en-quince-dias-podria-ponerse-en-marcha-la-ley-denominada-de-zonas-frias-y-en-agosto-impactaria-en-las-facturas\/","url":"https:\/\/infoecos.com.ar\/index.php\/en-quince-dias-podria-ponerse-en-marcha-la-ley-denominada-de-zonas-frias-y-en-agosto-impactaria-en-las-facturas\/","name":"En quince d\u00edas podr\u00eda ponerse en marcha la ley denominada de \"Zonas Fr\u00edas\" y en agosto impactar\u00eda en las facturas - Infoecos","isPartOf":{"@id":"https:\/\/infoecos.com.ar\/#website"},"primaryImageOfPage":{"@id":"https:\/\/infoecos.com.ar\/index.php\/en-quince-dias-podria-ponerse-en-marcha-la-ley-denominada-de-zonas-frias-y-en-agosto-impactaria-en-las-facturas\/#primaryimage"},"image":{"@id":"https:\/\/infoecos.com.ar\/index.php\/en-quince-dias-podria-ponerse-en-marcha-la-ley-denominada-de-zonas-frias-y-en-agosto-impactaria-en-las-facturas\/#primaryimage"},"thumbnailUrl":"","datePublished":"2021-06-14T05:16:35+00:00","dateModified":"2021-06-15T05:29:50+00:00","breadcrumb":{"@id":"https:\/\/infoecos.com.ar\/index.php\/en-quince-dias-podria-ponerse-en-marcha-la-ley-denominada-de-zonas-frias-y-en-agosto-impactaria-en-las-facturas\/#breadcrumb"},"inLanguage":"es","potentialAction":[{"@type":"ReadAction","target":["https:\/\/infoecos.com.ar\/index.php\/en-quince-dias-podria-ponerse-en-marcha-la-ley-denominada-de-zonas-frias-y-en-agosto-impactaria-en-las-facturas\/"]}]},{"@type":"ImageObject","inLanguage":"es","@id":"https:\/\/infoecos.com.ar\/index.php\/en-quince-dias-podria-ponerse-en-marcha-la-ley-denominada-de-zonas-frias-y-en-agosto-impactaria-en-las-facturas\/#primaryimage","url":"","contentUrl":""},{"@type":"BreadcrumbList","@id":"https:\/\/infoecos.com.ar\/index.php\/en-quince-dias-podria-ponerse-en-marcha-la-ley-denominada-de-zonas-frias-y-en-agosto-impactaria-en-las-facturas\/#breadcrumb","itemListElement":[{"@type":"ListItem","position":1,"name":"Portada","item":"https:\/\/infoecos.com.ar\/"},{"@type":"ListItem","position":2,"name":"En quince d\u00edas podr\u00eda ponerse en marcha la ley denominada de \u00abZonas Fr\u00edas\u00bb y en agosto impactar\u00eda en las facturas"}]},{"@type":"WebSite","@id":"https:\/\/infoecos.com.ar\/#website","url":"https:\/\/infoecos.com.ar\/","name":"Infoecos","description":"Noticias de trenque lauquen y la zona","publisher":{"@id":"https:\/\/infoecos.com.ar\/#organization"},"alternateName":"Noticias","potentialAction":[{"@type":"SearchAction","target":{"@type":"EntryPoint","urlTemplate":"https:\/\/infoecos.com.ar\/?s={search_term_string}"},"query-input":{"@type":"PropertyValueSpecification","valueRequired":true,"valueName":"search_term_string"}}],"inLanguage":"es"},{"@type":"Organization","@id":"https:\/\/infoecos.com.ar\/#organization","name":"Infoecos","alternateName":"Noticias","url":"https:\/\/infoecos.com.ar\/","logo":{"@type":"ImageObject","inLanguage":"es","@id":"https:\/\/infoecos.com.ar\/#\/schema\/logo\/image\/","url":"https:\/\/infoecos.com.ar\/wp-content\/uploads\/2024\/03\/cropped-logo.png","contentUrl":"https:\/\/infoecos.com.ar\/wp-content\/uploads\/2024\/03\/cropped-logo.png","width":374,"height":90,"caption":"Infoecos"},"image":{"@id":"https:\/\/infoecos.com.ar\/#\/schema\/logo\/image\/"},"sameAs":["https:\/\/www.facebook.com\/profile.php?id=100063200290284","https:\/\/x.com\/infoecos"]},{"@type":"Person","@id":"https:\/\/infoecos.com.ar\/#\/schema\/person\/8f5ace5ce73b4b4aac4b7245aee6f191","name":"Jorge Matheus","url":"https:\/\/infoecos.com.ar\/index.php\/author\/jomatheus\/"}]}},"featured_image_urls":{"full":"","thumbnail":"","medium":"","medium_large":"","large":"","1536x1536":"","2048x2048":"","covernews-slider-full":"","covernews-slider-center":"","covernews-featured":"","covernews-medium":"","covernews-medium-square":""},"author_info":{"info":["Jorge Matheus"]},"category_info":"<a href=\"https:\/\/infoecos.com.ar\/index.php\/category\/inferior1\/\" rel=\"category tag\">Bloque inferior - 1<\/a>","tag_info":"Bloque inferior - 1","comment_count":"0","_links":{"self":[{"href":"https:\/\/infoecos.com.ar\/index.php\/wp-json\/wp\/v2\/posts\/79580"}],"collection":[{"href":"https:\/\/infoecos.com.ar\/index.php\/wp-json\/wp\/v2\/posts"}],"about":[{"href":"https:\/\/infoecos.com.ar\/index.php\/wp-json\/wp\/v2\/types\/post"}],"author":[{"embeddable":true,"href":"https:\/\/infoecos.com.ar\/index.php\/wp-json\/wp\/v2\/users\/2"}],"replies":[{"embeddable":true,"href":"https:\/\/infoecos.com.ar\/index.php\/wp-json\/wp\/v2\/comments?post=79580"}],"version-history":[{"count":1,"href":"https:\/\/infoecos.com.ar\/index.php\/wp-json\/wp\/v2\/posts\/79580\/revisions"}],"predecessor-version":[{"id":79581,"href":"https:\/\/infoecos.com.ar\/index.php\/wp-json\/wp\/v2\/posts\/79580\/revisions\/79581"}],"wp:featuredmedia":[{"embeddable":true,"href":"https:\/\/infoecos.com.ar\/index.php\/wp-json\/"}],"wp:attachment":[{"href":"https:\/\/infoecos.com.ar\/index.php\/wp-json\/wp\/v2\/media?parent=79580"}],"wp:term":[{"taxonomy":"category","embeddable":true,"href":"https:\/\/infoecos.com.ar\/index.php\/wp-json\/wp\/v2\/categories?post=79580"},{"taxonomy":"post_tag","embeddable":true,"href":"https:\/\/infoecos.com.ar\/index.php\/wp-json\/wp\/v2\/tags?post=79580"}],"curies":[{"name":"wp","href":"https:\/\/api.w.org\/{rel}","templated":true}]}}