{"id":79595,"date":"2021-06-14T18:21:15","date_gmt":"2021-06-14T21:21:15","guid":{"rendered":"http:\/\/infoecos.com.ar\/?p=79595"},"modified":"2021-06-14T18:21:16","modified_gmt":"2021-06-14T21:21:16","slug":"en-la-ciudad-de-general-villegas-habra-presencialidad-en-las-escuelas-no-asi-en-piedritas-coronel-charlone-y-banderalo","status":"publish","type":"post","link":"https:\/\/infoecos.com.ar\/index.php\/en-la-ciudad-de-general-villegas-habra-presencialidad-en-las-escuelas-no-asi-en-piedritas-coronel-charlone-y-banderalo\/","title":{"rendered":"En la ciudad de General Villegas habr\u00e1 presencialidad en las escuelas, no as\u00ed en Piedritas, Coronel Charlone y Banderal\u00f3"},"content":{"rendered":"\n<p class=\"wp-block-paragraph\">El intendente municipal de General Villegas, Eduardo Campana, en el contacto semanal que mantiene con la comunidad a trav\u00e9s de las redes sociales y medios se\u00f1al\u00f3 que se inicia la presencialidad de clases pr\u00e1cticamente en todo el distrito, salvo en las localidades de Piedritas, Coronel Charlone y Banderal\u00f3 y eso est\u00e1 dado por el n\u00famero de casos. Apunt\u00f3 que hay 159 casos activos en el partido, desagregados de la siguiente manera: General Villegas 69, Banderal\u00f3 tiene 29, Coronel Charlone 15, Ca\u00f1ada Seca 12, Piedritas 17, los dem\u00e1s est\u00e1n en 1 d\u00edgito y Villa Saboya no tiene casos.<\/p>\n\n\n\n<div class=\"wp-block-image\"><figure class=\"aligncenter size-medium\"><img loading=\"lazy\" decoding=\"async\" width=\"460\" height=\"344\" src=\"http:\/\/infoecos.com.ar\/wp-content\/uploads\/2021\/03\/campana-eduardo-460x344.jpeg\" alt=\"\" class=\"wp-image-77166\" srcset=\"https:\/\/infoecos.com.ar\/wp-content\/uploads\/2021\/03\/campana-eduardo-460x344.jpeg 460w, https:\/\/infoecos.com.ar\/wp-content\/uploads\/2021\/03\/campana-eduardo-920x689.jpeg 920w, https:\/\/infoecos.com.ar\/wp-content\/uploads\/2021\/03\/campana-eduardo-768x575.jpeg 768w, https:\/\/infoecos.com.ar\/wp-content\/uploads\/2021\/03\/campana-eduardo-1024x766.jpeg 1024w, https:\/\/infoecos.com.ar\/wp-content\/uploads\/2021\/03\/campana-eduardo.jpeg 1280w\" sizes=\"auto, (max-width: 460px) 100vw, 460px\" \/><\/figure><\/div>\n\n\n\n<p class=\"wp-block-paragraph\">La cantidad de pacientes activos de COVID alcanz\u00f3 a 3.350 y de ellos hay recuperados 3.049. Campana dijo que \u00ablamentablemente tenemos 142 fallecidos y solamente estamos a la espera de 6 resultados de PCR que nosotros consideramos como sospechosos\u00bb.<\/p>\n\n\n\n<p class=\"wp-block-paragraph\">Record\u00f3 que est\u00e1 vigente el Decreto N\u00b0 852 por el que se proh\u00edbe la aglomeraci\u00f3n de personas en los espacios p\u00fablicos y para evitar la circulaci\u00f3n de personas.<\/p>\n\n\n\n<p class=\"wp-block-paragraph\">Coment\u00f3 que \u00absabemos que es muy importante el distanciamiento social y si bien los casos van disminuyendo es de manera muy lenta y hay un amesetamiento de la cantidad de casos activos. Tambi\u00e9n que hay cepas nuevas como la Delta que est\u00e1 en el pa\u00eds y quiero reiterar que las cepas importadas que tuvimos (la brit\u00e1nica, manaos y alguna de mutaci\u00f3n local), fueron las que nos ocasionaron esa gran crisis y esa ola tan tremenda que tuvimos hace unas semanas atr\u00e1s\u00bb.<\/p>\n\n\n\n<p class=\"wp-block-paragraph\">Record\u00f3 los horarios e hizo especial hincapi\u00e9 en bares y restaurantes. Podr\u00e1n trabajar con un aforo del 30 por ciento y deben ser muy cuidadosos en cuanto a los protocolos. La Fase 3 lo permite hasta las 23 horas y los deliverys hasta las 24 horas. Los comercios est\u00e1n habilitados hasta las 20 horas y la circulaci\u00f3n de las personas hasta las 24 horas. \u00a0<\/p>\n\n\n\n<p class=\"wp-block-paragraph\">Volvi\u00f3 a apelar a la comunidad, al se\u00f1alar que \u00abdebemos ser muy cuidadosos en cuanto a la circulaci\u00f3n y fundamentalmente aquellos que son esenciales y siempre respetando los protocolos en cada uno de los espacios a los que vayan\u00bb.<\/p>\n\n\n\n<p class=\"wp-block-paragraph\">Al insistir sobre la presencialidad en las escuelas, Campana expres\u00f3 que \u00absabemos que desde la Direcci\u00f3n General de Escuelas los protocolos se respetan y no hay pr\u00e1cticamente contagios, pero s\u00ed debemos ser muy cuidadosos sobre todo los padres cuando van a buscar a los chicos a las escuelas de no reunirse o aglomerarse en la puerta de las mismas\u00bb.<\/p>\n","protected":false},"excerpt":{"rendered":"<p>Apunt\u00f3 que hay 159 casos activos en el partido. General Villegas 69, Banderal\u00f3 tiene 29, Coronel Charlone 15, Ca\u00f1ada Seca 12, Piedritas 17, los dem\u00e1s est\u00e1n en 1 d\u00edgito<\/p>\n","protected":false},"author":2,"featured_media":72629,"comment_status":"closed","ping_status":"open","sticky":false,"template":"","format":"standard","meta":{"footnotes":""},"categories":[28],"tags":[3900],"class_list":["post-79595","post","type-post","status-publish","format-standard","has-post-thumbnail","hentry","category-c1nota1","tag-lo-dio-a-conocer-el-intendente"],"featured_image_urls":{"full":["https:\/\/infoecos.com.ar\/wp-content\/uploads\/2021\/01\/campana12.jpg",696,441,false],"thumbnail":["https:\/\/infoecos.com.ar\/wp-content\/uploads\/2021\/01\/campana12-150x150.jpg",150,150,true],"medium":["https:\/\/infoecos.com.ar\/wp-content\/uploads\/2021\/01\/campana12-460x291.jpg",460,291,true],"medium_large":["https:\/\/infoecos.com.ar\/wp-content\/uploads\/2021\/01\/campana12.jpg",640,406,false],"large":["https:\/\/infoecos.com.ar\/wp-content\/uploads\/2021\/01\/campana12.jpg",640,406,false],"1536x1536":["https:\/\/infoecos.com.ar\/wp-content\/uploads\/2021\/01\/campana12.jpg",696,441,false],"2048x2048":["https:\/\/infoecos.com.ar\/wp-content\/uploads\/2021\/01\/campana12.jpg",696,441,false],"covernews-slider-full":["https:\/\/infoecos.com.ar\/wp-content\/uploads\/2021\/01\/campana12.jpg",696,441,false],"covernews-slider-center":["https:\/\/infoecos.com.ar\/wp-content\/uploads\/2021\/01\/campana12.jpg",696,441,false],"covernews-featured":["https:\/\/infoecos.com.ar\/wp-content\/uploads\/2021\/01\/campana12.jpg",696,441,false],"covernews-medium":["https:\/\/infoecos.com.ar\/wp-content\/uploads\/2021\/01\/campana12-696x380.jpg",540,295,true],"covernews-medium-square":["https:\/\/infoecos.com.ar\/wp-content\/uploads\/2021\/01\/campana12-675x441.jpg",383,250,true]},"author_info":{"info":["Jorge Matheus"]},"category_info":"<a href=\"https:\/\/infoecos.com.ar\/index.php\/category\/c1nota1\/\" rel=\"category tag\">C1 N1<\/a>","tag_info":"C1 N1","comment_count":"0","_links":{"self":[{"href":"https:\/\/infoecos.com.ar\/index.php\/wp-json\/wp\/v2\/posts\/79595","targetHints":{"allow":["GET"]}}],"collection":[{"href":"https:\/\/infoecos.com.ar\/index.php\/wp-json\/wp\/v2\/posts"}],"about":[{"href":"https:\/\/infoecos.com.ar\/index.php\/wp-json\/wp\/v2\/types\/post"}],"author":[{"embeddable":true,"href":"https:\/\/infoecos.com.ar\/index.php\/wp-json\/wp\/v2\/users\/2"}],"replies":[{"embeddable":true,"href":"https:\/\/infoecos.com.ar\/index.php\/wp-json\/wp\/v2\/comments?post=79595"}],"version-history":[{"count":1,"href":"https:\/\/infoecos.com.ar\/index.php\/wp-json\/wp\/v2\/posts\/79595\/revisions"}],"predecessor-version":[{"id":79596,"href":"https:\/\/infoecos.com.ar\/index.php\/wp-json\/wp\/v2\/posts\/79595\/revisions\/79596"}],"wp:featuredmedia":[{"embeddable":true,"href":"https:\/\/infoecos.com.ar\/index.php\/wp-json\/wp\/v2\/media\/72629"}],"wp:attachment":[{"href":"https:\/\/infoecos.com.ar\/index.php\/wp-json\/wp\/v2\/media?parent=79595"}],"wp:term":[{"taxonomy":"category","embeddable":true,"href":"https:\/\/infoecos.com.ar\/index.php\/wp-json\/wp\/v2\/categories?post=79595"},{"taxonomy":"post_tag","embeddable":true,"href":"https:\/\/infoecos.com.ar\/index.php\/wp-json\/wp\/v2\/tags?post=79595"}],"curies":[{"name":"wp","href":"https:\/\/api.w.org\/{rel}","templated":true}]}}