{"id":79612,"date":"2021-06-15T01:06:18","date_gmt":"2021-06-15T04:06:18","guid":{"rendered":"http:\/\/infoecos.com.ar\/?p=79612"},"modified":"2021-06-15T01:06:19","modified_gmt":"2021-06-15T04:06:19","slug":"todos-queremos-volver-a-la-presencialidad-dijo-mirta-petrocini","status":"publish","type":"post","link":"https:\/\/infoecos.com.ar\/index.php\/todos-queremos-volver-a-la-presencialidad-dijo-mirta-petrocini\/","title":{"rendered":"\u00abTodos queremos volver a la presencialidad\u00bb, dijo Mirta Petrocini"},"content":{"rendered":"\n<p class=\"wp-block-paragraph\">La titular de la FEB, Mirta Petrocini, pidi\u00f3 que \u201cse garanticen las condiciones de cuidado y los protocolos\u201d en la vuelta a clases.<\/p>\n\n\n\n<div class=\"wp-block-image\"><figure class=\"aligncenter size-medium\"><img decoding=\"async\" src=\"http:\/\/infoecos.com.ar\/wp-content\/uploads\/0019995430-460x258.jpg\" alt=\"\" class=\"wp-image-35741\"\/><figcaption>Petrocini, Mirta<\/figcaption><\/figure><\/div>\n\n\n\n<p class=\"wp-block-paragraph\">En declaraciones a <strong>Radio Provincia<\/strong> explic\u00f3 que \u201cantes del anuncio del Gobernador, fuimos convocados para conocer la medida. Planteamos que hay que acelerar la vacunaci\u00f3n, para docentes, no docentes y continuar con los protocolos existentes\u201d.<\/p>\n\n\n\n<p class=\"wp-block-paragraph\">La titular de la Federaci\u00f3n de Educadores Bonaerenses se\u00f1al\u00f3 que \u201cest\u00e1n dadas las condiciones para volver a la presencialidad seg\u00fan las evaluaciones epidemiol\u00f3gicas realizadas por los especialistas. Debe ser cuidada y queremos que se garanticen los protocolos\u201d.<\/p>\n\n\n\n<p class=\"wp-block-paragraph\">Petrocini destac\u00f3 que \u201ctodos queremos volver a la presencialiddad, es un deseo pero hay que dimensionar el contexto con la pandemia y en un marco de resguardo\u201d.<\/p>\n","protected":false},"excerpt":{"rendered":"<p>Petrocini destac\u00f3 que \u201ctodos queremos volver a la presencialiddad, es un deseo pero hay que dimensionar el contexto con la pandemia y en un marco de resguardo\u201d<\/p>\n","protected":false},"author":2,"featured_media":35741,"comment_status":"closed","ping_status":"open","sticky":false,"template":"","format":"standard","meta":{"footnotes":""},"categories":[24],"tags":[3903],"class_list":["post-79612","post","type-post","status-publish","format-standard","has-post-thumbnail","hentry","category-c1nota3","tag-opiniones-de-la-titular-de-la-feb"],"featured_image_urls":{"full":"","thumbnail":"","medium":"","medium_large":"","large":"","1536x1536":"","2048x2048":"","covernews-slider-full":"","covernews-slider-center":"","covernews-featured":"","covernews-medium":"","covernews-medium-square":""},"author_info":{"info":["Jorge Matheus"]},"category_info":"<a href=\"https:\/\/infoecos.com.ar\/index.php\/category\/c1nota3\/\" rel=\"category tag\">C1 N3<\/a>","tag_info":"C1 N3","comment_count":"0","_links":{"self":[{"href":"https:\/\/infoecos.com.ar\/index.php\/wp-json\/wp\/v2\/posts\/79612","targetHints":{"allow":["GET"]}}],"collection":[{"href":"https:\/\/infoecos.com.ar\/index.php\/wp-json\/wp\/v2\/posts"}],"about":[{"href":"https:\/\/infoecos.com.ar\/index.php\/wp-json\/wp\/v2\/types\/post"}],"author":[{"embeddable":true,"href":"https:\/\/infoecos.com.ar\/index.php\/wp-json\/wp\/v2\/users\/2"}],"replies":[{"embeddable":true,"href":"https:\/\/infoecos.com.ar\/index.php\/wp-json\/wp\/v2\/comments?post=79612"}],"version-history":[{"count":1,"href":"https:\/\/infoecos.com.ar\/index.php\/wp-json\/wp\/v2\/posts\/79612\/revisions"}],"predecessor-version":[{"id":79613,"href":"https:\/\/infoecos.com.ar\/index.php\/wp-json\/wp\/v2\/posts\/79612\/revisions\/79613"}],"wp:attachment":[{"href":"https:\/\/infoecos.com.ar\/index.php\/wp-json\/wp\/v2\/media?parent=79612"}],"wp:term":[{"taxonomy":"category","embeddable":true,"href":"https:\/\/infoecos.com.ar\/index.php\/wp-json\/wp\/v2\/categories?post=79612"},{"taxonomy":"post_tag","embeddable":true,"href":"https:\/\/infoecos.com.ar\/index.php\/wp-json\/wp\/v2\/tags?post=79612"}],"curies":[{"name":"wp","href":"https:\/\/api.w.org\/{rel}","templated":true}]}}