{"id":79628,"date":"2021-06-15T01:56:32","date_gmt":"2021-06-15T04:56:32","guid":{"rendered":"http:\/\/infoecos.com.ar\/?p=79628"},"modified":"2021-06-15T01:56:33","modified_gmt":"2021-06-15T04:56:33","slug":"con-una-partida-de-934-200-dosis-recibidas-en-el-dia-de-ayer-argentina-ya-supero-las-20-millones-de-dosis","status":"publish","type":"post","link":"https:\/\/infoecos.com.ar\/index.php\/con-una-partida-de-934-200-dosis-recibidas-en-el-dia-de-ayer-argentina-ya-supero-las-20-millones-de-dosis\/","title":{"rendered":"Con una partida de 934.200 dosis recibidas en el d\u00eda de ayer Argentina ya super\u00f3 las 20 millones de dosis"},"content":{"rendered":"\n<p class=\"wp-block-paragraph\">Una&nbsp;<strong>partida con 934.200 dosis de la vacuna AstraZeneca elaboradas con el principio activo producido en la Argentina llegaron esta tarde a Buenos Aires desde Estados Unidos<\/strong>, con lo que el pa\u00eds super\u00f3 las 20 millones de dosis recibidas para su plan de inmunizaci\u00f3n.<\/p>\n\n\n\n<div class=\"wp-block-image\"><figure class=\"aligncenter size-medium\"><img loading=\"lazy\" decoding=\"async\" width=\"460\" height=\"259\" src=\"http:\/\/infoecos.com.ar\/wp-content\/uploads\/2021\/06\/FERNANDEZRECIBEVACUNAS-460x259.jpg\" alt=\"\" class=\"wp-image-79629\" srcset=\"https:\/\/infoecos.com.ar\/wp-content\/uploads\/2021\/06\/FERNANDEZRECIBEVACUNAS-460x259.jpg 460w, https:\/\/infoecos.com.ar\/wp-content\/uploads\/2021\/06\/FERNANDEZRECIBEVACUNAS-920x518.jpg 920w, https:\/\/infoecos.com.ar\/wp-content\/uploads\/2021\/06\/FERNANDEZRECIBEVACUNAS-768x432.jpg 768w, https:\/\/infoecos.com.ar\/wp-content\/uploads\/2021\/06\/FERNANDEZRECIBEVACUNAS.jpg 1004w\" sizes=\"auto, (max-width: 460px) 100vw, 460px\" \/><\/figure><\/div>\n\n\n\n<p class=\"wp-block-paragraph\">El presidente&nbsp;<strong>Alberto Fern\u00e1ndez<\/strong>&nbsp;encabez\u00f3 la comitiva que recibi\u00f3 el nuevo cargamento de vacunas en el aeropuerto de Ezeiza, junto a la ministra de Salud,&nbsp;<strong>Carla Vizzotti<\/strong>; el jefe de Gabinete,&nbsp;<strong>Santiago Cafiero<\/strong>, y la asesora presidencial,&nbsp;<strong>Cecilia Nicolini<\/strong>.<\/p>\n\n\n\n<p class=\"wp-block-paragraph\"><strong>\u00abLa vacunaci\u00f3n es la puerta de entrada a la vida. As\u00ed superaremos la pandemia y volveremos a crecer creando trabajo en todo el pa\u00eds\u00bb<\/strong>, destac\u00f3 el mandatario desde sus redes sociales.<\/p>\n\n\n\n<p class=\"wp-block-paragraph\">Fern\u00e1ndez rese\u00f1o que&nbsp;<strong>Argentina \u00abya cuenta con m\u00e1s de 20 millones de dosis de vacunas<\/strong>, tras la llegada de 934.200 dosis de AstraZeneca producidas en conjunto con M\u00e9xico\u00bb.<\/p>\n\n\n\n<p class=\"wp-block-paragraph\"><strong>El vuelo UC1407 de la compa\u00f1\u00eda Latam Cargo de Colombia aterriz\u00f3 a las 17.45 en la estaci\u00f3n a\u00e9rea.<\/strong><\/p>\n\n\n\n<p class=\"wp-block-paragraph\">El cargamento que lleg\u00f3 este lunes es el cuarto de este tipo de vacunas, que se sumar\u00e1n a las 843.600 dosis recibidas el 27 de mayo, a las 2.148.600 que arribaron el 31 y a las 811.000 que llegaron en la noche de este s\u00e1bado, en un vuelo de la compa\u00f1\u00eda Aerom\u00e9xico, directamente desde el Distrito Federal.<\/p>\n\n\n\n<figure class=\"wp-block-embed is-type-rich is-provider-twitter wp-block-embed-twitter\"><div class=\"wp-block-embed__wrapper\">\n<blockquote class=\"twitter-tweet\" data-width=\"550\" data-dnt=\"true\"><p lang=\"es\" dir=\"ltr\">Argentina ya cuenta con m\u00e1s de 20 millones de dosis de vacunas, tras la llegada de 934.200 dosis de AstraZeneca producidas en conjunto con M\u00e9xico.<br><br>La vacunaci\u00f3n es la puerta de entrada a la vida. As\u00ed superaremos la pandemia y volveremos a crecer creando trabajo en todo el pa\u00eds. <a href=\"https:\/\/t.co\/p1KyTIFDbF\">pic.twitter.com\/p1KyTIFDbF<\/a><\/p>&mdash; Alberto Fern\u00e1ndez (@alferdez) <a href=\"https:\/\/twitter.com\/alferdez\/status\/1404587695217729538?ref_src=twsrc%5Etfw\">June 14, 2021<\/a><\/blockquote><script async src=\"https:\/\/platform.twitter.com\/widgets.js\" charset=\"utf-8\"><\/script>\n<\/div><\/figure>\n","protected":false},"excerpt":{"rendered":"<p>\u00abLa vacunaci\u00f3n es la puerta de entrada a la vida. As\u00ed superaremos la pandemia y volveremos a crecer creando trabajo en todo el pa\u00eds\u00bb, destac\u00f3 el mandatario desde sus redes sociales<\/p>\n","protected":false},"author":2,"featured_media":79629,"comment_status":"closed","ping_status":"open","sticky":false,"template":"","format":"standard","meta":{"footnotes":""},"categories":[198],"tags":[3907],"class_list":["post-79628","post","type-post","status-publish","format-standard","has-post-thumbnail","hentry","category-c1nota5","tag-el-presidente-fue-a-ezeiza"],"featured_image_urls":{"full":["https:\/\/infoecos.com.ar\/wp-content\/uploads\/2021\/06\/FERNANDEZRECIBEVACUNAS.jpg",1004,565,false],"thumbnail":["https:\/\/infoecos.com.ar\/wp-content\/uploads\/2021\/06\/FERNANDEZRECIBEVACUNAS-150x150.jpg",150,150,true],"medium":["https:\/\/infoecos.com.ar\/wp-content\/uploads\/2021\/06\/FERNANDEZRECIBEVACUNAS-460x259.jpg",460,259,true],"medium_large":["https:\/\/infoecos.com.ar\/wp-content\/uploads\/2021\/06\/FERNANDEZRECIBEVACUNAS-768x432.jpg",640,360,true],"large":["https:\/\/infoecos.com.ar\/wp-content\/uploads\/2021\/06\/FERNANDEZRECIBEVACUNAS-920x518.jpg",640,360,true],"1536x1536":["https:\/\/infoecos.com.ar\/wp-content\/uploads\/2021\/06\/FERNANDEZRECIBEVACUNAS.jpg",1004,565,false],"2048x2048":["https:\/\/infoecos.com.ar\/wp-content\/uploads\/2021\/06\/FERNANDEZRECIBEVACUNAS.jpg",1004,565,false],"covernews-slider-full":["https:\/\/infoecos.com.ar\/wp-content\/uploads\/2021\/06\/FERNANDEZRECIBEVACUNAS.jpg",1004,565,false],"covernews-slider-center":["https:\/\/infoecos.com.ar\/wp-content\/uploads\/2021\/06\/FERNANDEZRECIBEVACUNAS-936x565.jpg",800,483,true],"covernews-featured":["https:\/\/infoecos.com.ar\/wp-content\/uploads\/2021\/06\/FERNANDEZRECIBEVACUNAS.jpg",1004,565,false],"covernews-medium":["https:\/\/infoecos.com.ar\/wp-content\/uploads\/2021\/06\/FERNANDEZRECIBEVACUNAS-720x380.jpg",540,285,true],"covernews-medium-square":["https:\/\/infoecos.com.ar\/wp-content\/uploads\/2021\/06\/FERNANDEZRECIBEVACUNAS-675x450.jpg",375,250,true]},"author_info":{"info":["Jorge Matheus"]},"category_info":"<a href=\"https:\/\/infoecos.com.ar\/index.php\/category\/c1nota5\/\" rel=\"category tag\">C1 nota 5<\/a>","tag_info":"C1 nota 5","comment_count":"0","_links":{"self":[{"href":"https:\/\/infoecos.com.ar\/index.php\/wp-json\/wp\/v2\/posts\/79628","targetHints":{"allow":["GET"]}}],"collection":[{"href":"https:\/\/infoecos.com.ar\/index.php\/wp-json\/wp\/v2\/posts"}],"about":[{"href":"https:\/\/infoecos.com.ar\/index.php\/wp-json\/wp\/v2\/types\/post"}],"author":[{"embeddable":true,"href":"https:\/\/infoecos.com.ar\/index.php\/wp-json\/wp\/v2\/users\/2"}],"replies":[{"embeddable":true,"href":"https:\/\/infoecos.com.ar\/index.php\/wp-json\/wp\/v2\/comments?post=79628"}],"version-history":[{"count":1,"href":"https:\/\/infoecos.com.ar\/index.php\/wp-json\/wp\/v2\/posts\/79628\/revisions"}],"predecessor-version":[{"id":79630,"href":"https:\/\/infoecos.com.ar\/index.php\/wp-json\/wp\/v2\/posts\/79628\/revisions\/79630"}],"wp:featuredmedia":[{"embeddable":true,"href":"https:\/\/infoecos.com.ar\/index.php\/wp-json\/wp\/v2\/media\/79629"}],"wp:attachment":[{"href":"https:\/\/infoecos.com.ar\/index.php\/wp-json\/wp\/v2\/media?parent=79628"}],"wp:term":[{"taxonomy":"category","embeddable":true,"href":"https:\/\/infoecos.com.ar\/index.php\/wp-json\/wp\/v2\/categories?post=79628"},{"taxonomy":"post_tag","embeddable":true,"href":"https:\/\/infoecos.com.ar\/index.php\/wp-json\/wp\/v2\/tags?post=79628"}],"curies":[{"name":"wp","href":"https:\/\/api.w.org\/{rel}","templated":true}]}}