{"id":79631,"date":"2021-06-15T01:59:51","date_gmt":"2021-06-15T04:59:51","guid":{"rendered":"http:\/\/infoecos.com.ar\/?p=79631"},"modified":"2021-06-16T01:35:19","modified_gmt":"2021-06-16T04:35:19","slug":"la-corte-bonaerense-creo-un-registro-para-el-ingreso-de-personas-travestis-transexuales-y-transgenero","status":"publish","type":"post","link":"https:\/\/infoecos.com.ar\/index.php\/la-corte-bonaerense-creo-un-registro-para-el-ingreso-de-personas-travestis-transexuales-y-transgenero\/","title":{"rendered":"La Corte bonaerense cre\u00f3 un registro para el ingreso de personas travestis, transexuales y transg\u00e9nero"},"content":{"rendered":"\n<p class=\"wp-block-paragraph\">La&nbsp;<strong>Suprema Corte de Justicia bonaerense<\/strong>&nbsp;cre\u00f3 este lunes el \u00abRegistro de aspirantes a ingresar al Poder Judicial de la Provincia de Buenos Aires, en el marco de la Ley N\u00ba 14783\u00bb, en el que se podr\u00e1n inscribir las personas&nbsp;<strong>travestis, transexuales y transg\u00e9ner<\/strong>o con inter\u00e9s de incorporarse y que re\u00fanan las condiciones de idoneidad requeridas para el cargo.<\/p>\n\n\n\n<div class=\"wp-block-image\"><figure class=\"aligncenter size-medium\"><img loading=\"lazy\" decoding=\"async\" width=\"460\" height=\"259\" src=\"http:\/\/infoecos.com.ar\/wp-content\/uploads\/2021\/06\/SCORTEBSAS-460x259.jpg\" alt=\"\" class=\"wp-image-79632\" srcset=\"https:\/\/infoecos.com.ar\/wp-content\/uploads\/2021\/06\/SCORTEBSAS-460x259.jpg 460w, https:\/\/infoecos.com.ar\/wp-content\/uploads\/2021\/06\/SCORTEBSAS-920x518.jpg 920w, https:\/\/infoecos.com.ar\/wp-content\/uploads\/2021\/06\/SCORTEBSAS-768x432.jpg 768w, https:\/\/infoecos.com.ar\/wp-content\/uploads\/2021\/06\/SCORTEBSAS.jpg 1004w\" sizes=\"auto, (max-width: 460px) 100vw, 460px\" \/><\/figure><\/div>\n\n\n\n<p class=\"wp-block-paragraph\">En los fundamentos de su decisi\u00f3n cit\u00f3 la&nbsp;<strong>Ley N\u00ba 14783&nbsp;<\/strong>y su decreto reglamentario, tratados internacionales de Derechos Humanos y los Principios de Yogyakarta sobre \u00abAplicaci\u00f3n de la Legislaci\u00f3n Internacional de Derechos Humanos en Relaci\u00f3n con la Orientaci\u00f3n Sexual y la Identidad de G\u00e9nero\u00bb.<\/p>\n\n\n\n<p class=\"wp-block-paragraph\">Para su implementaci\u00f3n, el pronunciamiento establece que la Subsecretar\u00eda de Tecnolog\u00eda Inform\u00e1tica desarrollar\u00e1 el sistema inform\u00e1tico para incorporar el formulario electr\u00f3nico de inscripci\u00f3n en el sitio web \u00ab<a href=\"http:\/\/scba.gov.ar\/\" target=\"_blank\" rel=\"noreferrer noopener\">scba.gov.ar<\/a>\u00ab.<\/p>\n\n\n\n<p class=\"wp-block-paragraph\">La Secretaria de Personal realizar\u00e1 un&nbsp;<strong>relevamiento&nbsp;<\/strong>que permita determinar el&nbsp;<strong>porcentaje de personas pertenecientes a este colectivo&nbsp;<\/strong>que se desempe\u00f1a actualmente en el Poder Judicial.<\/p>\n","protected":false},"excerpt":{"rendered":"<p>La medida se adopt\u00f3 a trav\u00e9s de la Resoluci\u00f3n SC N\u00ba 920\/21 en el que el m\u00e1ximo tribunal de justicia resolvi\u00f3 crear ese registro en la \u00f3rbita de su Secretar\u00eda de Personal<\/p>\n","protected":false},"author":2,"featured_media":79632,"comment_status":"closed","ping_status":"open","sticky":false,"template":"","format":"standard","meta":{"footnotes":""},"categories":[1325],"tags":[3908],"class_list":["post-79631","post","type-post","status-publish","format-standard","has-post-thumbnail","hentry","category-c1nota6","tag-otra-medida-de-la-corte-bonaerense"],"featured_image_urls":{"full":["https:\/\/infoecos.com.ar\/wp-content\/uploads\/2021\/06\/SCORTEBSAS.jpg",1004,565,false],"thumbnail":["https:\/\/infoecos.com.ar\/wp-content\/uploads\/2021\/06\/SCORTEBSAS-150x150.jpg",150,150,true],"medium":["https:\/\/infoecos.com.ar\/wp-content\/uploads\/2021\/06\/SCORTEBSAS-460x259.jpg",460,259,true],"medium_large":["https:\/\/infoecos.com.ar\/wp-content\/uploads\/2021\/06\/SCORTEBSAS-768x432.jpg",640,360,true],"large":["https:\/\/infoecos.com.ar\/wp-content\/uploads\/2021\/06\/SCORTEBSAS-920x518.jpg",640,360,true],"1536x1536":["https:\/\/infoecos.com.ar\/wp-content\/uploads\/2021\/06\/SCORTEBSAS.jpg",1004,565,false],"2048x2048":["https:\/\/infoecos.com.ar\/wp-content\/uploads\/2021\/06\/SCORTEBSAS.jpg",1004,565,false],"covernews-slider-full":["https:\/\/infoecos.com.ar\/wp-content\/uploads\/2021\/06\/SCORTEBSAS.jpg",1004,565,false],"covernews-slider-center":["https:\/\/infoecos.com.ar\/wp-content\/uploads\/2021\/06\/SCORTEBSAS-936x565.jpg",800,483,true],"covernews-featured":["https:\/\/infoecos.com.ar\/wp-content\/uploads\/2021\/06\/SCORTEBSAS.jpg",1004,565,false],"covernews-medium":["https:\/\/infoecos.com.ar\/wp-content\/uploads\/2021\/06\/SCORTEBSAS-720x380.jpg",540,285,true],"covernews-medium-square":["https:\/\/infoecos.com.ar\/wp-content\/uploads\/2021\/06\/SCORTEBSAS-675x450.jpg",375,250,true]},"author_info":{"info":["Jorge Matheus"]},"category_info":"<a href=\"https:\/\/infoecos.com.ar\/index.php\/category\/c1nota6\/\" rel=\"category tag\">C1 nota 6<\/a>","tag_info":"C1 nota 6","comment_count":"0","_links":{"self":[{"href":"https:\/\/infoecos.com.ar\/index.php\/wp-json\/wp\/v2\/posts\/79631","targetHints":{"allow":["GET"]}}],"collection":[{"href":"https:\/\/infoecos.com.ar\/index.php\/wp-json\/wp\/v2\/posts"}],"about":[{"href":"https:\/\/infoecos.com.ar\/index.php\/wp-json\/wp\/v2\/types\/post"}],"author":[{"embeddable":true,"href":"https:\/\/infoecos.com.ar\/index.php\/wp-json\/wp\/v2\/users\/2"}],"replies":[{"embeddable":true,"href":"https:\/\/infoecos.com.ar\/index.php\/wp-json\/wp\/v2\/comments?post=79631"}],"version-history":[{"count":1,"href":"https:\/\/infoecos.com.ar\/index.php\/wp-json\/wp\/v2\/posts\/79631\/revisions"}],"predecessor-version":[{"id":79633,"href":"https:\/\/infoecos.com.ar\/index.php\/wp-json\/wp\/v2\/posts\/79631\/revisions\/79633"}],"wp:featuredmedia":[{"embeddable":true,"href":"https:\/\/infoecos.com.ar\/index.php\/wp-json\/wp\/v2\/media\/79632"}],"wp:attachment":[{"href":"https:\/\/infoecos.com.ar\/index.php\/wp-json\/wp\/v2\/media?parent=79631"}],"wp:term":[{"taxonomy":"category","embeddable":true,"href":"https:\/\/infoecos.com.ar\/index.php\/wp-json\/wp\/v2\/categories?post=79631"},{"taxonomy":"post_tag","embeddable":true,"href":"https:\/\/infoecos.com.ar\/index.php\/wp-json\/wp\/v2\/tags?post=79631"}],"curies":[{"name":"wp","href":"https:\/\/api.w.org\/{rel}","templated":true}]}}