{"id":79639,"date":"2021-06-15T02:16:43","date_gmt":"2021-06-15T05:16:43","guid":{"rendered":"http:\/\/infoecos.com.ar\/?p=79639"},"modified":"2021-06-16T01:38:07","modified_gmt":"2021-06-16T04:38:07","slug":"el-acceso-a-monte-hermoso-esta-cerrado-por-los-proximos-15-dias-entre-las-20-y-las-6","status":"publish","type":"post","link":"https:\/\/infoecos.com.ar\/index.php\/el-acceso-a-monte-hermoso-esta-cerrado-por-los-proximos-15-dias-entre-las-20-y-las-6\/","title":{"rendered":"El acceso a Monte Hermoso est\u00e1 cerrado, por los pr\u00f3ximos 15 d\u00edas, entre las 20 y las 6"},"content":{"rendered":"\n<p>El intendente de Monte Hermoso, Alejandro Dichiara, manifest\u00f3 que por el momento el acceso a la ciudad  balnearia permanecer\u00e1 cerrado de 20 a 6 todos los d\u00edas, y aclar\u00f3 que si la situaci\u00f3n sanitaria tiende a complicarse, se tomar\u00e1n \u201clas medidas que sean necesarias\u201d.<\/p>\n\n\n\n<p>Adem\u00e1s, reconoci\u00f3 que pese a las restricciones sanitarias en todo el pa\u00eds, el fin de semana hubo mucha gente de visita en el balneario, un hecho que destac\u00f3 como \u201cuna gran irresponsabilidad\u201d.<\/p>\n\n\n\n<div class=\"wp-block-image\"><figure class=\"aligncenter size-medium\"><img loading=\"lazy\" decoding=\"async\" width=\"460\" height=\"258\" src=\"http:\/\/infoecos.com.ar\/wp-content\/uploads\/20200718124526_1595080021693-460x258.jpg\" alt=\"\" class=\"wp-image-64849\" srcset=\"https:\/\/infoecos.com.ar\/wp-content\/uploads\/20200718124526_1595080021693-460x258.jpg 460w, https:\/\/infoecos.com.ar\/wp-content\/uploads\/20200718124526_1595080021693-768x430.jpg 768w, https:\/\/infoecos.com.ar\/wp-content\/uploads\/20200718124526_1595080021693.jpg 880w\" sizes=\"(max-width: 460px) 100vw, 460px\" \/><\/figure><\/div>\n\n\n\n<p>El jefe comunal explic\u00f3 que las restricciones en el acceso se dar\u00e1n en los pr\u00f3ximos 15 d\u00edas, y que quienes quieran ingresar o salir del balneario entre las 20 y las 6, no podr\u00e1n hacerlo.<\/p>\n\n\n\n<p>\u201cEn los dem\u00e1s horarios, ser\u00e1 libre. Lamentablemente, el \u00faltimo fin de semana vimos un&nbsp;movimiento inusual y nos damos cuenta que hay una irresponsabilidad bastante grande por parte de la gente de la zona en general. No hay siquiera una posibilidad de que se habiliten los viajes de turismo, entonces no se puede venir a hacerlo a menos que haya una situaci\u00f3n especial\u201d, advirti\u00f3.<\/p>\n\n\n\n<p>\u201cDespu\u00e9s, los malos de la pel\u00edcula somos los que cerramos la entrada de Monte Hermoso\u201d, a\u00f1adi\u00f3.<\/p>\n\n\n\n<p>Dichiara record\u00f3 que la baja de fase se da a partir de una decisi\u00f3n del jefe de Gabinete de Ministros bonaerense, Carlos Bianco, a partir de un pedido especial de la comuna.<\/p>\n","protected":false},"excerpt":{"rendered":"<p>Dichiara record\u00f3 que la baja de fase se da a partir de una decisi\u00f3n del jefe de Gabinete de Ministros bonaerense, Carlos Bianco, a partir de un pedido especial de la comuna<\/p>\n","protected":false},"author":2,"featured_media":64849,"comment_status":"closed","ping_status":"open","sticky":false,"template":"","format":"standard","meta":{"footnotes":""},"categories":[43],"tags":[3637],"class_list":["post-79639","post","type-post","status-publish","format-standard","has-post-thumbnail","hentry","category-inferior4","tag-declaraciones-del-intendente"],"yoast_head":"<!-- This site is optimized with the Yoast SEO plugin v23.4 - https:\/\/yoast.com\/wordpress\/plugins\/seo\/ -->\n<title>El acceso a Monte Hermoso est\u00e1 cerrado, por los pr\u00f3ximos 15 d\u00edas, entre las 20 y las 6 - Infoecos<\/title>\n<meta name=\"robots\" content=\"index, follow, max-snippet:-1, max-image-preview:large, max-video-preview:-1\" \/>\n<link rel=\"canonical\" href=\"https:\/\/infoecos.com.ar\/index.php\/el-acceso-a-monte-hermoso-esta-cerrado-por-los-proximos-15-dias-entre-las-20-y-las-6\/\" \/>\n<meta property=\"og:locale\" content=\"es_ES\" \/>\n<meta property=\"og:type\" content=\"article\" \/>\n<meta property=\"og:title\" content=\"El acceso a Monte Hermoso est\u00e1 cerrado, por los pr\u00f3ximos 15 d\u00edas, entre las 20 y las 6 - Infoecos\" \/>\n<meta property=\"og:description\" content=\"Dichiara record\u00f3 que la baja de fase se da a partir de una decisi\u00f3n del jefe de Gabinete de Ministros bonaerense, Carlos Bianco, a partir de un pedido especial de la comuna\" \/>\n<meta property=\"og:url\" content=\"https:\/\/infoecos.com.ar\/index.php\/el-acceso-a-monte-hermoso-esta-cerrado-por-los-proximos-15-dias-entre-las-20-y-las-6\/\" \/>\n<meta property=\"og:site_name\" content=\"Infoecos\" \/>\n<meta property=\"article:publisher\" content=\"https:\/\/www.facebook.com\/profile.php?id=100063200290284\" \/>\n<meta property=\"article:published_time\" content=\"2021-06-15T05:16:43+00:00\" \/>\n<meta property=\"article:modified_time\" content=\"2021-06-16T04:38:07+00:00\" \/>\n<meta property=\"og:image\" content=\"https:\/\/infoecos.com.ar\/wp-content\/uploads\/20200718124526_1595080021693.jpg\" \/>\n\t<meta property=\"og:image:width\" content=\"880\" \/>\n\t<meta property=\"og:image:height\" content=\"493\" \/>\n\t<meta property=\"og:image:type\" content=\"image\/jpeg\" \/>\n<meta name=\"author\" content=\"Jorge Matheus\" \/>\n<meta name=\"twitter:card\" content=\"summary_large_image\" \/>\n<meta name=\"twitter:creator\" content=\"@infoecos\" \/>\n<meta name=\"twitter:site\" content=\"@infoecos\" \/>\n<meta name=\"twitter:label1\" content=\"Escrito por\" \/>\n\t<meta name=\"twitter:data1\" content=\"Jorge Matheus\" \/>\n\t<meta name=\"twitter:label2\" content=\"Tiempo de lectura\" \/>\n\t<meta name=\"twitter:data2\" content=\"1 minuto\" \/>\n<script type=\"application\/ld+json\" class=\"yoast-schema-graph\">{\"@context\":\"https:\/\/schema.org\",\"@graph\":[{\"@type\":\"Article\",\"@id\":\"https:\/\/infoecos.com.ar\/index.php\/el-acceso-a-monte-hermoso-esta-cerrado-por-los-proximos-15-dias-entre-las-20-y-las-6\/#article\",\"isPartOf\":{\"@id\":\"https:\/\/infoecos.com.ar\/index.php\/el-acceso-a-monte-hermoso-esta-cerrado-por-los-proximos-15-dias-entre-las-20-y-las-6\/\"},\"author\":{\"name\":\"Jorge Matheus\",\"@id\":\"https:\/\/infoecos.com.ar\/#\/schema\/person\/8f5ace5ce73b4b4aac4b7245aee6f191\"},\"headline\":\"El acceso a Monte Hermoso est\u00e1 cerrado, por los pr\u00f3ximos 15 d\u00edas, entre las 20 y las 6\",\"datePublished\":\"2021-06-15T05:16:43+00:00\",\"dateModified\":\"2021-06-16T04:38:07+00:00\",\"mainEntityOfPage\":{\"@id\":\"https:\/\/infoecos.com.ar\/index.php\/el-acceso-a-monte-hermoso-esta-cerrado-por-los-proximos-15-dias-entre-las-20-y-las-6\/\"},\"wordCount\":251,\"publisher\":{\"@id\":\"https:\/\/infoecos.com.ar\/#organization\"},\"image\":{\"@id\":\"https:\/\/infoecos.com.ar\/index.php\/el-acceso-a-monte-hermoso-esta-cerrado-por-los-proximos-15-dias-entre-las-20-y-las-6\/#primaryimage\"},\"thumbnailUrl\":\"https:\/\/infoecos.com.ar\/wp-content\/uploads\/20200718124526_1595080021693.jpg\",\"keywords\":[\"DECLARACIONES DEL INTENDENTE\"],\"articleSection\":[\"Bloque inferior - 4\"],\"inLanguage\":\"es\"},{\"@type\":\"WebPage\",\"@id\":\"https:\/\/infoecos.com.ar\/index.php\/el-acceso-a-monte-hermoso-esta-cerrado-por-los-proximos-15-dias-entre-las-20-y-las-6\/\",\"url\":\"https:\/\/infoecos.com.ar\/index.php\/el-acceso-a-monte-hermoso-esta-cerrado-por-los-proximos-15-dias-entre-las-20-y-las-6\/\",\"name\":\"El acceso a Monte Hermoso est\u00e1 cerrado, por los pr\u00f3ximos 15 d\u00edas, entre las 20 y las 6 - Infoecos\",\"isPartOf\":{\"@id\":\"https:\/\/infoecos.com.ar\/#website\"},\"primaryImageOfPage\":{\"@id\":\"https:\/\/infoecos.com.ar\/index.php\/el-acceso-a-monte-hermoso-esta-cerrado-por-los-proximos-15-dias-entre-las-20-y-las-6\/#primaryimage\"},\"image\":{\"@id\":\"https:\/\/infoecos.com.ar\/index.php\/el-acceso-a-monte-hermoso-esta-cerrado-por-los-proximos-15-dias-entre-las-20-y-las-6\/#primaryimage\"},\"thumbnailUrl\":\"https:\/\/infoecos.com.ar\/wp-content\/uploads\/20200718124526_1595080021693.jpg\",\"datePublished\":\"2021-06-15T05:16:43+00:00\",\"dateModified\":\"2021-06-16T04:38:07+00:00\",\"breadcrumb\":{\"@id\":\"https:\/\/infoecos.com.ar\/index.php\/el-acceso-a-monte-hermoso-esta-cerrado-por-los-proximos-15-dias-entre-las-20-y-las-6\/#breadcrumb\"},\"inLanguage\":\"es\",\"potentialAction\":[{\"@type\":\"ReadAction\",\"target\":[\"https:\/\/infoecos.com.ar\/index.php\/el-acceso-a-monte-hermoso-esta-cerrado-por-los-proximos-15-dias-entre-las-20-y-las-6\/\"]}]},{\"@type\":\"ImageObject\",\"inLanguage\":\"es\",\"@id\":\"https:\/\/infoecos.com.ar\/index.php\/el-acceso-a-monte-hermoso-esta-cerrado-por-los-proximos-15-dias-entre-las-20-y-las-6\/#primaryimage\",\"url\":\"https:\/\/infoecos.com.ar\/wp-content\/uploads\/20200718124526_1595080021693.jpg\",\"contentUrl\":\"https:\/\/infoecos.com.ar\/wp-content\/uploads\/20200718124526_1595080021693.jpg\",\"width\":880,\"height\":493},{\"@type\":\"BreadcrumbList\",\"@id\":\"https:\/\/infoecos.com.ar\/index.php\/el-acceso-a-monte-hermoso-esta-cerrado-por-los-proximos-15-dias-entre-las-20-y-las-6\/#breadcrumb\",\"itemListElement\":[{\"@type\":\"ListItem\",\"position\":1,\"name\":\"Portada\",\"item\":\"https:\/\/infoecos.com.ar\/\"},{\"@type\":\"ListItem\",\"position\":2,\"name\":\"El acceso a Monte Hermoso est\u00e1 cerrado, por los pr\u00f3ximos 15 d\u00edas, entre las 20 y las 6\"}]},{\"@type\":\"WebSite\",\"@id\":\"https:\/\/infoecos.com.ar\/#website\",\"url\":\"https:\/\/infoecos.com.ar\/\",\"name\":\"Infoecos\",\"description\":\"Noticias de trenque lauquen y la zona\",\"publisher\":{\"@id\":\"https:\/\/infoecos.com.ar\/#organization\"},\"alternateName\":\"Noticias\",\"potentialAction\":[{\"@type\":\"SearchAction\",\"target\":{\"@type\":\"EntryPoint\",\"urlTemplate\":\"https:\/\/infoecos.com.ar\/?s={search_term_string}\"},\"query-input\":{\"@type\":\"PropertyValueSpecification\",\"valueRequired\":true,\"valueName\":\"search_term_string\"}}],\"inLanguage\":\"es\"},{\"@type\":\"Organization\",\"@id\":\"https:\/\/infoecos.com.ar\/#organization\",\"name\":\"Infoecos\",\"alternateName\":\"Noticias\",\"url\":\"https:\/\/infoecos.com.ar\/\",\"logo\":{\"@type\":\"ImageObject\",\"inLanguage\":\"es\",\"@id\":\"https:\/\/infoecos.com.ar\/#\/schema\/logo\/image\/\",\"url\":\"https:\/\/infoecos.com.ar\/wp-content\/uploads\/2024\/03\/cropped-logo.png\",\"contentUrl\":\"https:\/\/infoecos.com.ar\/wp-content\/uploads\/2024\/03\/cropped-logo.png\",\"width\":374,\"height\":90,\"caption\":\"Infoecos\"},\"image\":{\"@id\":\"https:\/\/infoecos.com.ar\/#\/schema\/logo\/image\/\"},\"sameAs\":[\"https:\/\/www.facebook.com\/profile.php?id=100063200290284\",\"https:\/\/x.com\/infoecos\"]},{\"@type\":\"Person\",\"@id\":\"https:\/\/infoecos.com.ar\/#\/schema\/person\/8f5ace5ce73b4b4aac4b7245aee6f191\",\"name\":\"Jorge Matheus\",\"url\":\"https:\/\/infoecos.com.ar\/index.php\/author\/jomatheus\/\"}]}<\/script>\n<!-- \/ Yoast SEO plugin. -->","yoast_head_json":{"title":"El acceso a Monte Hermoso est\u00e1 cerrado, por los pr\u00f3ximos 15 d\u00edas, entre las 20 y las 6 - Infoecos","robots":{"index":"index","follow":"follow","max-snippet":"max-snippet:-1","max-image-preview":"max-image-preview:large","max-video-preview":"max-video-preview:-1"},"canonical":"https:\/\/infoecos.com.ar\/index.php\/el-acceso-a-monte-hermoso-esta-cerrado-por-los-proximos-15-dias-entre-las-20-y-las-6\/","og_locale":"es_ES","og_type":"article","og_title":"El acceso a Monte Hermoso est\u00e1 cerrado, por los pr\u00f3ximos 15 d\u00edas, entre las 20 y las 6 - Infoecos","og_description":"Dichiara record\u00f3 que la baja de fase se da a partir de una decisi\u00f3n del jefe de Gabinete de Ministros bonaerense, Carlos Bianco, a partir de un pedido especial de la comuna","og_url":"https:\/\/infoecos.com.ar\/index.php\/el-acceso-a-monte-hermoso-esta-cerrado-por-los-proximos-15-dias-entre-las-20-y-las-6\/","og_site_name":"Infoecos","article_publisher":"https:\/\/www.facebook.com\/profile.php?id=100063200290284","article_published_time":"2021-06-15T05:16:43+00:00","article_modified_time":"2021-06-16T04:38:07+00:00","og_image":[{"width":880,"height":493,"url":"https:\/\/infoecos.com.ar\/wp-content\/uploads\/20200718124526_1595080021693.jpg","type":"image\/jpeg"}],"author":"Jorge Matheus","twitter_card":"summary_large_image","twitter_creator":"@infoecos","twitter_site":"@infoecos","twitter_misc":{"Escrito por":"Jorge Matheus","Tiempo de lectura":"1 minuto"},"schema":{"@context":"https:\/\/schema.org","@graph":[{"@type":"Article","@id":"https:\/\/infoecos.com.ar\/index.php\/el-acceso-a-monte-hermoso-esta-cerrado-por-los-proximos-15-dias-entre-las-20-y-las-6\/#article","isPartOf":{"@id":"https:\/\/infoecos.com.ar\/index.php\/el-acceso-a-monte-hermoso-esta-cerrado-por-los-proximos-15-dias-entre-las-20-y-las-6\/"},"author":{"name":"Jorge Matheus","@id":"https:\/\/infoecos.com.ar\/#\/schema\/person\/8f5ace5ce73b4b4aac4b7245aee6f191"},"headline":"El acceso a Monte Hermoso est\u00e1 cerrado, por los pr\u00f3ximos 15 d\u00edas, entre las 20 y las 6","datePublished":"2021-06-15T05:16:43+00:00","dateModified":"2021-06-16T04:38:07+00:00","mainEntityOfPage":{"@id":"https:\/\/infoecos.com.ar\/index.php\/el-acceso-a-monte-hermoso-esta-cerrado-por-los-proximos-15-dias-entre-las-20-y-las-6\/"},"wordCount":251,"publisher":{"@id":"https:\/\/infoecos.com.ar\/#organization"},"image":{"@id":"https:\/\/infoecos.com.ar\/index.php\/el-acceso-a-monte-hermoso-esta-cerrado-por-los-proximos-15-dias-entre-las-20-y-las-6\/#primaryimage"},"thumbnailUrl":"https:\/\/infoecos.com.ar\/wp-content\/uploads\/20200718124526_1595080021693.jpg","keywords":["DECLARACIONES DEL INTENDENTE"],"articleSection":["Bloque inferior - 4"],"inLanguage":"es"},{"@type":"WebPage","@id":"https:\/\/infoecos.com.ar\/index.php\/el-acceso-a-monte-hermoso-esta-cerrado-por-los-proximos-15-dias-entre-las-20-y-las-6\/","url":"https:\/\/infoecos.com.ar\/index.php\/el-acceso-a-monte-hermoso-esta-cerrado-por-los-proximos-15-dias-entre-las-20-y-las-6\/","name":"El acceso a Monte Hermoso est\u00e1 cerrado, por los pr\u00f3ximos 15 d\u00edas, entre las 20 y las 6 - Infoecos","isPartOf":{"@id":"https:\/\/infoecos.com.ar\/#website"},"primaryImageOfPage":{"@id":"https:\/\/infoecos.com.ar\/index.php\/el-acceso-a-monte-hermoso-esta-cerrado-por-los-proximos-15-dias-entre-las-20-y-las-6\/#primaryimage"},"image":{"@id":"https:\/\/infoecos.com.ar\/index.php\/el-acceso-a-monte-hermoso-esta-cerrado-por-los-proximos-15-dias-entre-las-20-y-las-6\/#primaryimage"},"thumbnailUrl":"https:\/\/infoecos.com.ar\/wp-content\/uploads\/20200718124526_1595080021693.jpg","datePublished":"2021-06-15T05:16:43+00:00","dateModified":"2021-06-16T04:38:07+00:00","breadcrumb":{"@id":"https:\/\/infoecos.com.ar\/index.php\/el-acceso-a-monte-hermoso-esta-cerrado-por-los-proximos-15-dias-entre-las-20-y-las-6\/#breadcrumb"},"inLanguage":"es","potentialAction":[{"@type":"ReadAction","target":["https:\/\/infoecos.com.ar\/index.php\/el-acceso-a-monte-hermoso-esta-cerrado-por-los-proximos-15-dias-entre-las-20-y-las-6\/"]}]},{"@type":"ImageObject","inLanguage":"es","@id":"https:\/\/infoecos.com.ar\/index.php\/el-acceso-a-monte-hermoso-esta-cerrado-por-los-proximos-15-dias-entre-las-20-y-las-6\/#primaryimage","url":"https:\/\/infoecos.com.ar\/wp-content\/uploads\/20200718124526_1595080021693.jpg","contentUrl":"https:\/\/infoecos.com.ar\/wp-content\/uploads\/20200718124526_1595080021693.jpg","width":880,"height":493},{"@type":"BreadcrumbList","@id":"https:\/\/infoecos.com.ar\/index.php\/el-acceso-a-monte-hermoso-esta-cerrado-por-los-proximos-15-dias-entre-las-20-y-las-6\/#breadcrumb","itemListElement":[{"@type":"ListItem","position":1,"name":"Portada","item":"https:\/\/infoecos.com.ar\/"},{"@type":"ListItem","position":2,"name":"El acceso a Monte Hermoso est\u00e1 cerrado, por los pr\u00f3ximos 15 d\u00edas, entre las 20 y las 6"}]},{"@type":"WebSite","@id":"https:\/\/infoecos.com.ar\/#website","url":"https:\/\/infoecos.com.ar\/","name":"Infoecos","description":"Noticias de trenque lauquen y la zona","publisher":{"@id":"https:\/\/infoecos.com.ar\/#organization"},"alternateName":"Noticias","potentialAction":[{"@type":"SearchAction","target":{"@type":"EntryPoint","urlTemplate":"https:\/\/infoecos.com.ar\/?s={search_term_string}"},"query-input":{"@type":"PropertyValueSpecification","valueRequired":true,"valueName":"search_term_string"}}],"inLanguage":"es"},{"@type":"Organization","@id":"https:\/\/infoecos.com.ar\/#organization","name":"Infoecos","alternateName":"Noticias","url":"https:\/\/infoecos.com.ar\/","logo":{"@type":"ImageObject","inLanguage":"es","@id":"https:\/\/infoecos.com.ar\/#\/schema\/logo\/image\/","url":"https:\/\/infoecos.com.ar\/wp-content\/uploads\/2024\/03\/cropped-logo.png","contentUrl":"https:\/\/infoecos.com.ar\/wp-content\/uploads\/2024\/03\/cropped-logo.png","width":374,"height":90,"caption":"Infoecos"},"image":{"@id":"https:\/\/infoecos.com.ar\/#\/schema\/logo\/image\/"},"sameAs":["https:\/\/www.facebook.com\/profile.php?id=100063200290284","https:\/\/x.com\/infoecos"]},{"@type":"Person","@id":"https:\/\/infoecos.com.ar\/#\/schema\/person\/8f5ace5ce73b4b4aac4b7245aee6f191","name":"Jorge Matheus","url":"https:\/\/infoecos.com.ar\/index.php\/author\/jomatheus\/"}]}},"featured_image_urls":{"full":["https:\/\/infoecos.com.ar\/wp-content\/uploads\/20200718124526_1595080021693.jpg",880,493,false],"thumbnail":["https:\/\/infoecos.com.ar\/wp-content\/uploads\/20200718124526_1595080021693-150x150.jpg",150,150,true],"medium":["https:\/\/infoecos.com.ar\/wp-content\/uploads\/20200718124526_1595080021693-460x258.jpg",460,258,true],"medium_large":["https:\/\/infoecos.com.ar\/wp-content\/uploads\/20200718124526_1595080021693-768x430.jpg",640,358,true],"large":["https:\/\/infoecos.com.ar\/wp-content\/uploads\/20200718124526_1595080021693.jpg",640,359,false],"1536x1536":["https:\/\/infoecos.com.ar\/wp-content\/uploads\/20200718124526_1595080021693.jpg",880,493,false],"2048x2048":["https:\/\/infoecos.com.ar\/wp-content\/uploads\/20200718124526_1595080021693.jpg",880,493,false],"covernews-slider-full":["https:\/\/infoecos.com.ar\/wp-content\/uploads\/20200718124526_1595080021693.jpg",880,493,false],"covernews-slider-center":["https:\/\/infoecos.com.ar\/wp-content\/uploads\/20200718124526_1595080021693.jpg",800,448,false],"covernews-featured":["https:\/\/infoecos.com.ar\/wp-content\/uploads\/20200718124526_1595080021693.jpg",880,493,false],"covernews-medium":["https:\/\/infoecos.com.ar\/wp-content\/uploads\/20200718124526_1595080021693-720x380.jpg",540,285,true],"covernews-medium-square":["https:\/\/infoecos.com.ar\/wp-content\/uploads\/20200718124526_1595080021693-675x450.jpg",375,250,true]},"author_info":{"info":["Jorge Matheus"]},"category_info":"<a href=\"https:\/\/infoecos.com.ar\/index.php\/category\/inferior4\/\" rel=\"category tag\">Bloque inferior - 4<\/a>","tag_info":"Bloque inferior - 4","comment_count":"0","_links":{"self":[{"href":"https:\/\/infoecos.com.ar\/index.php\/wp-json\/wp\/v2\/posts\/79639"}],"collection":[{"href":"https:\/\/infoecos.com.ar\/index.php\/wp-json\/wp\/v2\/posts"}],"about":[{"href":"https:\/\/infoecos.com.ar\/index.php\/wp-json\/wp\/v2\/types\/post"}],"author":[{"embeddable":true,"href":"https:\/\/infoecos.com.ar\/index.php\/wp-json\/wp\/v2\/users\/2"}],"replies":[{"embeddable":true,"href":"https:\/\/infoecos.com.ar\/index.php\/wp-json\/wp\/v2\/comments?post=79639"}],"version-history":[{"count":1,"href":"https:\/\/infoecos.com.ar\/index.php\/wp-json\/wp\/v2\/posts\/79639\/revisions"}],"predecessor-version":[{"id":79640,"href":"https:\/\/infoecos.com.ar\/index.php\/wp-json\/wp\/v2\/posts\/79639\/revisions\/79640"}],"wp:featuredmedia":[{"embeddable":true,"href":"https:\/\/infoecos.com.ar\/index.php\/wp-json\/wp\/v2\/media\/64849"}],"wp:attachment":[{"href":"https:\/\/infoecos.com.ar\/index.php\/wp-json\/wp\/v2\/media?parent=79639"}],"wp:term":[{"taxonomy":"category","embeddable":true,"href":"https:\/\/infoecos.com.ar\/index.php\/wp-json\/wp\/v2\/categories?post=79639"},{"taxonomy":"post_tag","embeddable":true,"href":"https:\/\/infoecos.com.ar\/index.php\/wp-json\/wp\/v2\/tags?post=79639"}],"curies":[{"name":"wp","href":"https:\/\/api.w.org\/{rel}","templated":true}]}}